{"id":970,"date":"2017-12-15T10:17:48","date_gmt":"2017-12-15T09:17:48","guid":{"rendered":"http:\/\/blogg.nykoping.se\/toleransprojektet\/?p=970"},"modified":"2017-12-15T10:17:48","modified_gmt":"2017-12-15T09:17:48","slug":"femte-traffen-karlek-och-altruism","status":"publish","type":"post","link":"https:\/\/blogg.nykoping.se\/toleransprojektet\/2017\/12\/15\/femte-traffen-karlek-och-altruism\/","title":{"rendered":"Femte tr\u00e4ffen: K\u00e4rlek och altruism"},"content":{"rendered":"<p><img loading=\"lazy\" decoding=\"async\" class=\"alignnone size-full wp-image-1008\" src=\"http:\/\/blogg.nykoping.se\/toleransprojektet\/wp-content\/uploads\/sites\/51\/2017\/12\/IMG_5146.jpg\" alt=\"\" width=\"3918\" height=\"2938\" srcset=\"https:\/\/blogg.nykoping.se\/toleransprojektet\/wp-content\/uploads\/sites\/51\/2017\/12\/IMG_5146.jpg 3918w, https:\/\/blogg.nykoping.se\/toleransprojektet\/wp-content\/uploads\/sites\/51\/2017\/12\/IMG_5146-1024x768.jpg 1024w, https:\/\/blogg.nykoping.se\/toleransprojektet\/wp-content\/uploads\/sites\/51\/2017\/12\/IMG_5146-768x576.jpg 768w\" sizes=\"auto, (max-width: 3918px) 100vw, 3918px\" \/><\/p>\n<p>Det femte temat f\u00f6r v\u00e5r f\u00f6rsta termin med Toleransprojektet var: K\u00c4RLEK och ALTRUISM. Eleverna kom mentalt och konkret f\u00f6rberedda eftersom dagens l\u00e4xa var att skriva en text som handlade om just k\u00e4rlek.<\/p>\n<p>Men vi inledde morgonen med att f\u00f6lja upp \u00f6vernattningens brevskrivande till 93-\u00e5riga Emerich Roth genom att Malin h\u00f6gl\u00e4ste n\u00e5gra av dessa brev samt ett svar fr\u00e5n Emerich till eleverna. Detta svar f\u00e5r ett alldeles eget blogginl\u00e4gg.<\/p>\n<p>Som vanligt mjukade vi ocks\u00e5 upp oss med ett antal gymnastiska \u00f6vningar som gav bra energi inf\u00f6r den inneh\u00e5llsrika dagen.<\/p>\n<div id='gallery-1' class='gallery galleryid-970 gallery-columns-3 gallery-size-thumbnail'><figure class='gallery-item'>\n\t\t\t<div class='gallery-icon landscape'>\n\t\t\t\t<a href='https:\/\/blogg.nykoping.se\/toleransprojektet\/img_4771\/'><img loading=\"lazy\" decoding=\"async\" width=\"150\" height=\"150\" src=\"https:\/\/blogg.nykoping.se\/toleransprojektet\/wp-content\/uploads\/sites\/51\/2017\/12\/IMG_4771-150x150.jpg\" class=\"attachment-thumbnail size-thumbnail\" alt=\"\" \/><\/a>\n\t\t\t<\/div><\/figure><figure class='gallery-item'>\n\t\t\t<div class='gallery-icon landscape'>\n\t\t\t\t<a href='https:\/\/blogg.nykoping.se\/toleransprojektet\/img_5017\/'><img loading=\"lazy\" decoding=\"async\" width=\"150\" height=\"150\" src=\"https:\/\/blogg.nykoping.se\/toleransprojektet\/wp-content\/uploads\/sites\/51\/2017\/12\/IMG_5017-150x150.jpg\" class=\"attachment-thumbnail size-thumbnail\" alt=\"\" \/><\/a>\n\t\t\t<\/div><\/figure><figure class='gallery-item'>\n\t\t\t<div class='gallery-icon landscape'>\n\t\t\t\t<a href='https:\/\/blogg.nykoping.se\/toleransprojektet\/img_5098\/'><img loading=\"lazy\" decoding=\"async\" width=\"150\" height=\"150\" src=\"https:\/\/blogg.nykoping.se\/toleransprojektet\/wp-content\/uploads\/sites\/51\/2017\/12\/IMG_5098-150x150.jpg\" class=\"attachment-thumbnail size-thumbnail\" alt=\"\" \/><\/a>\n\t\t\t<\/div><\/figure>\n\t\t<\/div>\n\n<p>Tv\u00e5 ber\u00e4ttelser fick p\u00e5 olika s\u00e4tt belysa k\u00e4rlek och altruism (att handla osj\u00e4lviskt). Vi f\u00f6rflyttade oss med hj\u00e4lp av Benny Gr\u00fcnfelts tavla till torget i hans lilla ungerska hemstad n\u00e4r den judiska befolkningen skulle deporteras till Auschwitz. I tavlans ena h\u00f6rn l\u00e4mnar en judisk kvinna \u00f6ver sitt lilla barn till en kristen kvinna. Varf\u00f6r g\u00f6r mamman s\u00e5? Vad f\u00e5r den andra kvinnan att ta emot ett fr\u00e4mmande barn?<\/p>\n<p><img loading=\"lazy\" decoding=\"async\" class=\"alignnone size-full wp-image-982\" src=\"http:\/\/blogg.nykoping.se\/toleransprojektet\/wp-content\/uploads\/sites\/51\/2017\/12\/IMG_4856.jpg\" alt=\"\" width=\"4032\" height=\"3024\" srcset=\"https:\/\/blogg.nykoping.se\/toleransprojektet\/wp-content\/uploads\/sites\/51\/2017\/12\/IMG_4856.jpg 4032w, https:\/\/blogg.nykoping.se\/toleransprojektet\/wp-content\/uploads\/sites\/51\/2017\/12\/IMG_4856-1024x768.jpg 1024w, https:\/\/blogg.nykoping.se\/toleransprojektet\/wp-content\/uploads\/sites\/51\/2017\/12\/IMG_4856-768x576.jpg 768w\" sizes=\"auto, (max-width: 4032px) 100vw, 4032px\" \/><\/p>\n<div id='gallery-2' class='gallery galleryid-970 gallery-columns-3 gallery-size-thumbnail'><figure class='gallery-item'>\n\t\t\t<div class='gallery-icon landscape'>\n\t\t\t\t<a href='https:\/\/blogg.nykoping.se\/toleransprojektet\/img_5065\/'><img loading=\"lazy\" decoding=\"async\" width=\"150\" height=\"150\" src=\"https:\/\/blogg.nykoping.se\/toleransprojektet\/wp-content\/uploads\/sites\/51\/2017\/12\/IMG_5065-150x150.jpg\" class=\"attachment-thumbnail size-thumbnail\" alt=\"\" \/><\/a>\n\t\t\t<\/div><\/figure><figure class='gallery-item'>\n\t\t\t<div class='gallery-icon landscape'>\n\t\t\t\t<a href='https:\/\/blogg.nykoping.se\/toleransprojektet\/img_4783\/'><img loading=\"lazy\" decoding=\"async\" width=\"150\" height=\"150\" src=\"https:\/\/blogg.nykoping.se\/toleransprojektet\/wp-content\/uploads\/sites\/51\/2017\/12\/IMG_4783-150x150.jpg\" class=\"attachment-thumbnail size-thumbnail\" alt=\"\" \/><\/a>\n\t\t\t<\/div><\/figure><figure class='gallery-item'>\n\t\t\t<div class='gallery-icon landscape'>\n\t\t\t\t<a href='https:\/\/blogg.nykoping.se\/toleransprojektet\/img_4851\/'><img loading=\"lazy\" decoding=\"async\" width=\"150\" height=\"150\" src=\"https:\/\/blogg.nykoping.se\/toleransprojektet\/wp-content\/uploads\/sites\/51\/2017\/12\/IMG_4851-150x150.jpg\" class=\"attachment-thumbnail size-thumbnail\" alt=\"\" \/><\/a>\n\t\t\t<\/div><\/figure>\n\t\t<\/div>\n\n<p>I den andra ber\u00e4ttelsen m\u00f6tte vi fru Zucker och hennes femton\u00e5riga dotter Esther d\u00e4r de just klivit ut ur en av t\u00e5gvagnarna i Auschwitz II Birkenau i augusti 1944. Pl\u00f6tsligt l\u00f6sg\u00f6r sig fru Zucker fr\u00e5n sin dotter och f\u00f6rsvinner iv\u00e4g? Varf\u00f6r? Jo, hon har sett en liten f\u00f6r\u00e4ldral\u00f6s flicka som hon k\u00e4nner igen hemifr\u00e5n gettot i Lodz. Flickan st\u00e5r ensam och gr\u00e5ter hj\u00e4rtsk\u00e4rande en bit bort. I samma stund som fru Zucker tar den lilla flickans hand i sin d\u00f6mer hon sig sj\u00e4lv till d\u00f6den eftersom vuxna med barn alltid f\u00f6rdes direkt till d\u00f6den i gaskammare och krematorium. Det vet inte fru Zucker. Hennes enda grundregel \u00e4r &#8211; man l\u00e4mnar inte ett ensamt barn p\u00e5 en plats som denna!<\/p>\n<div id='gallery-3' class='gallery galleryid-970 gallery-columns-3 gallery-size-thumbnail'><figure class='gallery-item'>\n\t\t\t<div class='gallery-icon landscape'>\n\t\t\t\t<a href='https:\/\/blogg.nykoping.se\/toleransprojektet\/img_4863\/'><img loading=\"lazy\" decoding=\"async\" width=\"150\" height=\"150\" src=\"https:\/\/blogg.nykoping.se\/toleransprojektet\/wp-content\/uploads\/sites\/51\/2017\/12\/IMG_4863-150x150.jpg\" class=\"attachment-thumbnail size-thumbnail\" alt=\"\" \/><\/a>\n\t\t\t<\/div><\/figure><figure class='gallery-item'>\n\t\t\t<div class='gallery-icon landscape'>\n\t\t\t\t<a href='https:\/\/blogg.nykoping.se\/toleransprojektet\/img_5072\/'><img loading=\"lazy\" decoding=\"async\" width=\"150\" height=\"150\" src=\"https:\/\/blogg.nykoping.se\/toleransprojektet\/wp-content\/uploads\/sites\/51\/2017\/12\/IMG_5072-150x150.jpg\" class=\"attachment-thumbnail size-thumbnail\" alt=\"\" \/><\/a>\n\t\t\t<\/div><\/figure><figure class='gallery-item'>\n\t\t\t<div class='gallery-icon landscape'>\n\t\t\t\t<a href='https:\/\/blogg.nykoping.se\/toleransprojektet\/img_4893\/'><img loading=\"lazy\" decoding=\"async\" width=\"150\" height=\"150\" src=\"https:\/\/blogg.nykoping.se\/toleransprojektet\/wp-content\/uploads\/sites\/51\/2017\/12\/IMG_4893-150x150.jpg\" class=\"attachment-thumbnail size-thumbnail\" alt=\"\" \/><\/a>\n\t\t\t<\/div><\/figure>\n\t\t<\/div>\n\n<p><img loading=\"lazy\" decoding=\"async\" class=\"alignnone size-full wp-image-1004\" src=\"http:\/\/blogg.nykoping.se\/toleransprojektet\/wp-content\/uploads\/sites\/51\/2017\/12\/IMG_5121.jpg\" alt=\"\" width=\"4032\" height=\"3024\" srcset=\"https:\/\/blogg.nykoping.se\/toleransprojektet\/wp-content\/uploads\/sites\/51\/2017\/12\/IMG_5121.jpg 4032w, https:\/\/blogg.nykoping.se\/toleransprojektet\/wp-content\/uploads\/sites\/51\/2017\/12\/IMG_5121-1024x768.jpg 1024w, https:\/\/blogg.nykoping.se\/toleransprojektet\/wp-content\/uploads\/sites\/51\/2017\/12\/IMG_5121-768x576.jpg 768w\" sizes=\"auto, (max-width: 4032px) 100vw, 4032px\" \/><\/p>\n<p>Eleverna fick skriva meningar om fru Zucker &#8211; vad hon s\u00e4ger till flickan, vad hur t\u00e4nker och vad hon ser omkring sig. Dessa meningar blev grunden f\u00f6r dagens skapande \u00f6vning d\u00e4r ett pussel lades som resulterade i texter och skulpturer som gestaltade fru Zuckers altruism, att hon handlade osj\u00e4lviskt och utan tanke p\u00e5 egen bel\u00f6ning. Texterna blev k\u00e4nslosamma.<\/p>\n<p><em>Jag s\u00e5g att ledet blev kortare och kortare och den fyra\u00e5riga flickan stod mitt bland m\u00e4nniskorna . Hon s\u00e5g r\u00e4dd ut. Jag l\u00e4mnar min dotter. Jag kommer fram till flickan. Hon tittar upp. Kom, jag kan hj\u00e4lpa dig v\u00e4nnen. Jag tar hennes hand. Hon slutar gr\u00e5ta. F\u00f6lj med mig v\u00e4nnen. Allt kommer att bli bra. Allt kommer att g\u00e5 bra. Det kommer att ta timmar att komma fram i ledet. Himlen \u00e4r full av r\u00f6k. \u00a0Vad kommer att h\u00e4nda med mig och den lilla flickan? Vad h\u00e4nder d\u00e4r borta l\u00e4ngst fram i ledet? Jag t\u00e4nker p\u00e5 min dotter. Esther, mitt barn, kommer hon att klara sig?<\/em><\/p>\n<p><em>Jag ser en liten flicka som sitter och gr\u00e5ter. Jag k\u00e4nner igen henne fr\u00e5n gettot. Jag sliter mig loss fr\u00e5n min dotter och springer fram till henne. Kom f\u00f6lj med mig, var inte orolig, s\u00e4ger jag och tar hennes hand. Allting blir bra, jag \u00e4r h\u00e4r nu, var inte orolig det l\u00f6ser sig, s\u00e4ger jag s\u00e5 lugnande jag kan samtidigt som vi g\u00e5r. Det \u00e4r s\u00e5 synd om barnet. Helt ensam p\u00e5 en fr\u00e4mmande plats utan minsta aning om vad som kommer att ske. Folk knuffas och tr\u00e4nger sig n\u00e4r vi g\u00e5r in i k\u00f6n. Jag f\u00e5r syn p\u00e5 min dotter. Hon ser fundersam ut. Det \u00e4r fullt med m\u00e4nniskor och ingen, absolut ingen, vet vad som kommer att h\u00e4nda. Jag hoppas att allt blir bra. Jag l\u00e4mnade min dotter. Vad h\u00e4nder om jag aldrig mer f\u00e5r se henne. Nu m\u00e5ste allt bli bra. Massor av m\u00e4nniskor med olika ansiktsuttryck. N\u00e5gon \u00e4r r\u00e4dd, arg, ledsen, men inte ett enda skratt h\u00f6rs.<\/em><\/p>\n<div id='gallery-4' class='gallery galleryid-970 gallery-columns-3 gallery-size-thumbnail'><figure class='gallery-item'>\n\t\t\t<div class='gallery-icon landscape'>\n\t\t\t\t<a href='https:\/\/blogg.nykoping.se\/toleransprojektet\/img_4909\/'><img loading=\"lazy\" decoding=\"async\" width=\"150\" height=\"150\" src=\"https:\/\/blogg.nykoping.se\/toleransprojektet\/wp-content\/uploads\/sites\/51\/2017\/12\/IMG_4909-150x150.jpg\" class=\"attachment-thumbnail size-thumbnail\" alt=\"\" \/><\/a>\n\t\t\t<\/div><\/figure><figure class='gallery-item'>\n\t\t\t<div class='gallery-icon landscape'>\n\t\t\t\t<a href='https:\/\/blogg.nykoping.se\/toleransprojektet\/img_4899\/'><img loading=\"lazy\" decoding=\"async\" width=\"150\" height=\"150\" src=\"https:\/\/blogg.nykoping.se\/toleransprojektet\/wp-content\/uploads\/sites\/51\/2017\/12\/IMG_4899-150x150.jpg\" class=\"attachment-thumbnail size-thumbnail\" alt=\"\" \/><\/a>\n\t\t\t<\/div><\/figure><figure class='gallery-item'>\n\t\t\t<div class='gallery-icon landscape'>\n\t\t\t\t<a href='https:\/\/blogg.nykoping.se\/toleransprojektet\/img_5116\/'><img loading=\"lazy\" decoding=\"async\" width=\"150\" height=\"150\" src=\"https:\/\/blogg.nykoping.se\/toleransprojektet\/wp-content\/uploads\/sites\/51\/2017\/12\/IMG_5116-150x150.jpg\" class=\"attachment-thumbnail size-thumbnail\" alt=\"\" \/><\/a>\n\t\t\t<\/div><\/figure>\n\t\t<\/div>\n\n<p><img loading=\"lazy\" decoding=\"async\" class=\"alignnone size-full wp-image-987\" src=\"http:\/\/blogg.nykoping.se\/toleransprojektet\/wp-content\/uploads\/sites\/51\/2017\/12\/IMG_4907.jpg\" alt=\"\" width=\"4032\" height=\"3024\" srcset=\"https:\/\/blogg.nykoping.se\/toleransprojektet\/wp-content\/uploads\/sites\/51\/2017\/12\/IMG_4907.jpg 4032w, https:\/\/blogg.nykoping.se\/toleransprojektet\/wp-content\/uploads\/sites\/51\/2017\/12\/IMG_4907-1024x768.jpg 1024w, https:\/\/blogg.nykoping.se\/toleransprojektet\/wp-content\/uploads\/sites\/51\/2017\/12\/IMG_4907-768x576.jpg 768w\" sizes=\"auto, (max-width: 4032px) 100vw, 4032px\" \/><\/p>\n<div id='gallery-5' class='gallery galleryid-970 gallery-columns-3 gallery-size-thumbnail'><figure class='gallery-item'>\n\t\t\t<div class='gallery-icon landscape'>\n\t\t\t\t<a href='https:\/\/blogg.nykoping.se\/toleransprojektet\/img_5081\/'><img loading=\"lazy\" decoding=\"async\" width=\"150\" height=\"150\" src=\"https:\/\/blogg.nykoping.se\/toleransprojektet\/wp-content\/uploads\/sites\/51\/2017\/12\/IMG_5081-150x150.jpg\" class=\"attachment-thumbnail size-thumbnail\" alt=\"\" \/><\/a>\n\t\t\t<\/div><\/figure><figure class='gallery-item'>\n\t\t\t<div class='gallery-icon landscape'>\n\t\t\t\t<a href='https:\/\/blogg.nykoping.se\/toleransprojektet\/img_5095\/'><img loading=\"lazy\" decoding=\"async\" width=\"150\" height=\"150\" src=\"https:\/\/blogg.nykoping.se\/toleransprojektet\/wp-content\/uploads\/sites\/51\/2017\/12\/IMG_5095-150x150.jpg\" class=\"attachment-thumbnail size-thumbnail\" alt=\"\" \/><\/a>\n\t\t\t<\/div><\/figure><figure class='gallery-item'>\n\t\t\t<div class='gallery-icon landscape'>\n\t\t\t\t<a href='https:\/\/blogg.nykoping.se\/toleransprojektet\/img_4875\/'><img loading=\"lazy\" decoding=\"async\" width=\"150\" height=\"150\" src=\"https:\/\/blogg.nykoping.se\/toleransprojektet\/wp-content\/uploads\/sites\/51\/2017\/12\/IMG_4875-150x150.jpg\" class=\"attachment-thumbnail size-thumbnail\" alt=\"\" \/><\/a>\n\t\t\t<\/div><\/figure>\n\t\t<\/div>\n\n<p>Efter diskussioner kring ber\u00e4ttelsernas kopplingar till k\u00e4rlek och altruism gick vi \u00f6ver till fakta kring hur nazisterna gick till v\u00e4ga f\u00f6r att kunna genomf\u00f6ra massmordet p\u00e5 Europas judar. Raul Hilbergs modell, fr\u00e5n identifikation till f\u00f6rintelse, presenterades och \u00e5terigen gl\u00f6dde det i anteckningsb\u00f6ckerna.<\/p>\n<p><img loading=\"lazy\" decoding=\"async\" class=\"alignnone size-full wp-image-978\" src=\"http:\/\/blogg.nykoping.se\/toleransprojektet\/wp-content\/uploads\/sites\/51\/2017\/12\/IMG_4801.jpg\" alt=\"\" width=\"4032\" height=\"3024\" srcset=\"https:\/\/blogg.nykoping.se\/toleransprojektet\/wp-content\/uploads\/sites\/51\/2017\/12\/IMG_4801.jpg 4032w, https:\/\/blogg.nykoping.se\/toleransprojektet\/wp-content\/uploads\/sites\/51\/2017\/12\/IMG_4801-1024x768.jpg 1024w, https:\/\/blogg.nykoping.se\/toleransprojektet\/wp-content\/uploads\/sites\/51\/2017\/12\/IMG_4801-768x576.jpg 768w\" sizes=\"auto, (max-width: 4032px) 100vw, 4032px\" \/><\/p>\n<p>Den ena gruppen sl\u00e4ppte sedan loss fniss, fl\u00f6rtande och mod i leken &#8221;Om du \u00e4lskar mig baby&#8221; och den andra testade taktik och god smygf\u00f6rm\u00e5ga i \u00f6vningen &#8221;Blodpotatis&#8221;.<\/p>\n<p><img loading=\"lazy\" decoding=\"async\" class=\"alignnone size-full wp-image-980\" src=\"http:\/\/blogg.nykoping.se\/toleransprojektet\/wp-content\/uploads\/sites\/51\/2017\/12\/IMG_4819.jpg\" alt=\"\" width=\"4032\" height=\"3024\" srcset=\"https:\/\/blogg.nykoping.se\/toleransprojektet\/wp-content\/uploads\/sites\/51\/2017\/12\/IMG_4819.jpg 4032w, https:\/\/blogg.nykoping.se\/toleransprojektet\/wp-content\/uploads\/sites\/51\/2017\/12\/IMG_4819-1024x768.jpg 1024w, https:\/\/blogg.nykoping.se\/toleransprojektet\/wp-content\/uploads\/sites\/51\/2017\/12\/IMG_4819-768x576.jpg 768w\" sizes=\"auto, (max-width: 4032px) 100vw, 4032px\" \/><\/p>\n<div id='gallery-6' class='gallery galleryid-970 gallery-columns-3 gallery-size-thumbnail'><figure class='gallery-item'>\n\t\t\t<div class='gallery-icon landscape'>\n\t\t\t\t<a href='https:\/\/blogg.nykoping.se\/toleransprojektet\/img_5060\/'><img loading=\"lazy\" decoding=\"async\" width=\"150\" height=\"150\" src=\"https:\/\/blogg.nykoping.se\/toleransprojektet\/wp-content\/uploads\/sites\/51\/2017\/12\/IMG_5060-150x150.jpg\" class=\"attachment-thumbnail size-thumbnail\" alt=\"\" \/><\/a>\n\t\t\t<\/div><\/figure><figure class='gallery-item'>\n\t\t\t<div class='gallery-icon landscape'>\n\t\t\t\t<a href='https:\/\/blogg.nykoping.se\/toleransprojektet\/img_4822\/'><img loading=\"lazy\" decoding=\"async\" width=\"150\" height=\"150\" src=\"https:\/\/blogg.nykoping.se\/toleransprojektet\/wp-content\/uploads\/sites\/51\/2017\/12\/IMG_4822-150x150.jpg\" class=\"attachment-thumbnail size-thumbnail\" alt=\"\" \/><\/a>\n\t\t\t<\/div><\/figure><figure class='gallery-item'>\n\t\t\t<div class='gallery-icon landscape'>\n\t\t\t\t<a href='https:\/\/blogg.nykoping.se\/toleransprojektet\/img_5044\/'><img loading=\"lazy\" decoding=\"async\" width=\"150\" height=\"150\" src=\"https:\/\/blogg.nykoping.se\/toleransprojektet\/wp-content\/uploads\/sites\/51\/2017\/12\/IMG_5044-150x150.jpg\" class=\"attachment-thumbnail size-thumbnail\" alt=\"\" \/><\/a>\n\t\t\t<\/div><\/figure>\n\t\t<\/div>\n\n<p>Efter l\u00e4xtiden avslutades dagen med att vi samlades i ring. Vi genomf\u00f6rde tillsammans en k\u00e4rleksljushyllning till tonerna av U2:s &#8221;One&#8221; . Den som ville t\u00e4nde ett ljus f\u00f6r n\u00e5gon man \u00e4lskar, n\u00e5gon som kan beh\u00f6va ett ljus eller f\u00f6r k\u00e4rleken i v\u00e4rlden.<\/p>\n<p><img loading=\"lazy\" decoding=\"async\" class=\"alignnone size-full wp-image-990\" src=\"http:\/\/blogg.nykoping.se\/toleransprojektet\/wp-content\/uploads\/sites\/51\/2017\/12\/IMG_4923.jpg\" alt=\"\" width=\"4032\" height=\"3024\" srcset=\"https:\/\/blogg.nykoping.se\/toleransprojektet\/wp-content\/uploads\/sites\/51\/2017\/12\/IMG_4923.jpg 4032w, https:\/\/blogg.nykoping.se\/toleransprojektet\/wp-content\/uploads\/sites\/51\/2017\/12\/IMG_4923-1024x768.jpg 1024w, https:\/\/blogg.nykoping.se\/toleransprojektet\/wp-content\/uploads\/sites\/51\/2017\/12\/IMG_4923-768x576.jpg 768w\" sizes=\"auto, (max-width: 4032px) 100vw, 4032px\" \/><\/p>\n<p>\u00c4nnu en fin och varm dag med eleverna i Toleransprojektet var \u00f6ver och grupperna tar stora kliv fram\u00e5t i kunskaper, i att v\u00e5ga utmana sig sj\u00e4lva och i gemenskap. Nu v\u00e4ntar snart ett jullov, men grupp 1 har en sista tr\u00e4ff n\u00e4sta vecka, 19 december.<\/p>\n<p><img loading=\"lazy\" decoding=\"async\" class=\"alignnone size-full wp-image-1000\" src=\"http:\/\/blogg.nykoping.se\/toleransprojektet\/wp-content\/uploads\/sites\/51\/2017\/12\/IMG_5092.jpg\" alt=\"\" width=\"4032\" height=\"3024\" srcset=\"https:\/\/blogg.nykoping.se\/toleransprojektet\/wp-content\/uploads\/sites\/51\/2017\/12\/IMG_5092.jpg 4032w, https:\/\/blogg.nykoping.se\/toleransprojektet\/wp-content\/uploads\/sites\/51\/2017\/12\/IMG_5092-1024x768.jpg 1024w, https:\/\/blogg.nykoping.se\/toleransprojektet\/wp-content\/uploads\/sites\/51\/2017\/12\/IMG_5092-768x576.jpg 768w\" sizes=\"auto, (max-width: 4032px) 100vw, 4032px\" \/><\/p>\n<p>&nbsp;<\/p>\n","protected":false},"excerpt":{"rendered":"<p>Det femte temat f\u00f6r v\u00e5r f\u00f6rsta termin med Toleransprojektet var: K\u00c4RLEK och ALTRUISM. Eleverna kom mentalt och konkret f\u00f6rberedda eftersom dagens l\u00e4xa var att skriva en text som handlade om just k\u00e4rlek. Men vi inledde morgonen med att f\u00f6lja upp \u00f6vernattningens brevskrivande till 93-\u00e5riga Emerich Roth genom att Malin h\u00f6gl\u00e4ste n\u00e5gra av dessa brev samt &hellip; <a href=\"https:\/\/blogg.nykoping.se\/toleransprojektet\/2017\/12\/15\/femte-traffen-karlek-och-altruism\/\" class=\"more-link\">Forts\u00e4tt l\u00e4sa <span class=\"screen-reader-text\">Femte tr\u00e4ffen: K\u00e4rlek och altruism<\/span><\/a><\/p>\n","protected":false},"author":203,"featured_media":0,"comment_status":"open","ping_status":"open","sticky":false,"template":"","format":"standard","meta":{"footnotes":""},"categories":[1],"tags":[],"class_list":["post-970","post","type-post","status-publish","format-standard","hentry","category-okategoriserade"],"_links":{"self":[{"href":"https:\/\/blogg.nykoping.se\/toleransprojektet\/wp-json\/wp\/v2\/posts\/970","targetHints":{"allow":["GET"]}}],"collection":[{"href":"https:\/\/blogg.nykoping.se\/toleransprojektet\/wp-json\/wp\/v2\/posts"}],"about":[{"href":"https:\/\/blogg.nykoping.se\/toleransprojektet\/wp-json\/wp\/v2\/types\/post"}],"author":[{"embeddable":true,"href":"https:\/\/blogg.nykoping.se\/toleransprojektet\/wp-json\/wp\/v2\/users\/203"}],"replies":[{"embeddable":true,"href":"https:\/\/blogg.nykoping.se\/toleransprojektet\/wp-json\/wp\/v2\/comments?post=970"}],"version-history":[{"count":8,"href":"https:\/\/blogg.nykoping.se\/toleransprojektet\/wp-json\/wp\/v2\/posts\/970\/revisions"}],"predecessor-version":[{"id":1010,"href":"https:\/\/blogg.nykoping.se\/toleransprojektet\/wp-json\/wp\/v2\/posts\/970\/revisions\/1010"}],"wp:attachment":[{"href":"https:\/\/blogg.nykoping.se\/toleransprojektet\/wp-json\/wp\/v2\/media?parent=970"}],"wp:term":[{"taxonomy":"category","embeddable":true,"href":"https:\/\/blogg.nykoping.se\/toleransprojektet\/wp-json\/wp\/v2\/categories?post=970"},{"taxonomy":"post_tag","embeddable":true,"href":"https:\/\/blogg.nykoping.se\/toleransprojektet\/wp-json\/wp\/v2\/tags?post=970"}],"curies":[{"name":"wp","href":"https:\/\/api.w.org\/{rel}","templated":true}]}}