{"id":940,"date":"2017-12-08T09:27:30","date_gmt":"2017-12-08T08:27:30","guid":{"rendered":"http:\/\/blogg.nykoping.se\/toleransprojektet\/?p=940"},"modified":"2017-12-08T09:27:30","modified_gmt":"2017-12-08T08:27:30","slug":"overnattning-pa-sora","status":"publish","type":"post","link":"https:\/\/blogg.nykoping.se\/toleransprojektet\/2017\/12\/08\/overnattning-pa-sora\/","title":{"rendered":"\u00d6vernattning p\u00e5 S\u00f6ra!"},"content":{"rendered":"<p><img loading=\"lazy\" decoding=\"async\" class=\"alignnone size-full wp-image-953\" src=\"http:\/\/blogg.nykoping.se\/toleransprojektet\/wp-content\/uploads\/sites\/51\/2017\/12\/IMG_4725.jpg\" alt=\"\" width=\"4032\" height=\"3024\" srcset=\"https:\/\/blogg.nykoping.se\/toleransprojektet\/wp-content\/uploads\/sites\/51\/2017\/12\/IMG_4725.jpg 4032w, https:\/\/blogg.nykoping.se\/toleransprojektet\/wp-content\/uploads\/sites\/51\/2017\/12\/IMG_4725-1024x768.jpg 1024w, https:\/\/blogg.nykoping.se\/toleransprojektet\/wp-content\/uploads\/sites\/51\/2017\/12\/IMG_4725-768x576.jpg 768w\" sizes=\"auto, (max-width: 4032px) 100vw, 4032px\" \/><\/p>\n<div id='gallery-1' class='gallery galleryid-940 gallery-columns-3 gallery-size-thumbnail'><figure class='gallery-item'>\n\t\t\t<div class='gallery-icon landscape'>\n\t\t\t\t<a href='https:\/\/blogg.nykoping.se\/toleransprojektet\/img_4311\/'><img loading=\"lazy\" decoding=\"async\" width=\"150\" height=\"150\" src=\"https:\/\/blogg.nykoping.se\/toleransprojektet\/wp-content\/uploads\/sites\/51\/2017\/12\/IMG_4311-150x150.jpg\" class=\"attachment-thumbnail size-thumbnail\" alt=\"\" \/><\/a>\n\t\t\t<\/div><\/figure><figure class='gallery-item'>\n\t\t\t<div class='gallery-icon landscape'>\n\t\t\t\t<a href='https:\/\/blogg.nykoping.se\/toleransprojektet\/img_4649\/'><img loading=\"lazy\" decoding=\"async\" width=\"150\" height=\"150\" src=\"https:\/\/blogg.nykoping.se\/toleransprojektet\/wp-content\/uploads\/sites\/51\/2017\/12\/IMG_4649-150x150.jpg\" class=\"attachment-thumbnail size-thumbnail\" alt=\"\" \/><\/a>\n\t\t\t<\/div><\/figure><figure class='gallery-item'>\n\t\t\t<div class='gallery-icon landscape'>\n\t\t\t\t<a href='https:\/\/blogg.nykoping.se\/toleransprojektet\/img_4657\/'><img loading=\"lazy\" decoding=\"async\" width=\"150\" height=\"150\" src=\"https:\/\/blogg.nykoping.se\/toleransprojektet\/wp-content\/uploads\/sites\/51\/2017\/12\/IMG_4657-150x150.jpg\" class=\"attachment-thumbnail size-thumbnail\" alt=\"\" \/><\/a>\n\t\t\t<\/div><\/figure>\n\t\t<\/div>\n\n<p>Visa av erfarenheten fr\u00e5n f\u00f6rsta \u00e5ret med Toleransprojektet valde vi detta \u00e5r att genomf\u00f6ra gruppernas \u00f6vernattning p\u00e5 S\u00f6ra redan f\u00f6re jul. \u00d6vernattningen \u00e4r n\u00e4mligen ett otroligt fint tillf\u00e4lle att bygga samman gruppen \u00e4nnu mer och f\u00e5 dem att k\u00e4nna sig trygga med varandra och i sig sj\u00e4lva inf\u00f6r den stundande resan till Polen.<\/p>\n<p><img loading=\"lazy\" decoding=\"async\" class=\"alignnone size-full wp-image-957\" src=\"http:\/\/blogg.nykoping.se\/toleransprojektet\/wp-content\/uploads\/sites\/51\/2017\/12\/IMG_4344.jpg\" alt=\"\" width=\"4032\" height=\"3024\" srcset=\"https:\/\/blogg.nykoping.se\/toleransprojektet\/wp-content\/uploads\/sites\/51\/2017\/12\/IMG_4344.jpg 4032w, https:\/\/blogg.nykoping.se\/toleransprojektet\/wp-content\/uploads\/sites\/51\/2017\/12\/IMG_4344-1024x768.jpg 1024w, https:\/\/blogg.nykoping.se\/toleransprojektet\/wp-content\/uploads\/sites\/51\/2017\/12\/IMG_4344-768x576.jpg 768w\" sizes=\"auto, (max-width: 4032px) 100vw, 4032px\" \/><\/p>\n<div id='gallery-2' class='gallery galleryid-940 gallery-columns-3 gallery-size-thumbnail'><figure class='gallery-item'>\n\t\t\t<div class='gallery-icon landscape'>\n\t\t\t\t<a href='https:\/\/blogg.nykoping.se\/toleransprojektet\/img_4355\/'><img loading=\"lazy\" decoding=\"async\" width=\"150\" height=\"150\" src=\"https:\/\/blogg.nykoping.se\/toleransprojektet\/wp-content\/uploads\/sites\/51\/2017\/12\/IMG_4355-150x150.jpg\" class=\"attachment-thumbnail size-thumbnail\" alt=\"\" \/><\/a>\n\t\t\t<\/div><\/figure><figure class='gallery-item'>\n\t\t\t<div class='gallery-icon landscape'>\n\t\t\t\t<a href='https:\/\/blogg.nykoping.se\/toleransprojektet\/img_4705\/'><img loading=\"lazy\" decoding=\"async\" width=\"150\" height=\"150\" src=\"https:\/\/blogg.nykoping.se\/toleransprojektet\/wp-content\/uploads\/sites\/51\/2017\/12\/IMG_4705-150x150.jpg\" class=\"attachment-thumbnail size-thumbnail\" alt=\"\" \/><\/a>\n\t\t\t<\/div><\/figure><figure class='gallery-item'>\n\t\t\t<div class='gallery-icon landscape'>\n\t\t\t\t<a href='https:\/\/blogg.nykoping.se\/toleransprojektet\/img_4661\/'><img loading=\"lazy\" decoding=\"async\" width=\"150\" height=\"150\" src=\"https:\/\/blogg.nykoping.se\/toleransprojektet\/wp-content\/uploads\/sites\/51\/2017\/12\/IMG_4661-150x150.jpg\" class=\"attachment-thumbnail size-thumbnail\" alt=\"\" \/><\/a>\n\t\t\t<\/div><\/figure>\n\t\t<\/div>\n\n<div id='gallery-3' class='gallery galleryid-940 gallery-columns-3 gallery-size-thumbnail'><figure class='gallery-item'>\n\t\t\t<div class='gallery-icon landscape'>\n\t\t\t\t<a href='https:\/\/blogg.nykoping.se\/toleransprojektet\/img_4367\/'><img loading=\"lazy\" decoding=\"async\" width=\"150\" height=\"150\" src=\"https:\/\/blogg.nykoping.se\/toleransprojektet\/wp-content\/uploads\/sites\/51\/2017\/12\/IMG_4367-150x150.jpg\" class=\"attachment-thumbnail size-thumbnail\" alt=\"\" \/><\/a>\n\t\t\t<\/div><\/figure><figure class='gallery-item'>\n\t\t\t<div class='gallery-icon landscape'>\n\t\t\t\t<a href='https:\/\/blogg.nykoping.se\/toleransprojektet\/2017\/12\/08\/overnattning-pa-sora\/img_4352\/'><img loading=\"lazy\" decoding=\"async\" width=\"150\" height=\"150\" src=\"https:\/\/blogg.nykoping.se\/toleransprojektet\/wp-content\/uploads\/sites\/51\/2017\/12\/IMG_4352-150x150.jpg\" class=\"attachment-thumbnail size-thumbnail\" alt=\"\" \/><\/a>\n\t\t\t<\/div><\/figure><figure class='gallery-item'>\n\t\t\t<div class='gallery-icon landscape'>\n\t\t\t\t<a href='https:\/\/blogg.nykoping.se\/toleransprojektet\/2017\/12\/08\/overnattning-pa-sora\/img_4722\/'><img loading=\"lazy\" decoding=\"async\" width=\"150\" height=\"150\" src=\"https:\/\/blogg.nykoping.se\/toleransprojektet\/wp-content\/uploads\/sites\/51\/2017\/12\/IMG_4722-150x150.jpg\" class=\"attachment-thumbnail size-thumbnail\" alt=\"\" \/><\/a>\n\t\t\t<\/div><\/figure>\n\t\t<\/div>\n\n<p>S\u00e5, i den m\u00f6rka vinterkv\u00e4llen for bussen med elever och deras packningar mot S\u00f6ra d\u00e4r pizza, lekar och t\u00e4vling stod p\u00e5 programmet. Undervisningsledarna utsattes f\u00f6r s\u00e5 kallad &#8221;norsk karaoke&#8221; och grupperna fick gissa musikintron. Sedan v\u00e4ntade en klurig samarbets\u00f6vning d\u00e4r eleverna skulle bygga ett s\u00e5 h\u00f6gt torn som m\u00f6jligt av marschmallows och spagetti &#8211; p\u00e5 tid. I den ena gruppen hann vi ocks\u00e5 med att reda ut en flera meter l\u00e5ng h\u00e4rva av rep. En om\u00f6jlig uppgift om man inte samarbetar!<\/p>\n<div id='gallery-4' class='gallery galleryid-940 gallery-columns-3 gallery-size-thumbnail'><figure class='gallery-item'>\n\t\t\t<div class='gallery-icon landscape'>\n\t\t\t\t<a href='https:\/\/blogg.nykoping.se\/toleransprojektet\/img_4370\/'><img loading=\"lazy\" decoding=\"async\" width=\"150\" height=\"150\" src=\"https:\/\/blogg.nykoping.se\/toleransprojektet\/wp-content\/uploads\/sites\/51\/2017\/12\/IMG_4370-150x150.jpg\" class=\"attachment-thumbnail size-thumbnail\" alt=\"\" \/><\/a>\n\t\t\t<\/div><\/figure><figure class='gallery-item'>\n\t\t\t<div class='gallery-icon landscape'>\n\t\t\t\t<a href='https:\/\/blogg.nykoping.se\/toleransprojektet\/img_4738\/'><img loading=\"lazy\" decoding=\"async\" width=\"150\" height=\"150\" src=\"https:\/\/blogg.nykoping.se\/toleransprojektet\/wp-content\/uploads\/sites\/51\/2017\/12\/IMG_4738-150x150.jpg\" class=\"attachment-thumbnail size-thumbnail\" alt=\"\" \/><\/a>\n\t\t\t<\/div><\/figure><figure class='gallery-item'>\n\t\t\t<div class='gallery-icon landscape'>\n\t\t\t\t<a href='https:\/\/blogg.nykoping.se\/toleransprojektet\/2017\/12\/08\/overnattning-pa-sora\/img_4750\/'><img loading=\"lazy\" decoding=\"async\" width=\"150\" height=\"150\" src=\"https:\/\/blogg.nykoping.se\/toleransprojektet\/wp-content\/uploads\/sites\/51\/2017\/12\/IMG_4750-150x150.jpg\" class=\"attachment-thumbnail size-thumbnail\" alt=\"\" \/><\/a>\n\t\t\t<\/div><\/figure>\n\t\t<\/div>\n\n<p>N\u00e4r lek och skratt fyllt p\u00e5 energin tog vi oss vidare mot en annan k\u00e4nsla &#8211; allvar och eftert\u00e4nksamhet. Efter att alla h\u00e4mtat sina sovs\u00e4ckar, t\u00e4cken och kuddar och gjort det mysigt framf\u00f6r filmduken var det dags att f\u00e5 kv\u00e4llens ber\u00e4ttelse. Emerich Roth, 93 \u00e5r, \u00f6verlevde F\u00f6rintelsen som ung man. Hans ber\u00e4ttelse &#8221;F\u00f6rintelsens \u00f6gonvittne&#8221; finns p\u00e5 film och den s\u00e5g vi tillsammans efter en kort introduktion av Ola.<\/p>\n<p><img loading=\"lazy\" decoding=\"async\" class=\"alignnone size-full wp-image-956\" src=\"http:\/\/blogg.nykoping.se\/toleransprojektet\/wp-content\/uploads\/sites\/51\/2017\/12\/IMG_4754.jpg\" alt=\"\" width=\"4032\" height=\"3024\" srcset=\"https:\/\/blogg.nykoping.se\/toleransprojektet\/wp-content\/uploads\/sites\/51\/2017\/12\/IMG_4754.jpg 4032w, https:\/\/blogg.nykoping.se\/toleransprojektet\/wp-content\/uploads\/sites\/51\/2017\/12\/IMG_4754-1024x768.jpg 1024w, https:\/\/blogg.nykoping.se\/toleransprojektet\/wp-content\/uploads\/sites\/51\/2017\/12\/IMG_4754-768x576.jpg 768w\" sizes=\"auto, (max-width: 4032px) 100vw, 4032px\" \/><\/p>\n<p>Efter\u00e5t satte sig alla i b\u00e4nkarna med penna och en blankt papper. Uppgiften blev att skriva ett brev till Emerich. Brevet inleddes: &#8221;Till dig Emerich &#8230;&#8221; och s\u00e5 h\u00e4r skrev n\u00e5gra av eleverna.<\/p>\n<p><em>Till dig Emerich<\/em><br \/>\n<em> Nu har jag sett filmen om dig. Jag kan inte fatta att du upplevt detta och \u00f6verlevt. Det \u00e4r helt sjukt att nazisterna kunde g\u00f6ra s\u00e5 mot alla er judar. Du \u00e4r v\u00e4rldens b\u00e4sta f\u00f6rebild. Jag b\u00f6rjar gr\u00e5ta av allt det hemska nazisterna har gjort mot dig. Jag kan knappt tro att det \u00e4r sant. Du \u00e4r en s\u00e5 bra m\u00e4nniska och du visade SS-m\u00e4nnen att du \u00e4r en s\u00e5 mycket b\u00e4ttre m\u00e4nniska \u00e4n dem genom att inte h\u00e4mnas. Det var s\u00e5 starkt gjort. Ha det s\u00e5 bra!<\/em><\/p>\n<p><em>Nu har jag sett filmen om dig. Jag \u00e4r helt m\u00e5ll\u00f6s. Inga ord \u00e4r tillr\u00e4ckliga f\u00f6r att beskriva detta, hur fantastisk du \u00e4r. Att du g\u00e5tt igenom allt detta men idag jobbar f\u00f6r att ingen annan ska f\u00e5 uppleva detta. Din historia \u00e4r s\u00e5 otroligt viktig. Det \u00e4r om\u00f6jligt f\u00f6r oss som inte upplevt n\u00e5got liknande att f\u00f6rst\u00e5 och s\u00e4tta oss in i din situation. Jag lovar att jag kommer att k\u00e4mpa f\u00f6r att f\u00f6ra din historia vidare, k\u00e4mpa f\u00f6r att s\u00e5 l\u00e4nge jag lever, aldrig l\u00e5ta n\u00e5got s\u00e5 fruktansv\u00e4rt ske igen. Jag ska f\u00f6ra din historia vidare och f\u00f6r alltid se upp till dig, som den starka m\u00e4nniska du \u00e4r. Jag \u00e4r otroligt \u00e4rad och priviligerad att f\u00e5 leva som jag g\u00f6r och f\u00e5 vara del av detta och att f\u00e5 skriva detta till dig. Tack f\u00f6r allt, tack f\u00f6r allt du gjort, tack f\u00f6r att du k\u00e4mpar. Du \u00e4r otrolig! Tack.<\/em><\/p>\n<p><em>Nu har jag sett filmen om dig. Det kommer m\u00e5nga tankar i mitt huvud. Hur kunde man bli s\u00e5 illa behandlad som m\u00e4nniska p\u00e5 grund av sin religion? Jag tycker om dig Emerich f\u00f6r att du har k\u00e4mpat s\u00e5 h\u00e5rt f\u00f6r att \u00f6verleva det som du har varit med om och idag lever ett bra liv och hj\u00e4lper ungdomar som har det jobbigt. Tack f\u00f6r att du finns och tack f\u00f6r din inspiration.<\/em><\/p>\n<p><img loading=\"lazy\" decoding=\"async\" class=\"alignnone size-full wp-image-962\" src=\"http:\/\/blogg.nykoping.se\/toleransprojektet\/wp-content\/uploads\/sites\/51\/2017\/12\/IMG_4376.jpg\" alt=\"\" width=\"4032\" height=\"3024\" srcset=\"https:\/\/blogg.nykoping.se\/toleransprojektet\/wp-content\/uploads\/sites\/51\/2017\/12\/IMG_4376.jpg 4032w, https:\/\/blogg.nykoping.se\/toleransprojektet\/wp-content\/uploads\/sites\/51\/2017\/12\/IMG_4376-1024x768.jpg 1024w, https:\/\/blogg.nykoping.se\/toleransprojektet\/wp-content\/uploads\/sites\/51\/2017\/12\/IMG_4376-768x576.jpg 768w\" sizes=\"auto, (max-width: 4032px) 100vw, 4032px\" \/><\/p>\n<p>Nu \u00e5terst\u00e5r det bara att posta breven till Emerich. Han bort i J\u00e4rf\u00e4lla norr om Stockholm och l\u00e4ser och spar alla brev han f\u00e5r fr\u00e5n elever runtom i Sverige. Han har vigt sitt liv \u00e5t att arbeta som socialarbetare och terapeut med ungdomar som hamnat i utanf\u00f6rskap och kriminalitet. Det har gett honom mening.<\/p>\n<p><img loading=\"lazy\" decoding=\"async\" class=\"alignnone size-full wp-image-963\" src=\"http:\/\/blogg.nykoping.se\/toleransprojektet\/wp-content\/uploads\/sites\/51\/2017\/12\/IMG_4378.jpg\" alt=\"\" width=\"4032\" height=\"3024\" srcset=\"https:\/\/blogg.nykoping.se\/toleransprojektet\/wp-content\/uploads\/sites\/51\/2017\/12\/IMG_4378.jpg 4032w, https:\/\/blogg.nykoping.se\/toleransprojektet\/wp-content\/uploads\/sites\/51\/2017\/12\/IMG_4378-1024x768.jpg 1024w, https:\/\/blogg.nykoping.se\/toleransprojektet\/wp-content\/uploads\/sites\/51\/2017\/12\/IMG_4378-768x576.jpg 768w\" sizes=\"auto, (max-width: 4032px) 100vw, 4032px\" \/><\/p>\n<p>Det var tr\u00f6tta och omtumlade ungdomar som fram\u00e5t 23-tiden sl\u00e4ckte lamporna och sov s\u00f6tt inf\u00f6r den kommande dagen med vanligt Toleransprojektinneh\u00e5ll. Ett antal individer hade blivit \u00e4nnu mer en grupp. Tillsammans.<\/p>\n<p><img loading=\"lazy\" decoding=\"async\" class=\"alignnone size-full wp-image-964\" src=\"http:\/\/blogg.nykoping.se\/toleransprojektet\/wp-content\/uploads\/sites\/51\/2017\/12\/IMG_4381.jpg\" alt=\"\" width=\"4032\" height=\"3024\" srcset=\"https:\/\/blogg.nykoping.se\/toleransprojektet\/wp-content\/uploads\/sites\/51\/2017\/12\/IMG_4381.jpg 4032w, https:\/\/blogg.nykoping.se\/toleransprojektet\/wp-content\/uploads\/sites\/51\/2017\/12\/IMG_4381-1024x768.jpg 1024w, https:\/\/blogg.nykoping.se\/toleransprojektet\/wp-content\/uploads\/sites\/51\/2017\/12\/IMG_4381-768x576.jpg 768w\" sizes=\"auto, (max-width: 4032px) 100vw, 4032px\" \/><\/p>\n","protected":false},"excerpt":{"rendered":"<p>Visa av erfarenheten fr\u00e5n f\u00f6rsta \u00e5ret med Toleransprojektet valde vi detta \u00e5r att genomf\u00f6ra gruppernas \u00f6vernattning p\u00e5 S\u00f6ra redan f\u00f6re jul. \u00d6vernattningen \u00e4r n\u00e4mligen ett otroligt fint tillf\u00e4lle att bygga samman gruppen \u00e4nnu mer och f\u00e5 dem att k\u00e4nna sig trygga med varandra och i sig sj\u00e4lva inf\u00f6r den stundande resan till Polen. S\u00e5, i &hellip; <a href=\"https:\/\/blogg.nykoping.se\/toleransprojektet\/2017\/12\/08\/overnattning-pa-sora\/\" class=\"more-link\">Forts\u00e4tt l\u00e4sa <span class=\"screen-reader-text\">\u00d6vernattning p\u00e5 S\u00f6ra!<\/span><\/a><\/p>\n","protected":false},"author":203,"featured_media":0,"comment_status":"open","ping_status":"open","sticky":false,"template":"","format":"standard","meta":{"footnotes":""},"categories":[1],"tags":[],"class_list":["post-940","post","type-post","status-publish","format-standard","hentry","category-okategoriserade"],"_links":{"self":[{"href":"https:\/\/blogg.nykoping.se\/toleransprojektet\/wp-json\/wp\/v2\/posts\/940","targetHints":{"allow":["GET"]}}],"collection":[{"href":"https:\/\/blogg.nykoping.se\/toleransprojektet\/wp-json\/wp\/v2\/posts"}],"about":[{"href":"https:\/\/blogg.nykoping.se\/toleransprojektet\/wp-json\/wp\/v2\/types\/post"}],"author":[{"embeddable":true,"href":"https:\/\/blogg.nykoping.se\/toleransprojektet\/wp-json\/wp\/v2\/users\/203"}],"replies":[{"embeddable":true,"href":"https:\/\/blogg.nykoping.se\/toleransprojektet\/wp-json\/wp\/v2\/comments?post=940"}],"version-history":[{"count":6,"href":"https:\/\/blogg.nykoping.se\/toleransprojektet\/wp-json\/wp\/v2\/posts\/940\/revisions"}],"predecessor-version":[{"id":1973,"href":"https:\/\/blogg.nykoping.se\/toleransprojektet\/wp-json\/wp\/v2\/posts\/940\/revisions\/1973"}],"wp:attachment":[{"href":"https:\/\/blogg.nykoping.se\/toleransprojektet\/wp-json\/wp\/v2\/media?parent=940"}],"wp:term":[{"taxonomy":"category","embeddable":true,"href":"https:\/\/blogg.nykoping.se\/toleransprojektet\/wp-json\/wp\/v2\/categories?post=940"},{"taxonomy":"post_tag","embeddable":true,"href":"https:\/\/blogg.nykoping.se\/toleransprojektet\/wp-json\/wp\/v2\/tags?post=940"}],"curies":[{"name":"wp","href":"https:\/\/api.w.org\/{rel}","templated":true}]}}