{"id":897,"date":"2017-11-30T11:08:54","date_gmt":"2017-11-30T10:08:54","guid":{"rendered":"http:\/\/blogg.nykoping.se\/toleransprojektet\/?p=897"},"modified":"2017-12-10T18:24:27","modified_gmt":"2017-12-10T17:24:27","slug":"fjarde-traffen-att-stanga-andra-ute-2","status":"publish","type":"post","link":"https:\/\/blogg.nykoping.se\/toleransprojektet\/2017\/11\/30\/fjarde-traffen-att-stanga-andra-ute-2\/","title":{"rendered":"Fj\u00e4rde tr\u00e4ffen: Att st\u00e4nga andra ute"},"content":{"rendered":"<p><img loading=\"lazy\" decoding=\"async\" class=\"alignnone size-full wp-image-929\" src=\"http:\/\/blogg.nykoping.se\/toleransprojektet\/wp-content\/uploads\/sites\/51\/2017\/11\/IMG_4491.jpg\" alt=\"\" width=\"4032\" height=\"3024\" srcset=\"https:\/\/blogg.nykoping.se\/toleransprojektet\/wp-content\/uploads\/sites\/51\/2017\/11\/IMG_4491.jpg 4032w, https:\/\/blogg.nykoping.se\/toleransprojektet\/wp-content\/uploads\/sites\/51\/2017\/11\/IMG_4491-1024x768.jpg 1024w, https:\/\/blogg.nykoping.se\/toleransprojektet\/wp-content\/uploads\/sites\/51\/2017\/11\/IMG_4491-768x576.jpg 768w\" sizes=\"auto, (max-width: 4032px) 100vw, 4032px\" \/><\/p>\n<p>I ruggig novembertid klev vi in i den gemensamma v\u00e4rmen i v\u00e5r mysiga lokal. Dagen inleddes med uppf\u00f6ljning av guldkorn ur tidigare l\u00e4xuppgifter och med att alla fick skriva ner namnet p\u00e5 en f\u00f6rebild i fr\u00e5ga om mod att l\u00e4gga i glasburken. Malala, Drottning Kristina och &#8221;min pappa&#8221; och var bara n\u00e5gra av personerna som n\u00e4mndes och skrevs ner. En av dagens l\u00e4xuppgifter hade rubriken: Den g\u00e5ngen var jag modig. S\u00e5 h\u00e4r skriver en av eleverna:<\/p>\n<p><em>En g\u00e5ng f\u00f6r inte s\u00e5 l\u00e4nge sedan var jag och mina kompisar ute. D\u00e5 kom en m\u00f6rkhyad person f\u00f6rbi. De brukar vara rasistiska men mer som n\u00e5got att sk\u00e4mta om mellan varandra. De b\u00f6rjade iallafall skrika saker som &#8221;vad m\u00f6rkt det blev, t\u00e4nd lampan!&#8221;. F\u00f6rst bara knuffade jag min n\u00e4rmaste kompis lite i sidan, men n\u00e4r han fortsatte \u00a0sa jag till honom. Alla v\u00e4nde sig mot mig. Den m\u00f6rkhyade ocks\u00e5, men bara kort innan han gick iv\u00e4g.<\/em><\/p>\n<div id='gallery-1' class='gallery galleryid-897 gallery-columns-3 gallery-size-thumbnail'><figure class='gallery-item'>\n\t\t\t<div class='gallery-icon landscape'>\n\t\t\t\t<a href='https:\/\/blogg.nykoping.se\/toleransprojektet\/img_4185\/'><img loading=\"lazy\" decoding=\"async\" width=\"150\" height=\"150\" src=\"https:\/\/blogg.nykoping.se\/toleransprojektet\/wp-content\/uploads\/sites\/51\/2017\/11\/IMG_4185-150x150.jpg\" class=\"attachment-thumbnail size-thumbnail\" alt=\"\" \/><\/a>\n\t\t\t<\/div><\/figure><figure class='gallery-item'>\n\t\t\t<div class='gallery-icon landscape'>\n\t\t\t\t<a href='https:\/\/blogg.nykoping.se\/toleransprojektet\/img_4401\/'><img loading=\"lazy\" decoding=\"async\" width=\"150\" height=\"150\" src=\"https:\/\/blogg.nykoping.se\/toleransprojektet\/wp-content\/uploads\/sites\/51\/2017\/11\/IMG_4401-150x150.jpg\" class=\"attachment-thumbnail size-thumbnail\" alt=\"\" \/><\/a>\n\t\t\t<\/div><\/figure><figure class='gallery-item'>\n\t\t\t<div class='gallery-icon landscape'>\n\t\t\t\t<a href='https:\/\/blogg.nykoping.se\/toleransprojektet\/img_4189\/'><img loading=\"lazy\" decoding=\"async\" width=\"150\" height=\"150\" src=\"https:\/\/blogg.nykoping.se\/toleransprojektet\/wp-content\/uploads\/sites\/51\/2017\/11\/IMG_4189-150x150.jpg\" class=\"attachment-thumbnail size-thumbnail\" alt=\"\" \/><\/a>\n\t\t\t<\/div><\/figure>\n\t\t<\/div>\n\n<div id='gallery-2' class='gallery galleryid-897 gallery-columns-3 gallery-size-thumbnail'><figure class='gallery-item'>\n\t\t\t<div class='gallery-icon landscape'>\n\t\t\t\t<a href='https:\/\/blogg.nykoping.se\/toleransprojektet\/img_4403\/'><img loading=\"lazy\" decoding=\"async\" width=\"150\" height=\"150\" src=\"https:\/\/blogg.nykoping.se\/toleransprojektet\/wp-content\/uploads\/sites\/51\/2017\/11\/IMG_4403-150x150.jpg\" class=\"attachment-thumbnail size-thumbnail\" alt=\"\" \/><\/a>\n\t\t\t<\/div><\/figure><figure class='gallery-item'>\n\t\t\t<div class='gallery-icon landscape'>\n\t\t\t\t<a href='https:\/\/blogg.nykoping.se\/toleransprojektet\/img_4440\/'><img loading=\"lazy\" decoding=\"async\" width=\"150\" height=\"150\" src=\"https:\/\/blogg.nykoping.se\/toleransprojektet\/wp-content\/uploads\/sites\/51\/2017\/11\/IMG_4440-150x150.jpg\" class=\"attachment-thumbnail size-thumbnail\" alt=\"\" \/><\/a>\n\t\t\t<\/div><\/figure><figure class='gallery-item'>\n\t\t\t<div class='gallery-icon landscape'>\n\t\t\t\t<a href='https:\/\/blogg.nykoping.se\/toleransprojektet\/img_4176\/'><img loading=\"lazy\" decoding=\"async\" width=\"150\" height=\"150\" src=\"https:\/\/blogg.nykoping.se\/toleransprojektet\/wp-content\/uploads\/sites\/51\/2017\/11\/IMG_4176-150x150.jpg\" class=\"attachment-thumbnail size-thumbnail\" alt=\"\" \/><\/a>\n\t\t\t<\/div><\/figure>\n\t\t<\/div>\n\n<p>Sedan tog vi oss an dagens nya tema: ATT ST\u00c4NGA ANDRA UTE. Ordet exkludering blev ett nytt begrepp att f\u00e5 grepp om och kunna anv\u00e4nda.<\/p>\n<p>Vi b\u00f6rjade med att v\u00e4nda ett antal fr\u00e5gor in\u00e5t, mot oss sj\u00e4lva. Hur g\u00f6r vi n\u00e4r vi st\u00e4nger andra ute &#8211; med tonfall, kroppsspr\u00e5k, ord och handlingar? Utifr\u00e5n detta gav vi oss in i det f\u00f6rsta stora faktamomentet kring F\u00f6rintelsen som idag handlade om hur nazisterna lade upp planen f\u00f6r och inledde den process som innebar att framf\u00f6rallt judar, men ocks\u00e5 romer och andra grupper, undan f\u00f6r undan st\u00e4ngdes ute och diskriminerades genom s\u00e4rskilda lagar som gjorde livet sv\u00e5rare och sv\u00e5rare.\u00a0Vi analyserade bilder och gick fr\u00e5n \u00e5r 1933 till 1938 &#8211; under flitigt antecknande i skrivb\u00f6ckerna.<\/p>\n<p><img loading=\"lazy\" decoding=\"async\" class=\"alignnone size-full wp-image-919\" src=\"http:\/\/blogg.nykoping.se\/toleransprojektet\/wp-content\/uploads\/sites\/51\/2017\/11\/IMG_4423.jpg\" alt=\"\" width=\"4032\" height=\"3024\" srcset=\"https:\/\/blogg.nykoping.se\/toleransprojektet\/wp-content\/uploads\/sites\/51\/2017\/11\/IMG_4423.jpg 4032w, https:\/\/blogg.nykoping.se\/toleransprojektet\/wp-content\/uploads\/sites\/51\/2017\/11\/IMG_4423-1024x768.jpg 1024w, https:\/\/blogg.nykoping.se\/toleransprojektet\/wp-content\/uploads\/sites\/51\/2017\/11\/IMG_4423-768x576.jpg 768w\" sizes=\"auto, (max-width: 4032px) 100vw, 4032px\" \/><\/p>\n<p>P\u00e5 en av bilderna l\u00e5g \u00f6sterrikiska judar i Wien p\u00e5 kn\u00e4 och skrubbade trottoaren med tandborstar under \u00f6verinseende av tyska nazister. Runtom stod inv\u00e5nare i Wien och s\u00e5g p\u00e5 n\u00e4r kanske de som var deras grannar, l\u00e4kare eller lokala handlare f\u00f6rnedrades. F\u00f6r att de var judar.<\/p>\n<p><img loading=\"lazy\" decoding=\"async\" class=\"alignnone size-full wp-image-922\" src=\"http:\/\/blogg.nykoping.se\/toleransprojektet\/wp-content\/uploads\/sites\/51\/2017\/11\/IMG_4449.jpg\" alt=\"\" width=\"4032\" height=\"3024\" srcset=\"https:\/\/blogg.nykoping.se\/toleransprojektet\/wp-content\/uploads\/sites\/51\/2017\/11\/IMG_4449.jpg 4032w, https:\/\/blogg.nykoping.se\/toleransprojektet\/wp-content\/uploads\/sites\/51\/2017\/11\/IMG_4449-1024x768.jpg 1024w, https:\/\/blogg.nykoping.se\/toleransprojektet\/wp-content\/uploads\/sites\/51\/2017\/11\/IMG_4449-768x576.jpg 768w\" sizes=\"auto, (max-width: 4032px) 100vw, 4032px\" \/><\/p>\n<p>Som vanligt n\u00e4r vi suttit fullt koncentrerade en stund bryter vi f\u00f6r en stunds fysisk aktivitet och ofta n\u00e5got slags samarbetsmoment. Idag utmanades eleverna i den till synes enkla \u00f6vningen att r\u00e4kna fr\u00e5n 1-10, en i taget, utan att tv\u00e5 eller flera r\u00e5kade s\u00e4ga en siffra samtidigt f\u00f6r d\u00e5 fick man b\u00f6rja om fr\u00e5n b\u00f6rjan. Det tog sin lilla tid men till slut gick det v\u00e4gen.<\/p>\n<div id='gallery-3' class='gallery galleryid-897 gallery-columns-3 gallery-size-thumbnail'><figure class='gallery-item'>\n\t\t\t<div class='gallery-icon landscape'>\n\t\t\t\t<a href='https:\/\/blogg.nykoping.se\/toleransprojektet\/img_4203\/'><img loading=\"lazy\" decoding=\"async\" width=\"150\" height=\"150\" src=\"https:\/\/blogg.nykoping.se\/toleransprojektet\/wp-content\/uploads\/sites\/51\/2017\/11\/IMG_4203-150x150.jpg\" class=\"attachment-thumbnail size-thumbnail\" alt=\"\" \/><\/a>\n\t\t\t<\/div><\/figure><figure class='gallery-item'>\n\t\t\t<div class='gallery-icon landscape'>\n\t\t\t\t<a href='https:\/\/blogg.nykoping.se\/toleransprojektet\/img_4198\/'><img loading=\"lazy\" decoding=\"async\" width=\"150\" height=\"150\" src=\"https:\/\/blogg.nykoping.se\/toleransprojektet\/wp-content\/uploads\/sites\/51\/2017\/11\/IMG_4198-150x150.jpg\" class=\"attachment-thumbnail size-thumbnail\" alt=\"\" \/><\/a>\n\t\t\t<\/div><\/figure><figure class='gallery-item'>\n\t\t\t<div class='gallery-icon landscape'>\n\t\t\t\t<a href='https:\/\/blogg.nykoping.se\/toleransprojektet\/img_4433\/'><img loading=\"lazy\" decoding=\"async\" width=\"150\" height=\"150\" src=\"https:\/\/blogg.nykoping.se\/toleransprojektet\/wp-content\/uploads\/sites\/51\/2017\/11\/IMG_4433-150x150.jpg\" class=\"attachment-thumbnail size-thumbnail\" alt=\"\" \/><\/a>\n\t\t\t<\/div><\/figure>\n\t\t<\/div>\n\n<p>Ett tabatapass hj\u00e4lpte ocks\u00e5 till att skapa energi och sk\u00e4rpa inf\u00f6r forts\u00e4ttningen. Alla gav j\u00e4rnet, om man ska uttrycka det milt.<\/p>\n<p><img loading=\"lazy\" decoding=\"async\" class=\"alignnone size-full wp-image-918\" src=\"http:\/\/blogg.nykoping.se\/toleransprojektet\/wp-content\/uploads\/sites\/51\/2017\/11\/IMG_4414.jpg\" alt=\"\" width=\"4032\" height=\"3024\" srcset=\"https:\/\/blogg.nykoping.se\/toleransprojektet\/wp-content\/uploads\/sites\/51\/2017\/11\/IMG_4414.jpg 4032w, https:\/\/blogg.nykoping.se\/toleransprojektet\/wp-content\/uploads\/sites\/51\/2017\/11\/IMG_4414-1024x768.jpg 1024w, https:\/\/blogg.nykoping.se\/toleransprojektet\/wp-content\/uploads\/sites\/51\/2017\/11\/IMG_4414-768x576.jpg 768w\" sizes=\"auto, (max-width: 4032px) 100vw, 4032px\" \/><\/p>\n<p>Dagens ber\u00e4ttelse h\u00e4mtades ur sk\u00f6nlitteraturen, men kunde lika g\u00e4rna ha handlat om verkliga m\u00e4nniskor. Vi f\u00f6ljde den judiska familjen Steiner, bosatta i Wien, fr\u00e5n att Hitlers lagar b\u00f6rjar begr\u00e4nsa och f\u00f6rst\u00f6ra deras liv fram till att deras tv\u00e5 flickor Steffi och Nellie 1939 s\u00e4tts med sina resv\u00e4skor p\u00e5 ett t\u00e5g med destination G\u00f6teborg.<\/p>\n<div id='gallery-4' class='gallery galleryid-897 gallery-columns-3 gallery-size-thumbnail'><figure class='gallery-item'>\n\t\t\t<div class='gallery-icon landscape'>\n\t\t\t\t<a href='https:\/\/blogg.nykoping.se\/toleransprojektet\/img_4214\/'><img loading=\"lazy\" decoding=\"async\" width=\"150\" height=\"150\" src=\"https:\/\/blogg.nykoping.se\/toleransprojektet\/wp-content\/uploads\/sites\/51\/2017\/11\/IMG_4214-150x150.jpg\" class=\"attachment-thumbnail size-thumbnail\" alt=\"\" \/><\/a>\n\t\t\t<\/div><\/figure><figure class='gallery-item'>\n\t\t\t<div class='gallery-icon landscape'>\n\t\t\t\t<a href='https:\/\/blogg.nykoping.se\/toleransprojektet\/img_4451\/'><img loading=\"lazy\" decoding=\"async\" width=\"150\" height=\"150\" src=\"https:\/\/blogg.nykoping.se\/toleransprojektet\/wp-content\/uploads\/sites\/51\/2017\/11\/IMG_4451-150x150.jpg\" class=\"attachment-thumbnail size-thumbnail\" alt=\"\" \/><\/a>\n\t\t\t<\/div><\/figure><figure class='gallery-item'>\n\t\t\t<div class='gallery-icon landscape'>\n\t\t\t\t<a href='https:\/\/blogg.nykoping.se\/toleransprojektet\/img_4216\/'><img loading=\"lazy\" decoding=\"async\" width=\"150\" height=\"150\" src=\"https:\/\/blogg.nykoping.se\/toleransprojektet\/wp-content\/uploads\/sites\/51\/2017\/11\/IMG_4216-150x150.jpg\" class=\"attachment-thumbnail size-thumbnail\" alt=\"\" \/><\/a>\n\t\t\t<\/div><\/figure>\n\t\t<\/div>\n\n<p>Eleverna fick uppgiften att i rollen som Steffi skriva en text om de k\u00e4nslor och tankar som finns i hennes inre d\u00e4r hon nu sitter med sin lillasyster p\u00e5 t\u00e5get mot Sverige. Texterna blev fantastiska. H\u00e4r kommer tv\u00e5 exempel:<\/p>\n<p><em>Jag \u00e4r Steffi och just nu sitter jag p\u00e5 t\u00e5get. Bredvid mig sitter min lillasyster Nellie. Vi har varit p\u00e5 det h\u00e4r t\u00e5get i flera dagar och \u00e4r snart framme i G\u00f6teborg. I min hand h\u00e5ller jag passet som mamma och pappa gav mig. &#8221;Stephanie Sara Steiner&#8221; st\u00e5r det. Jag hatar nazisterna och att de best\u00e4mt att alla flickor ska heta Sara. Det \u00e4r inte mitt namn och kommer aldrig att vara det. Nu stannar t\u00e5get. Utanf\u00f6r \u00e4r det inga som skriker &#8221;Heil Hitler&#8221; eller som drar m\u00e4nniskor ur sina hem.<\/em><\/p>\n<p><em>Jag k\u00e4nner mig nerv\u00f6s. Nellie sover. Det \u00e4r tungt att sitta p\u00e5 t\u00e5get, luften k\u00e4nns p\u00e5 n\u00e5got s\u00e4tt kall. Jag undrar hur mamma och pappa har det. \u00c4r de vid liv? Allt som h\u00f6rs \u00e4r gr\u00e5ten fr\u00e5n barnen och det dova ljudet fr\u00e5n f\u00f6rarkabinen. Jag vet mycket v\u00e4l att Nellie vill hem. Innan hon somnade fick jag tr\u00f6sta henne. Allt jag hoppas p\u00e5 \u00e4r att Sverige \u00e4r ett b\u00e4ttre land d\u00e4r vi kan leva fritt.<\/em><\/p>\n<p>Eleverna fick h\u00f6gl\u00e4sa sina texter f\u00f6r varandra. Det \u00e4r en viktig \u00f6vning i att v\u00e5ga. Malin l\u00e4ste sedan ur det f\u00f6rsta kapitlet i boken &#8221;En \u00f6 i havet&#8221; (av Annika Thor) som handlar om Steffi och Nellies nya liv i Sverige och sedan fick eleverna fundera \u00f6ver vilka m\u00e4nskliga r\u00e4ttigheter som tagits ifr\u00e5n dem?<\/p>\n<p><img loading=\"lazy\" decoding=\"async\" class=\"alignnone size-full wp-image-912\" src=\"http:\/\/blogg.nykoping.se\/toleransprojektet\/wp-content\/uploads\/sites\/51\/2017\/11\/IMG_4253.jpg\" alt=\"\" width=\"4032\" height=\"3024\" srcset=\"https:\/\/blogg.nykoping.se\/toleransprojektet\/wp-content\/uploads\/sites\/51\/2017\/11\/IMG_4253.jpg 4032w, https:\/\/blogg.nykoping.se\/toleransprojektet\/wp-content\/uploads\/sites\/51\/2017\/11\/IMG_4253-1024x768.jpg 1024w, https:\/\/blogg.nykoping.se\/toleransprojektet\/wp-content\/uploads\/sites\/51\/2017\/11\/IMG_4253-768x576.jpg 768w\" sizes=\"auto, (max-width: 4032px) 100vw, 4032px\" \/><\/p>\n<p>N\u00e4st p\u00e5 tur stod samarbetslunchen. Den ena gruppen fick uppgiften att fylla en resv\u00e4ska &#8211; konkret och symboliskt &#8211; med det inneh\u00e5ll gruppen t\u00e4nkte m\u00e4nniskor k\u00e4nner \u00e4r viktigast n\u00e4r man ska starta ett nytt liv i ett nytt land. Alla fick s\u00e4tta upp sin resv\u00e4ska och presentera den.<\/p>\n<div id='gallery-5' class='gallery galleryid-897 gallery-columns-3 gallery-size-thumbnail'><figure class='gallery-item'>\n\t\t\t<div class='gallery-icon landscape'>\n\t\t\t\t<a href='https:\/\/blogg.nykoping.se\/toleransprojektet\/img_4223\/'><img loading=\"lazy\" decoding=\"async\" width=\"150\" height=\"150\" src=\"https:\/\/blogg.nykoping.se\/toleransprojektet\/wp-content\/uploads\/sites\/51\/2017\/11\/IMG_4223-150x150.jpg\" class=\"attachment-thumbnail size-thumbnail\" alt=\"\" \/><\/a>\n\t\t\t<\/div><\/figure><figure class='gallery-item'>\n\t\t\t<div class='gallery-icon landscape'>\n\t\t\t\t<a href='https:\/\/blogg.nykoping.se\/toleransprojektet\/2017\/11\/30\/fjarde-traffen-att-stanga-andra-ute-2\/img_4249\/'><img loading=\"lazy\" decoding=\"async\" width=\"150\" height=\"150\" src=\"https:\/\/blogg.nykoping.se\/toleransprojektet\/wp-content\/uploads\/sites\/51\/2017\/11\/IMG_4249-150x150.jpg\" class=\"attachment-thumbnail size-thumbnail\" alt=\"\" \/><\/a>\n\t\t\t<\/div><\/figure><figure class='gallery-item'>\n\t\t\t<div class='gallery-icon landscape'>\n\t\t\t\t<a href='https:\/\/blogg.nykoping.se\/toleransprojektet\/2017\/11\/30\/fjarde-traffen-att-stanga-andra-ute-2\/img_4260\/'><img loading=\"lazy\" decoding=\"async\" width=\"150\" height=\"150\" src=\"https:\/\/blogg.nykoping.se\/toleransprojektet\/wp-content\/uploads\/sites\/51\/2017\/11\/IMG_4260-150x150.jpg\" class=\"attachment-thumbnail size-thumbnail\" alt=\"\" \/><\/a>\n\t\t\t<\/div><\/figure>\n\t\t<\/div>\n\n<p>Den andra gruppen fick ist\u00e4llet uppgiften att med hj\u00e4lp av tv\u00e5 tankebubblor fundera kring den som exkluderar och den som exkluderas. Vilka tankar, k\u00e4nslor och beteenden finns inuti den som st\u00e4nger andra ute och i den som utest\u00e4ngs? Tankebubblorna placerades runt tv\u00e5 m\u00e4nniskor p\u00e5 v\u00e5r svarta v\u00e4gg och grupperna presenterade sina tankar.<\/p>\n<div id='gallery-6' class='gallery galleryid-897 gallery-columns-3 gallery-size-thumbnail'><figure class='gallery-item'>\n\t\t\t<div class='gallery-icon landscape'>\n\t\t\t\t<a href='https:\/\/blogg.nykoping.se\/toleransprojektet\/img_4466\/'><img loading=\"lazy\" decoding=\"async\" width=\"150\" height=\"150\" src=\"https:\/\/blogg.nykoping.se\/toleransprojektet\/wp-content\/uploads\/sites\/51\/2017\/11\/IMG_4466-150x150.jpg\" class=\"attachment-thumbnail size-thumbnail\" alt=\"\" \/><\/a>\n\t\t\t<\/div><\/figure><figure class='gallery-item'>\n\t\t\t<div class='gallery-icon landscape'>\n\t\t\t\t<a href='https:\/\/blogg.nykoping.se\/toleransprojektet\/img_4499\/'><img loading=\"lazy\" decoding=\"async\" width=\"150\" height=\"150\" src=\"https:\/\/blogg.nykoping.se\/toleransprojektet\/wp-content\/uploads\/sites\/51\/2017\/11\/IMG_4499-150x150.jpg\" class=\"attachment-thumbnail size-thumbnail\" alt=\"\" \/><\/a>\n\t\t\t<\/div><\/figure><figure class='gallery-item'>\n\t\t\t<div class='gallery-icon landscape'>\n\t\t\t\t<a href='https:\/\/blogg.nykoping.se\/toleransprojektet\/img_4470\/'><img loading=\"lazy\" decoding=\"async\" width=\"150\" height=\"150\" src=\"https:\/\/blogg.nykoping.se\/toleransprojektet\/wp-content\/uploads\/sites\/51\/2017\/11\/IMG_4470-150x150.jpg\" class=\"attachment-thumbnail size-thumbnail\" alt=\"\" \/><\/a>\n\t\t\t<\/div><\/figure>\n\t\t<\/div>\n\n<p><img loading=\"lazy\" decoding=\"async\" class=\"alignnone size-full wp-image-931\" src=\"http:\/\/blogg.nykoping.se\/toleransprojektet\/wp-content\/uploads\/sites\/51\/2017\/11\/IMG_4482.jpg\" alt=\"\" width=\"4032\" height=\"3024\" srcset=\"https:\/\/blogg.nykoping.se\/toleransprojektet\/wp-content\/uploads\/sites\/51\/2017\/11\/IMG_4482.jpg 4032w, https:\/\/blogg.nykoping.se\/toleransprojektet\/wp-content\/uploads\/sites\/51\/2017\/11\/IMG_4482-1024x768.jpg 1024w, https:\/\/blogg.nykoping.se\/toleransprojektet\/wp-content\/uploads\/sites\/51\/2017\/11\/IMG_4482-768x576.jpg 768w\" sizes=\"auto, (max-width: 4032px) 100vw, 4032px\" \/><\/p>\n<p>Det \u00e4r lika fascinerande varje g\u00e5ng att se med vilket allvar och engagemang eleverna tar sig an b\u00e5de sj\u00e4lva uppgiften och presentationerna &#8211; trots att det f\u00f6r m\u00e5nga \u00e4r enormt utmanande att st\u00e5 inf\u00f6r andra och prata. Men grupperna g\u00f6r det tillsammans, och d\u00e5 g\u00e5r allt s\u00e5 mycket l\u00e4ttare.<\/p>\n<p><img loading=\"lazy\" decoding=\"async\" class=\"alignnone size-full wp-image-914\" src=\"http:\/\/blogg.nykoping.se\/toleransprojektet\/wp-content\/uploads\/sites\/51\/2017\/11\/IMG_4276.jpg\" alt=\"\" width=\"4032\" height=\"3024\" srcset=\"https:\/\/blogg.nykoping.se\/toleransprojektet\/wp-content\/uploads\/sites\/51\/2017\/11\/IMG_4276.jpg 4032w, https:\/\/blogg.nykoping.se\/toleransprojektet\/wp-content\/uploads\/sites\/51\/2017\/11\/IMG_4276-1024x768.jpg 1024w, https:\/\/blogg.nykoping.se\/toleransprojektet\/wp-content\/uploads\/sites\/51\/2017\/11\/IMG_4276-768x576.jpg 768w\" sizes=\"auto, (max-width: 4032px) 100vw, 4032px\" \/><\/p>\n<p>N\u00e4sta g\u00e5ng blir temat k\u00e4rlek och d\u00e4rf\u00f6r blir det kring detta ord eleverna f\u00e5r reflektera och skriva till n\u00e4sta tr\u00e4ff, d\u00e5 grupp 1 ocks\u00e5 har \u00f6vernattning. Grupp 2 hade \u00f6vernattning p\u00e5 S\u00f6ra inf\u00f6r denna tr\u00e4ff och de tv\u00e5 \u00f6vernattningarna f\u00e5r ett eget blogginl\u00e4gg n\u00e4sta vecka.<\/p>\n<p><img loading=\"lazy\" decoding=\"async\" class=\"alignnone size-full wp-image-932\" src=\"http:\/\/blogg.nykoping.se\/toleransprojektet\/wp-content\/uploads\/sites\/51\/2017\/11\/IMG_4506.jpg\" alt=\"\" width=\"4032\" height=\"3024\" srcset=\"https:\/\/blogg.nykoping.se\/toleransprojektet\/wp-content\/uploads\/sites\/51\/2017\/11\/IMG_4506.jpg 4032w, https:\/\/blogg.nykoping.se\/toleransprojektet\/wp-content\/uploads\/sites\/51\/2017\/11\/IMG_4506-1024x768.jpg 1024w, https:\/\/blogg.nykoping.se\/toleransprojektet\/wp-content\/uploads\/sites\/51\/2017\/11\/IMG_4506-768x576.jpg 768w\" sizes=\"auto, (max-width: 4032px) 100vw, 4032px\" \/><\/p>\n<p>&nbsp;<\/p>\n<p>&nbsp;<\/p>\n<p>&nbsp;<\/p>\n","protected":false},"excerpt":{"rendered":"<p>I ruggig novembertid klev vi in i den gemensamma v\u00e4rmen i v\u00e5r mysiga lokal. Dagen inleddes med uppf\u00f6ljning av guldkorn ur tidigare l\u00e4xuppgifter och med att alla fick skriva ner namnet p\u00e5 en f\u00f6rebild i fr\u00e5ga om mod att l\u00e4gga i glasburken. Malala, Drottning Kristina och &#8221;min pappa&#8221; och var bara n\u00e5gra av personerna som &hellip; <a href=\"https:\/\/blogg.nykoping.se\/toleransprojektet\/2017\/11\/30\/fjarde-traffen-att-stanga-andra-ute-2\/\" class=\"more-link\">Forts\u00e4tt l\u00e4sa <span class=\"screen-reader-text\">Fj\u00e4rde tr\u00e4ffen: Att st\u00e4nga andra ute<\/span><\/a><\/p>\n","protected":false},"author":203,"featured_media":0,"comment_status":"open","ping_status":"open","sticky":false,"template":"","format":"standard","meta":{"footnotes":""},"categories":[1],"tags":[],"class_list":["post-897","post","type-post","status-publish","format-standard","hentry","category-okategoriserade"],"_links":{"self":[{"href":"https:\/\/blogg.nykoping.se\/toleransprojektet\/wp-json\/wp\/v2\/posts\/897","targetHints":{"allow":["GET"]}}],"collection":[{"href":"https:\/\/blogg.nykoping.se\/toleransprojektet\/wp-json\/wp\/v2\/posts"}],"about":[{"href":"https:\/\/blogg.nykoping.se\/toleransprojektet\/wp-json\/wp\/v2\/types\/post"}],"author":[{"embeddable":true,"href":"https:\/\/blogg.nykoping.se\/toleransprojektet\/wp-json\/wp\/v2\/users\/203"}],"replies":[{"embeddable":true,"href":"https:\/\/blogg.nykoping.se\/toleransprojektet\/wp-json\/wp\/v2\/comments?post=897"}],"version-history":[{"count":12,"href":"https:\/\/blogg.nykoping.se\/toleransprojektet\/wp-json\/wp\/v2\/posts\/897\/revisions"}],"predecessor-version":[{"id":969,"href":"https:\/\/blogg.nykoping.se\/toleransprojektet\/wp-json\/wp\/v2\/posts\/897\/revisions\/969"}],"wp:attachment":[{"href":"https:\/\/blogg.nykoping.se\/toleransprojektet\/wp-json\/wp\/v2\/media?parent=897"}],"wp:term":[{"taxonomy":"category","embeddable":true,"href":"https:\/\/blogg.nykoping.se\/toleransprojektet\/wp-json\/wp\/v2\/categories?post=897"},{"taxonomy":"post_tag","embeddable":true,"href":"https:\/\/blogg.nykoping.se\/toleransprojektet\/wp-json\/wp\/v2\/tags?post=897"}],"curies":[{"name":"wp","href":"https:\/\/api.w.org\/{rel}","templated":true}]}}