{"id":847,"date":"2017-11-16T09:11:37","date_gmt":"2017-11-16T08:11:37","guid":{"rendered":"http:\/\/blogg.nykoping.se\/toleransprojektet\/?p=847"},"modified":"2017-11-16T11:29:11","modified_gmt":"2017-11-16T10:29:11","slug":"tredje-traffen-mod-och-civilkurage-2","status":"publish","type":"post","link":"https:\/\/blogg.nykoping.se\/toleransprojektet\/2017\/11\/16\/tredje-traffen-mod-och-civilkurage-2\/","title":{"rendered":"Tredje tr\u00e4ffen: Mod och civilkurage"},"content":{"rendered":"<p><img loading=\"lazy\" decoding=\"async\" class=\"alignnone size-full wp-image-851\" src=\"http:\/\/blogg.nykoping.se\/toleransprojektet\/wp-content\/uploads\/sites\/51\/2017\/11\/IMG_3810.jpg\" alt=\"\" width=\"4032\" height=\"3024\" srcset=\"https:\/\/blogg.nykoping.se\/toleransprojektet\/wp-content\/uploads\/sites\/51\/2017\/11\/IMG_3810.jpg 4032w, https:\/\/blogg.nykoping.se\/toleransprojektet\/wp-content\/uploads\/sites\/51\/2017\/11\/IMG_3810-1024x768.jpg 1024w, https:\/\/blogg.nykoping.se\/toleransprojektet\/wp-content\/uploads\/sites\/51\/2017\/11\/IMG_3810-768x576.jpg 768w\" sizes=\"auto, (max-width: 4032px) 100vw, 4032px\" \/><\/p>\n<p>Tv\u00e5 frostiga och kalla novemberdagar tr\u00e4ffades vi i grupp 1 och 2 f\u00f6r att \u00e4gna oss \u00e5t temat: MOD och CIVILKURAGE. Men vi inledde som vi alltid inleder Toleransprojektdagarna &#8211; genom att \u00e5terknyta till den f\u00f6rra tr\u00e4ffens tema och den l\u00e4xa eleverna skrivit. S\u00e5 h\u00e4r ber\u00e4ttar n\u00e5gra av eleverna under l\u00e4xrubriken &#8221;Vem \u00e4r jag?&#8221;:<\/p>\n<p><em>Enligt mig \u00e4r jag en l\u00e4tt s\u00e5rbar person med v\u00e4ldigt mycket k\u00e4nslor och \u00e5sikter. Jag \u00e4r en stor djurv\u00e4n . Jag \u00e4lskar alla djur och de flesta gillar mig. Andra ser mig som en deprimerad och st\u00f6kig sak som vill ha mycket uppm\u00e4rksamhet, vad jag har h\u00f6rt. Vissa uppfattar mig som dryg och bitchig. Fast jag \u00e4r inte det. Jag \u00e4r ganska blyg n\u00e4r jag \u00e4r sj\u00e4lv.\u00a0<\/em><\/p>\n<p><em>Jag \u00e4r en pojke som \u00e4r ateist och \u00e4lskar fotboll. Jag \u00e4r h\u00f6gerh\u00e4nt och h\u00f6gerfotad, lite irriterande. Jag \u00e4r sj\u00e4lvkritisk och nyfiken p\u00e5 hur saker och tid fungerar. [&#8230;]Jag vill vara mig sj\u00e4lv, fast lite gladare och sn\u00e4llare. Fast mest vill jag vara mig sj\u00e4lv f\u00f6r alla har brister och f\u00f6rtj\u00e4nster.<\/em><\/p>\n<div id='gallery-1' class='gallery galleryid-847 gallery-columns-3 gallery-size-thumbnail'><figure class='gallery-item'>\n\t\t\t<div class='gallery-icon landscape'>\n\t\t\t\t<a href='https:\/\/blogg.nykoping.se\/toleransprojektet\/img_4009\/'><img loading=\"lazy\" decoding=\"async\" width=\"150\" height=\"150\" src=\"https:\/\/blogg.nykoping.se\/toleransprojektet\/wp-content\/uploads\/sites\/51\/2017\/11\/IMG_4009-150x150.jpg\" class=\"attachment-thumbnail size-thumbnail\" alt=\"\" \/><\/a>\n\t\t\t<\/div><\/figure><figure class='gallery-item'>\n\t\t\t<div class='gallery-icon landscape'>\n\t\t\t\t<a href='https:\/\/blogg.nykoping.se\/toleransprojektet\/2017\/11\/16\/tredje-traffen-mod-och-civilkurage-2\/img_3809\/'><img loading=\"lazy\" decoding=\"async\" width=\"150\" height=\"150\" src=\"https:\/\/blogg.nykoping.se\/toleransprojektet\/wp-content\/uploads\/sites\/51\/2017\/11\/IMG_3809-150x150.jpg\" class=\"attachment-thumbnail size-thumbnail\" alt=\"\" \/><\/a>\n\t\t\t<\/div><\/figure><figure class='gallery-item'>\n\t\t\t<div class='gallery-icon landscape'>\n\t\t\t\t<a href='https:\/\/blogg.nykoping.se\/toleransprojektet\/img_4010\/'><img loading=\"lazy\" decoding=\"async\" width=\"150\" height=\"150\" src=\"https:\/\/blogg.nykoping.se\/toleransprojektet\/wp-content\/uploads\/sites\/51\/2017\/11\/IMG_4010-150x150.jpg\" class=\"attachment-thumbnail size-thumbnail\" alt=\"\" \/><\/a>\n\t\t\t<\/div><\/figure>\n\t\t<\/div>\n\n<p>Dagens ber\u00e4ttelse vi lyssnade till b\u00f6rjade: &#8221;Det var en g\u00e5ng tv\u00e5 m\u00e4nniskor som \u00e4lskade varandra &#8230;&#8221; och fortsatte att handla om Marie-Louise och Tony Hrons son John. I augusti 1995, n\u00e5gra dagar innan John skulle b\u00f6rja \u00e5ttan, blev han brutalt ihj\u00e4lslagen vid Ingetorpssj\u00f6n utanf\u00f6r Kung\u00e4lv d\u00e4r han campade med sin kompis Christian. John hade under en l\u00e4ngre tid v\u00e4grat vika undan f\u00f6r den ene f\u00f6r\u00f6varens kr\u00e4nkande behandling och hade ocks\u00e5 chansen att den h\u00e4r kv\u00e4llen fly genom att simma bort fr\u00e5n misshandeln, men \u00e5terv\u00e4nde f\u00f6r att r\u00e4dda Christian. Mordet p\u00e5 John Hron \u00e4r orsaken till att Toleransprojektet en g\u00e5ng startade.<\/p>\n<p><img loading=\"lazy\" decoding=\"async\" class=\"alignnone size-full wp-image-889\" src=\"http:\/\/blogg.nykoping.se\/toleransprojektet\/wp-content\/uploads\/sites\/51\/2017\/11\/IMG_4002.jpg\" alt=\"\" width=\"4032\" height=\"3024\" srcset=\"https:\/\/blogg.nykoping.se\/toleransprojektet\/wp-content\/uploads\/sites\/51\/2017\/11\/IMG_4002.jpg 4032w, https:\/\/blogg.nykoping.se\/toleransprojektet\/wp-content\/uploads\/sites\/51\/2017\/11\/IMG_4002-1024x768.jpg 1024w, https:\/\/blogg.nykoping.se\/toleransprojektet\/wp-content\/uploads\/sites\/51\/2017\/11\/IMG_4002-768x576.jpg 768w\" sizes=\"auto, (max-width: 4032px) 100vw, 4032px\" \/><\/p>\n<p>De m\u00e5nga fr\u00e5gor och perspektiv som ber\u00e4ttelsen lyfte fram arbetade vi vidare med genom ett rollspel kring begreppen: f\u00f6r\u00f6vare, offer, \u00e5sk\u00e5dare d\u00e4r eleverna s\u00e4rskilt fick s\u00e4tta sig in i olika typer av \u00e5sk\u00e5darsituationer och f\u00f6rs\u00f6ka dramatisera olika handlingsalternativ. Grupperna fick spela upp varje scen tv\u00e5 g\u00e5nger. I den ena var \u00e5sk\u00e5darna passiva och i den andra blev de aktiva och f\u00f6rs\u00f6kte ge situationen en positiv riktning.<\/p>\n<div id='gallery-2' class='gallery galleryid-847 gallery-columns-3 gallery-size-thumbnail'><figure class='gallery-item'>\n\t\t\t<div class='gallery-icon landscape'>\n\t\t\t\t<a href='https:\/\/blogg.nykoping.se\/toleransprojektet\/img_3853\/'><img loading=\"lazy\" decoding=\"async\" width=\"150\" height=\"150\" src=\"https:\/\/blogg.nykoping.se\/toleransprojektet\/wp-content\/uploads\/sites\/51\/2017\/11\/IMG_3853-150x150.jpg\" class=\"attachment-thumbnail size-thumbnail\" alt=\"\" \/><\/a>\n\t\t\t<\/div><\/figure><figure class='gallery-item'>\n\t\t\t<div class='gallery-icon landscape'>\n\t\t\t\t<a href='https:\/\/blogg.nykoping.se\/toleransprojektet\/img_4017\/'><img loading=\"lazy\" decoding=\"async\" width=\"150\" height=\"150\" src=\"https:\/\/blogg.nykoping.se\/toleransprojektet\/wp-content\/uploads\/sites\/51\/2017\/11\/IMG_4017-150x150.jpg\" class=\"attachment-thumbnail size-thumbnail\" alt=\"\" \/><\/a>\n\t\t\t<\/div><\/figure><figure class='gallery-item'>\n\t\t\t<div class='gallery-icon landscape'>\n\t\t\t\t<a href='https:\/\/blogg.nykoping.se\/toleransprojektet\/img_4020\/'><img loading=\"lazy\" decoding=\"async\" width=\"150\" height=\"150\" src=\"https:\/\/blogg.nykoping.se\/toleransprojektet\/wp-content\/uploads\/sites\/51\/2017\/11\/IMG_4020-150x150.jpg\" class=\"attachment-thumbnail size-thumbnail\" alt=\"\" \/><\/a>\n\t\t\t<\/div><\/figure>\n\t\t<\/div>\n\n<p>Vi fick tillf\u00e4lle att samtala kring flera av de vardagliga situationer som eleverna ofta befinner sig i &#8211; framf\u00f6rallt med s\u00e5 kallade &#8221;skojbr\u00e5k&#8221; som sprider oro i skolkorridorer och klassrum och f\u00e5r m\u00e5nga att k\u00e4nna sig utsatta.<\/p>\n<div id='gallery-3' class='gallery galleryid-847 gallery-columns-3 gallery-size-thumbnail'><figure class='gallery-item'>\n\t\t\t<div class='gallery-icon landscape'>\n\t\t\t\t<a href='https:\/\/blogg.nykoping.se\/toleransprojektet\/img_4049\/'><img loading=\"lazy\" decoding=\"async\" width=\"150\" height=\"150\" src=\"https:\/\/blogg.nykoping.se\/toleransprojektet\/wp-content\/uploads\/sites\/51\/2017\/11\/IMG_4049-150x150.jpg\" class=\"attachment-thumbnail size-thumbnail\" alt=\"\" \/><\/a>\n\t\t\t<\/div><\/figure><figure class='gallery-item'>\n\t\t\t<div class='gallery-icon landscape'>\n\t\t\t\t<a href='https:\/\/blogg.nykoping.se\/toleransprojektet\/img_4074\/'><img loading=\"lazy\" decoding=\"async\" width=\"150\" height=\"150\" src=\"https:\/\/blogg.nykoping.se\/toleransprojektet\/wp-content\/uploads\/sites\/51\/2017\/11\/IMG_4074-150x150.jpg\" class=\"attachment-thumbnail size-thumbnail\" alt=\"\" \/><\/a>\n\t\t\t<\/div><\/figure><figure class='gallery-item'>\n\t\t\t<div class='gallery-icon landscape'>\n\t\t\t\t<a href='https:\/\/blogg.nykoping.se\/toleransprojektet\/img_4068\/'><img loading=\"lazy\" decoding=\"async\" width=\"150\" height=\"150\" src=\"https:\/\/blogg.nykoping.se\/toleransprojektet\/wp-content\/uploads\/sites\/51\/2017\/11\/IMG_4068-150x150.jpg\" class=\"attachment-thumbnail size-thumbnail\" alt=\"\" \/><\/a>\n\t\t\t<\/div><\/figure>\n\t\t<\/div>\n\n<p><img loading=\"lazy\" decoding=\"async\" class=\"alignnone size-full wp-image-857\" src=\"http:\/\/blogg.nykoping.se\/toleransprojektet\/wp-content\/uploads\/sites\/51\/2017\/11\/IMG_3882.jpg\" alt=\"\" width=\"4032\" height=\"3024\" srcset=\"https:\/\/blogg.nykoping.se\/toleransprojektet\/wp-content\/uploads\/sites\/51\/2017\/11\/IMG_3882.jpg 4032w, https:\/\/blogg.nykoping.se\/toleransprojektet\/wp-content\/uploads\/sites\/51\/2017\/11\/IMG_3882-1024x768.jpg 1024w, https:\/\/blogg.nykoping.se\/toleransprojektet\/wp-content\/uploads\/sites\/51\/2017\/11\/IMG_3882-768x576.jpg 768w\" sizes=\"auto, (max-width: 4032px) 100vw, 4032px\" \/><\/p>\n<p>Vi fortsatte h\u00e4rifr\u00e5n med en skapande uppgift i grupp som handlade om att g\u00f6ra ett konstverk som gestaltade MOD. Alla grupper fick presentera sina konstverk och grupperna visade p\u00e5 fin samarbetsf\u00f6rm\u00e5ga och hade verkligen t\u00e4nkt till kring sina olika tolkningar.<\/p>\n<p><img loading=\"lazy\" decoding=\"async\" class=\"alignnone size-full wp-image-858\" src=\"http:\/\/blogg.nykoping.se\/toleransprojektet\/wp-content\/uploads\/sites\/51\/2017\/11\/IMG_3891.jpg\" alt=\"\" width=\"4032\" height=\"3024\" srcset=\"https:\/\/blogg.nykoping.se\/toleransprojektet\/wp-content\/uploads\/sites\/51\/2017\/11\/IMG_3891.jpg 4032w, https:\/\/blogg.nykoping.se\/toleransprojektet\/wp-content\/uploads\/sites\/51\/2017\/11\/IMG_3891-1024x768.jpg 1024w, https:\/\/blogg.nykoping.se\/toleransprojektet\/wp-content\/uploads\/sites\/51\/2017\/11\/IMG_3891-768x576.jpg 768w\" sizes=\"auto, (max-width: 4032px) 100vw, 4032px\" \/><\/p>\n<p>Vissa hade koncentrerat sig p\u00e5 exempel p\u00e5 mod, andra p\u00e5 m\u00e4nniskor som \u00e4r modiga f\u00f6rebilder. En grupp gestaltade mod som ett lejon med Pridef\u00e4rgad man. En sp\u00e4nnande fr\u00e5ga uppstod. Var i kroppen sitter modet? I huvudet, magen, hj\u00e4rtat eller n\u00e5gon annanstans?<\/p>\n<div id='gallery-4' class='gallery galleryid-847 gallery-columns-3 gallery-size-thumbnail'><figure class='gallery-item'>\n\t\t\t<div class='gallery-icon landscape'>\n\t\t\t\t<a href='https:\/\/blogg.nykoping.se\/toleransprojektet\/img_3866\/'><img loading=\"lazy\" decoding=\"async\" width=\"150\" height=\"150\" src=\"https:\/\/blogg.nykoping.se\/toleransprojektet\/wp-content\/uploads\/sites\/51\/2017\/11\/IMG_3866-150x150.jpg\" class=\"attachment-thumbnail size-thumbnail\" alt=\"\" \/><\/a>\n\t\t\t<\/div><\/figure><figure class='gallery-item'>\n\t\t\t<div class='gallery-icon landscape'>\n\t\t\t\t<a href='https:\/\/blogg.nykoping.se\/toleransprojektet\/img_3907\/'><img loading=\"lazy\" decoding=\"async\" width=\"150\" height=\"150\" src=\"https:\/\/blogg.nykoping.se\/toleransprojektet\/wp-content\/uploads\/sites\/51\/2017\/11\/IMG_3907-150x150.jpg\" class=\"attachment-thumbnail size-thumbnail\" alt=\"\" \/><\/a>\n\t\t\t<\/div><\/figure><figure class='gallery-item'>\n\t\t\t<div class='gallery-icon landscape'>\n\t\t\t\t<a href='https:\/\/blogg.nykoping.se\/toleransprojektet\/img_3901\/'><img loading=\"lazy\" decoding=\"async\" width=\"150\" height=\"150\" src=\"https:\/\/blogg.nykoping.se\/toleransprojektet\/wp-content\/uploads\/sites\/51\/2017\/11\/IMG_3901-150x150.jpg\" class=\"attachment-thumbnail size-thumbnail\" alt=\"\" \/><\/a>\n\t\t\t<\/div><\/figure>\n\t\t<\/div>\n\n<p>Efter skrivande i anteckningsb\u00f6ckerna under rubriken: &#8221;N\u00e4r jag st\u00f6r mig p\u00e5 andra&#8221; inleddes l\u00e4xtimmen och vi avslutade dagen med att g\u00e5 ner till Hovrasj\u00f6n d\u00e4r vi hade ljust\u00e4ndningen och en stunds tystnad till minne av John Hron.<\/p>\n<p><img loading=\"lazy\" decoding=\"async\" class=\"alignnone size-full wp-image-865\" src=\"http:\/\/blogg.nykoping.se\/toleransprojektet\/wp-content\/uploads\/sites\/51\/2017\/11\/IMG_3938.jpg\" alt=\"\" width=\"4032\" height=\"3024\" srcset=\"https:\/\/blogg.nykoping.se\/toleransprojektet\/wp-content\/uploads\/sites\/51\/2017\/11\/IMG_3938.jpg 4032w, https:\/\/blogg.nykoping.se\/toleransprojektet\/wp-content\/uploads\/sites\/51\/2017\/11\/IMG_3938-1024x768.jpg 1024w, https:\/\/blogg.nykoping.se\/toleransprojektet\/wp-content\/uploads\/sites\/51\/2017\/11\/IMG_3938-768x576.jpg 768w\" sizes=\"auto, (max-width: 4032px) 100vw, 4032px\" \/><\/p>\n<p>N\u00e4sta g\u00e5ng vi ses kommer vi att b\u00f6rja n\u00e4rma oss det omr\u00e5de eleverna ska f\u00e5 stor och f\u00f6rdjupad kunskap om inf\u00f6r resorna till Polen i mars, n\u00e4mligen F\u00f6rintelsen. Temat kommer att handla om att st\u00e4nga andra m\u00e4nniskor ute. F\u00f6r grupp 2 blir n\u00e4sta g\u00e5ng lite speciell eftersom de \u00e4r f\u00f6rst ut med gruppernas \u00f6vernattning p\u00e5 S\u00f6ra!<\/p>\n<p><img loading=\"lazy\" decoding=\"async\" class=\"alignnone size-full wp-image-885\" src=\"http:\/\/blogg.nykoping.se\/toleransprojektet\/wp-content\/uploads\/sites\/51\/2017\/11\/IMG_4080.jpg\" alt=\"\" width=\"4032\" height=\"3024\" srcset=\"https:\/\/blogg.nykoping.se\/toleransprojektet\/wp-content\/uploads\/sites\/51\/2017\/11\/IMG_4080.jpg 4032w, https:\/\/blogg.nykoping.se\/toleransprojektet\/wp-content\/uploads\/sites\/51\/2017\/11\/IMG_4080-1024x768.jpg 1024w, https:\/\/blogg.nykoping.se\/toleransprojektet\/wp-content\/uploads\/sites\/51\/2017\/11\/IMG_4080-768x576.jpg 768w\" sizes=\"auto, (max-width: 4032px) 100vw, 4032px\" \/><\/p>\n","protected":false},"excerpt":{"rendered":"<p>Tv\u00e5 frostiga och kalla novemberdagar tr\u00e4ffades vi i grupp 1 och 2 f\u00f6r att \u00e4gna oss \u00e5t temat: MOD och CIVILKURAGE. Men vi inledde som vi alltid inleder Toleransprojektdagarna &#8211; genom att \u00e5terknyta till den f\u00f6rra tr\u00e4ffens tema och den l\u00e4xa eleverna skrivit. S\u00e5 h\u00e4r ber\u00e4ttar n\u00e5gra av eleverna under l\u00e4xrubriken &#8221;Vem \u00e4r jag?&#8221;: Enligt &hellip; <a href=\"https:\/\/blogg.nykoping.se\/toleransprojektet\/2017\/11\/16\/tredje-traffen-mod-och-civilkurage-2\/\" class=\"more-link\">Forts\u00e4tt l\u00e4sa <span class=\"screen-reader-text\">Tredje tr\u00e4ffen: Mod och civilkurage<\/span><\/a><\/p>\n","protected":false},"author":203,"featured_media":0,"comment_status":"open","ping_status":"open","sticky":false,"template":"","format":"standard","meta":{"footnotes":""},"categories":[1],"tags":[],"class_list":["post-847","post","type-post","status-publish","format-standard","hentry","category-okategoriserade"],"_links":{"self":[{"href":"https:\/\/blogg.nykoping.se\/toleransprojektet\/wp-json\/wp\/v2\/posts\/847","targetHints":{"allow":["GET"]}}],"collection":[{"href":"https:\/\/blogg.nykoping.se\/toleransprojektet\/wp-json\/wp\/v2\/posts"}],"about":[{"href":"https:\/\/blogg.nykoping.se\/toleransprojektet\/wp-json\/wp\/v2\/types\/post"}],"author":[{"embeddable":true,"href":"https:\/\/blogg.nykoping.se\/toleransprojektet\/wp-json\/wp\/v2\/users\/203"}],"replies":[{"embeddable":true,"href":"https:\/\/blogg.nykoping.se\/toleransprojektet\/wp-json\/wp\/v2\/comments?post=847"}],"version-history":[{"count":11,"href":"https:\/\/blogg.nykoping.se\/toleransprojektet\/wp-json\/wp\/v2\/posts\/847\/revisions"}],"predecessor-version":[{"id":893,"href":"https:\/\/blogg.nykoping.se\/toleransprojektet\/wp-json\/wp\/v2\/posts\/847\/revisions\/893"}],"wp:attachment":[{"href":"https:\/\/blogg.nykoping.se\/toleransprojektet\/wp-json\/wp\/v2\/media?parent=847"}],"wp:term":[{"taxonomy":"category","embeddable":true,"href":"https:\/\/blogg.nykoping.se\/toleransprojektet\/wp-json\/wp\/v2\/categories?post=847"},{"taxonomy":"post_tag","embeddable":true,"href":"https:\/\/blogg.nykoping.se\/toleransprojektet\/wp-json\/wp\/v2\/tags?post=847"}],"curies":[{"name":"wp","href":"https:\/\/api.w.org\/{rel}","templated":true}]}}