{"id":808,"date":"2017-10-27T12:14:04","date_gmt":"2017-10-27T10:14:04","guid":{"rendered":"http:\/\/blogg.nykoping.se\/toleransprojektet\/?p=808"},"modified":"2017-10-28T10:14:16","modified_gmt":"2017-10-28T08:14:16","slug":"andra-traffen-vem-ar-jag-2","status":"publish","type":"post","link":"https:\/\/blogg.nykoping.se\/toleransprojektet\/2017\/10\/27\/andra-traffen-vem-ar-jag-2\/","title":{"rendered":"Andra tr\u00e4ffen: Vem \u00e4r jag?"},"content":{"rendered":"<p><img loading=\"lazy\" decoding=\"async\" class=\"alignnone size-full wp-image-820\" src=\"http:\/\/blogg.nykoping.se\/toleransprojektet\/wp-content\/uploads\/sites\/51\/2017\/10\/IMG_3138.jpg\" alt=\"\" width=\"4032\" height=\"3024\" srcset=\"https:\/\/blogg.nykoping.se\/toleransprojektet\/wp-content\/uploads\/sites\/51\/2017\/10\/IMG_3138.jpg 4032w, https:\/\/blogg.nykoping.se\/toleransprojektet\/wp-content\/uploads\/sites\/51\/2017\/10\/IMG_3138-1024x768.jpg 1024w, https:\/\/blogg.nykoping.se\/toleransprojektet\/wp-content\/uploads\/sites\/51\/2017\/10\/IMG_3138-768x576.jpg 768w\" sizes=\"auto, (max-width: 4032px) 100vw, 4032px\" \/><\/p>\n<p>Vid v\u00e5r andra tr\u00e4ff var alla lite varmare i kl\u00e4derna och fj\u00e4rilarna i magen fladdrade inte lika mycket. Vi b\u00f6rjade med att titta tillbaka p\u00e5 f\u00f6rsta g\u00e5ngen med hj\u00e4lp av exempel ur allas skrivb\u00f6cker. Den f\u00f6rsta l\u00e4xan, med rubriken &#8221;Vad \u00e4r en m\u00e4nniska?&#8221;, l\u00e4mnades in och s\u00e5 h\u00e4r skriver en elev:<\/p>\n<p><em>Det som skiljer en m\u00e4nniska fr\u00e5n ett djur \u00e4r alla k\u00e4nslor. Ett djur kan inte k\u00e4nna alla k\u00e4nslor som en m\u00e4nniska. Jag tror att alla f\u00f6ds med empati, det \u00e4r bara det att alla inte vill \u00f6ppna den d\u00f6rren. Alla har m\u00f6jligheten men vissa g\u00f6r inte det. En m\u00e4nsklig m\u00e4nniska \u00e4r n\u00e5gon som visar att man bryr sig om varandra. Alla m\u00e4nniskor s\u00f6ker uppm\u00e4rksamhet och bekr\u00e4ftelse.<\/em><\/p>\n<div id='gallery-1' class='gallery galleryid-808 gallery-columns-3 gallery-size-thumbnail'><figure class='gallery-item'>\n\t\t\t<div class='gallery-icon landscape'>\n\t\t\t\t<a href='https:\/\/blogg.nykoping.se\/toleransprojektet\/img_3157\/'><img loading=\"lazy\" decoding=\"async\" width=\"150\" height=\"150\" src=\"https:\/\/blogg.nykoping.se\/toleransprojektet\/wp-content\/uploads\/sites\/51\/2017\/10\/IMG_3157-150x150.jpg\" class=\"attachment-thumbnail size-thumbnail\" alt=\"\" \/><\/a>\n\t\t\t<\/div><\/figure><figure class='gallery-item'>\n\t\t\t<div class='gallery-icon landscape'>\n\t\t\t\t<a href='https:\/\/blogg.nykoping.se\/toleransprojektet\/img_2967\/'><img loading=\"lazy\" decoding=\"async\" width=\"150\" height=\"150\" src=\"https:\/\/blogg.nykoping.se\/toleransprojektet\/wp-content\/uploads\/sites\/51\/2017\/10\/IMG_2967-150x150.jpg\" class=\"attachment-thumbnail size-thumbnail\" alt=\"\" \/><\/a>\n\t\t\t<\/div><\/figure><figure class='gallery-item'>\n\t\t\t<div class='gallery-icon landscape'>\n\t\t\t\t<a href='https:\/\/blogg.nykoping.se\/toleransprojektet\/img_3165\/'><img loading=\"lazy\" decoding=\"async\" width=\"150\" height=\"150\" src=\"https:\/\/blogg.nykoping.se\/toleransprojektet\/wp-content\/uploads\/sites\/51\/2017\/10\/IMG_3165-150x150.jpg\" class=\"attachment-thumbnail size-thumbnail\" alt=\"\" \/><\/a>\n\t\t\t<\/div><\/figure>\n\t\t<\/div>\n\n<p>V\u00e5rt tema f\u00f6r andra tr\u00e4ffen var: VEM \u00c4R JAG? Vi definierade det viktiga ordet &#8221;identitet&#8221; och alla fick f\u00f6rs\u00f6ka ringa in lite av sin identitet genom tre meningar som b\u00f6rjade &#8221;Jag \u00e4r &#8230;&#8221;. Alla ins\u00e5g att vi beskriver vilka vi \u00e4r p\u00e5 olika s\u00e4tt beroende p\u00e5 vilka vi talar med och i vilket sammanhang vi befinner oss.<\/p>\n<p>Vi arbetade med begreppet identitet med hj\u00e4lp av ber\u00e4ttelsen om Jackie Arkl\u00f6v. Vi f\u00f6ljde honom fr\u00e5n barndom fram till f\u00e4ngelset d\u00e4r han nu sitter p\u00e5 livstid efter polismorden i Malexander. Eleverna funderade kring fr\u00e5gor som: Hur blev Jackie den han blev? Hur kunde det blivit annorlunda f\u00f6r honom? Vilket st\u00f6d hade han beh\u00f6vt under sin uppv\u00e4xt? P\u00e5 vilket s\u00e4tt formas vi av v\u00e5ra val? Vad betyder m\u00e4nniskor runt omkring oss f\u00f6r vilka vi blir?<\/p>\n<div id='gallery-2' class='gallery galleryid-808 gallery-columns-3 gallery-size-thumbnail'><figure class='gallery-item'>\n\t\t\t<div class='gallery-icon landscape'>\n\t\t\t\t<a href='https:\/\/blogg.nykoping.se\/toleransprojektet\/img_2938\/'><img loading=\"lazy\" decoding=\"async\" width=\"150\" height=\"150\" src=\"https:\/\/blogg.nykoping.se\/toleransprojektet\/wp-content\/uploads\/sites\/51\/2017\/10\/IMG_2938-150x150.jpg\" class=\"attachment-thumbnail size-thumbnail\" alt=\"\" \/><\/a>\n\t\t\t<\/div><\/figure><figure class='gallery-item'>\n\t\t\t<div class='gallery-icon landscape'>\n\t\t\t\t<a href='https:\/\/blogg.nykoping.se\/toleransprojektet\/img_2988\/'><img loading=\"lazy\" decoding=\"async\" width=\"150\" height=\"150\" src=\"https:\/\/blogg.nykoping.se\/toleransprojektet\/wp-content\/uploads\/sites\/51\/2017\/10\/IMG_2988-150x150.jpg\" class=\"attachment-thumbnail size-thumbnail\" alt=\"\" \/><\/a>\n\t\t\t<\/div><\/figure><figure class='gallery-item'>\n\t\t\t<div class='gallery-icon landscape'>\n\t\t\t\t<a href='https:\/\/blogg.nykoping.se\/toleransprojektet\/2017\/10\/27\/andra-traffen-vem-ar-jag-2\/img_3169\/'><img loading=\"lazy\" decoding=\"async\" width=\"150\" height=\"150\" src=\"https:\/\/blogg.nykoping.se\/toleransprojektet\/wp-content\/uploads\/sites\/51\/2017\/10\/IMG_3169-150x150.jpg\" class=\"attachment-thumbnail size-thumbnail\" alt=\"\" \/><\/a>\n\t\t\t<\/div><\/figure>\n\t\t<\/div>\n\n<p>I grupper fick eleverna ocks\u00e5 skapa levande tavlor &#8211; scener ur ber\u00e4ttelsen om Jackie Arkl\u00f6v som de tyckte var s\u00e4rskilt viktiga i hans identitetsutveckling. En elev skriver s\u00e5 h\u00e4r om dagens ber\u00e4ttelse:<\/p>\n<p><em>Det var en intressant ber\u00e4ttelse om Jackie. Jag l\u00e4rde mig hur stor betydelse uppv\u00e4xten har i ens liv.<\/em><\/p>\n<p><img loading=\"lazy\" decoding=\"async\" class=\"alignnone size-full wp-image-811\" src=\"http:\/\/blogg.nykoping.se\/toleransprojektet\/wp-content\/uploads\/sites\/51\/2017\/10\/IMG_2952.jpg\" alt=\"\" width=\"4032\" height=\"3024\" srcset=\"https:\/\/blogg.nykoping.se\/toleransprojektet\/wp-content\/uploads\/sites\/51\/2017\/10\/IMG_2952.jpg 4032w, https:\/\/blogg.nykoping.se\/toleransprojektet\/wp-content\/uploads\/sites\/51\/2017\/10\/IMG_2952-1024x768.jpg 1024w, https:\/\/blogg.nykoping.se\/toleransprojektet\/wp-content\/uploads\/sites\/51\/2017\/10\/IMG_2952-768x576.jpg 768w\" sizes=\"auto, (max-width: 4032px) 100vw, 4032px\" \/><\/p>\n<p>Genom \u00f6vningen Flygande mattan fick eleverna tr\u00e4na samarbete och kommunikation och dagens skapandeuppgift bestod i att dekorera och p\u00e5b\u00f6rja en glasburk som ska symbolisera dig sj\u00e4lv, vem du \u00e4r.<\/p>\n<div id='gallery-3' class='gallery galleryid-808 gallery-columns-3 gallery-size-thumbnail'><figure class='gallery-item'>\n\t\t\t<div class='gallery-icon landscape'>\n\t\t\t\t<a href='https:\/\/blogg.nykoping.se\/toleransprojektet\/img_3187\/'><img loading=\"lazy\" decoding=\"async\" width=\"150\" height=\"150\" src=\"https:\/\/blogg.nykoping.se\/toleransprojektet\/wp-content\/uploads\/sites\/51\/2017\/10\/IMG_3187-150x150.jpg\" class=\"attachment-thumbnail size-thumbnail\" alt=\"\" \/><\/a>\n\t\t\t<\/div><\/figure><figure class='gallery-item'>\n\t\t\t<div class='gallery-icon landscape'>\n\t\t\t\t<a href='https:\/\/blogg.nykoping.se\/toleransprojektet\/img_3203\/'><img loading=\"lazy\" decoding=\"async\" width=\"150\" height=\"150\" src=\"https:\/\/blogg.nykoping.se\/toleransprojektet\/wp-content\/uploads\/sites\/51\/2017\/10\/IMG_3203-150x150.jpg\" class=\"attachment-thumbnail size-thumbnail\" alt=\"\" \/><\/a>\n\t\t\t<\/div><\/figure><figure class='gallery-item'>\n\t\t\t<div class='gallery-icon landscape'>\n\t\t\t\t<a href='https:\/\/blogg.nykoping.se\/toleransprojektet\/img_3179\/'><img loading=\"lazy\" decoding=\"async\" width=\"150\" height=\"150\" src=\"https:\/\/blogg.nykoping.se\/toleransprojektet\/wp-content\/uploads\/sites\/51\/2017\/10\/IMG_3179-150x150.jpg\" class=\"attachment-thumbnail size-thumbnail\" alt=\"\" \/><\/a>\n\t\t\t<\/div><\/figure>\n\t\t<\/div>\n\n<p>L\u00e4xuppgiften till n\u00e4sta g\u00e5ng blev att skriva under rubriken: Vem \u00e4r jag? och att ta med en sak som ber\u00e4ttar n\u00e5got viktigt om dig sj\u00e4lv. Saken ska l\u00e4ggas i burken.<\/p>\n<div id='gallery-4' class='gallery galleryid-808 gallery-columns-3 gallery-size-thumbnail'><figure class='gallery-item'>\n\t\t\t<div class='gallery-icon landscape'>\n\t\t\t\t<a href='https:\/\/blogg.nykoping.se\/toleransprojektet\/img_3013\/'><img loading=\"lazy\" decoding=\"async\" width=\"150\" height=\"150\" src=\"https:\/\/blogg.nykoping.se\/toleransprojektet\/wp-content\/uploads\/sites\/51\/2017\/10\/IMG_3013-150x150.jpg\" class=\"attachment-thumbnail size-thumbnail\" alt=\"\" \/><\/a>\n\t\t\t<\/div><\/figure><figure class='gallery-item'>\n\t\t\t<div class='gallery-icon landscape'>\n\t\t\t\t<a href='https:\/\/blogg.nykoping.se\/toleransprojektet\/img_3199\/'><img loading=\"lazy\" decoding=\"async\" width=\"150\" height=\"150\" src=\"https:\/\/blogg.nykoping.se\/toleransprojektet\/wp-content\/uploads\/sites\/51\/2017\/10\/IMG_3199-150x150.jpg\" class=\"attachment-thumbnail size-thumbnail\" alt=\"\" \/><\/a>\n\t\t\t<\/div><\/figure><figure class='gallery-item'>\n\t\t\t<div class='gallery-icon landscape'>\n\t\t\t\t<a href='https:\/\/blogg.nykoping.se\/toleransprojektet\/img_3019\/'><img loading=\"lazy\" decoding=\"async\" width=\"150\" height=\"150\" src=\"https:\/\/blogg.nykoping.se\/toleransprojektet\/wp-content\/uploads\/sites\/51\/2017\/10\/IMG_3019-150x150.jpg\" class=\"attachment-thumbnail size-thumbnail\" alt=\"\" \/><\/a>\n\t\t\t<\/div><\/figure>\n\t\t<\/div>\n\n<p>Att l\u00e5ta eleverna skriva den h\u00e4r typen av texter \u00f6var dem i att v\u00e4nda blicken in\u00e5t och fundera \u00f6ver sin egen identitet, sina egna styrkor och utvecklingsm\u00f6jligheter, sina egna val och moraliska utg\u00e5ngspunkter.<\/p>\n<p><img loading=\"lazy\" decoding=\"async\" class=\"alignnone size-full wp-image-818\" src=\"http:\/\/blogg.nykoping.se\/toleransprojektet\/wp-content\/uploads\/sites\/51\/2017\/10\/IMG_3026.jpg\" alt=\"\" width=\"4032\" height=\"3024\" srcset=\"https:\/\/blogg.nykoping.se\/toleransprojektet\/wp-content\/uploads\/sites\/51\/2017\/10\/IMG_3026.jpg 4032w, https:\/\/blogg.nykoping.se\/toleransprojektet\/wp-content\/uploads\/sites\/51\/2017\/10\/IMG_3026-1024x768.jpg 1024w, https:\/\/blogg.nykoping.se\/toleransprojektet\/wp-content\/uploads\/sites\/51\/2017\/10\/IMG_3026-768x576.jpg 768w\" sizes=\"auto, (max-width: 4032px) 100vw, 4032px\" \/><\/p>\n<p>Efter rast ute i det fina oktoberv\u00e4dret var det dags f\u00f6r l\u00e4xtimmen. Varje tr\u00e4ff har eleverna med sig l\u00e4xor att arbeta med och regeln \u00e4r att den stillsamma pianomusik som ljuder i rummet hela tiden ska kunna h\u00f6ras &#8211; annars \u00e4r ljudniv\u00e5n f\u00f6r h\u00f6g. Denna regel h\u00e5lls v\u00e4ldigt fint.<\/p>\n<p>Nu v\u00e4ntar ett h\u00f6stlov innan det \u00e4r dags f\u00f6r den tredje tr\u00e4ffen, med ett nytt tema och en ny ber\u00e4ttelse. Det ser vi fram emot!<\/p>\n<p><img loading=\"lazy\" decoding=\"async\" class=\"alignnone size-full wp-image-817\" src=\"http:\/\/blogg.nykoping.se\/toleransprojektet\/wp-content\/uploads\/sites\/51\/2017\/10\/IMG_3020.jpg\" alt=\"\" width=\"4032\" height=\"3024\" srcset=\"https:\/\/blogg.nykoping.se\/toleransprojektet\/wp-content\/uploads\/sites\/51\/2017\/10\/IMG_3020.jpg 4032w, https:\/\/blogg.nykoping.se\/toleransprojektet\/wp-content\/uploads\/sites\/51\/2017\/10\/IMG_3020-1024x768.jpg 1024w, https:\/\/blogg.nykoping.se\/toleransprojektet\/wp-content\/uploads\/sites\/51\/2017\/10\/IMG_3020-768x576.jpg 768w\" sizes=\"auto, (max-width: 4032px) 100vw, 4032px\" \/><\/p>\n","protected":false},"excerpt":{"rendered":"<p>Vid v\u00e5r andra tr\u00e4ff var alla lite varmare i kl\u00e4derna och fj\u00e4rilarna i magen fladdrade inte lika mycket. Vi b\u00f6rjade med att titta tillbaka p\u00e5 f\u00f6rsta g\u00e5ngen med hj\u00e4lp av exempel ur allas skrivb\u00f6cker. Den f\u00f6rsta l\u00e4xan, med rubriken &#8221;Vad \u00e4r en m\u00e4nniska?&#8221;, l\u00e4mnades in och s\u00e5 h\u00e4r skriver en elev: Det som skiljer en &hellip; <a href=\"https:\/\/blogg.nykoping.se\/toleransprojektet\/2017\/10\/27\/andra-traffen-vem-ar-jag-2\/\" class=\"more-link\">Forts\u00e4tt l\u00e4sa <span class=\"screen-reader-text\">Andra tr\u00e4ffen: Vem \u00e4r jag?<\/span><\/a><\/p>\n","protected":false},"author":203,"featured_media":0,"comment_status":"open","ping_status":"open","sticky":false,"template":"","format":"standard","meta":{"footnotes":""},"categories":[1],"tags":[],"class_list":["post-808","post","type-post","status-publish","format-standard","hentry","category-okategoriserade"],"_links":{"self":[{"href":"https:\/\/blogg.nykoping.se\/toleransprojektet\/wp-json\/wp\/v2\/posts\/808","targetHints":{"allow":["GET"]}}],"collection":[{"href":"https:\/\/blogg.nykoping.se\/toleransprojektet\/wp-json\/wp\/v2\/posts"}],"about":[{"href":"https:\/\/blogg.nykoping.se\/toleransprojektet\/wp-json\/wp\/v2\/types\/post"}],"author":[{"embeddable":true,"href":"https:\/\/blogg.nykoping.se\/toleransprojektet\/wp-json\/wp\/v2\/users\/203"}],"replies":[{"embeddable":true,"href":"https:\/\/blogg.nykoping.se\/toleransprojektet\/wp-json\/wp\/v2\/comments?post=808"}],"version-history":[{"count":10,"href":"https:\/\/blogg.nykoping.se\/toleransprojektet\/wp-json\/wp\/v2\/posts\/808\/revisions"}],"predecessor-version":[{"id":843,"href":"https:\/\/blogg.nykoping.se\/toleransprojektet\/wp-json\/wp\/v2\/posts\/808\/revisions\/843"}],"wp:attachment":[{"href":"https:\/\/blogg.nykoping.se\/toleransprojektet\/wp-json\/wp\/v2\/media?parent=808"}],"wp:term":[{"taxonomy":"category","embeddable":true,"href":"https:\/\/blogg.nykoping.se\/toleransprojektet\/wp-json\/wp\/v2\/categories?post=808"},{"taxonomy":"post_tag","embeddable":true,"href":"https:\/\/blogg.nykoping.se\/toleransprojektet\/wp-json\/wp\/v2\/tags?post=808"}],"curies":[{"name":"wp","href":"https:\/\/api.w.org\/{rel}","templated":true}]}}