{"id":762,"date":"2017-10-12T10:14:20","date_gmt":"2017-10-12T08:14:20","guid":{"rendered":"http:\/\/blogg.nykoping.se\/toleransprojektet\/?p=762"},"modified":"2017-10-12T10:16:32","modified_gmt":"2017-10-12T08:16:32","slug":"forsta-traffen-vad-ar-en-manniska-2","status":"publish","type":"post","link":"https:\/\/blogg.nykoping.se\/toleransprojektet\/2017\/10\/12\/forsta-traffen-vad-ar-en-manniska-2\/","title":{"rendered":"F\u00f6rsta tr\u00e4ffen: Vad \u00e4r en m\u00e4nniska?"},"content":{"rendered":"<p><img loading=\"lazy\" decoding=\"async\" class=\"alignnone size-full wp-image-785\" src=\"http:\/\/blogg.nykoping.se\/toleransprojektet\/wp-content\/uploads\/sites\/51\/2017\/10\/IMG_2803.jpg\" alt=\"\" width=\"2048\" height=\"2048\" srcset=\"https:\/\/blogg.nykoping.se\/toleransprojektet\/wp-content\/uploads\/sites\/51\/2017\/10\/IMG_2803.jpg 2048w, https:\/\/blogg.nykoping.se\/toleransprojektet\/wp-content\/uploads\/sites\/51\/2017\/10\/IMG_2803-150x150.jpg 150w, https:\/\/blogg.nykoping.se\/toleransprojektet\/wp-content\/uploads\/sites\/51\/2017\/10\/IMG_2803-1024x1024.jpg 1024w, https:\/\/blogg.nykoping.se\/toleransprojektet\/wp-content\/uploads\/sites\/51\/2017\/10\/IMG_2803-768x768.jpg 768w\" sizes=\"auto, (max-width: 2048px) 100vw, 2048px\" \/><\/p>\n<p>Nu \u00e4r det andra l\u00e4s\u00e5ret med Toleransprojektet ig\u00e5ng p\u00e5 riktigt. B\u00e5de grupp 1 och 2 har haft sin f\u00f6rsta tr\u00e4ff p\u00e5 ett h\u00f6stmysigt S\u00f6ra. Femtio elever fr\u00e5n fyra skolor &#8211; Nyk\u00f6pings h\u00f6gstadium, Mikaeliskolan, Fokusskolan och Vittra &#8211; fick \u00e4gna dagen \u00e5t att l\u00e4ra k\u00e4nna varandra och prova de olika saker som Toleransprojektet inneh\u00e5ller.<\/p>\n<div id='gallery-1' class='gallery galleryid-762 gallery-columns-3 gallery-size-thumbnail'><figure class='gallery-item'>\n\t\t\t<div class='gallery-icon landscape'>\n\t\t\t\t<a href='https:\/\/blogg.nykoping.se\/toleransprojektet\/img_2400\/'><img loading=\"lazy\" decoding=\"async\" width=\"150\" height=\"150\" src=\"https:\/\/blogg.nykoping.se\/toleransprojektet\/wp-content\/uploads\/sites\/51\/2017\/10\/IMG_2400-150x150.jpg\" class=\"attachment-thumbnail size-thumbnail\" alt=\"\" \/><\/a>\n\t\t\t<\/div><\/figure><figure class='gallery-item'>\n\t\t\t<div class='gallery-icon landscape'>\n\t\t\t\t<a href='https:\/\/blogg.nykoping.se\/toleransprojektet\/img_2719\/'><img loading=\"lazy\" decoding=\"async\" width=\"150\" height=\"150\" src=\"https:\/\/blogg.nykoping.se\/toleransprojektet\/wp-content\/uploads\/sites\/51\/2017\/10\/IMG_2719-150x150.jpg\" class=\"attachment-thumbnail size-thumbnail\" alt=\"\" \/><\/a>\n\t\t\t<\/div><\/figure><figure class='gallery-item'>\n\t\t\t<div class='gallery-icon landscape'>\n\t\t\t\t<a href='https:\/\/blogg.nykoping.se\/toleransprojektet\/img_2467\/'><img loading=\"lazy\" decoding=\"async\" width=\"150\" height=\"150\" src=\"https:\/\/blogg.nykoping.se\/toleransprojektet\/wp-content\/uploads\/sites\/51\/2017\/10\/IMG_2467-150x150.jpg\" class=\"attachment-thumbnail size-thumbnail\" alt=\"\" \/><\/a>\n\t\t\t<\/div><\/figure>\n\t\t<\/div>\n\n<p>Dagens ber\u00e4ttelse \u00e5terkn\u00f6t till n\u00e4r vi presenterade projektet f\u00f6r dem i augusti. Vi \u00e5terv\u00e4nde till de 500 m\u00e4nnen i polisbataljon 101 i skogen i den polska byn Josefow d\u00e4r de f\u00e5tt sin allra f\u00f6rsta order, att skjuta hela den judiska bybefolkningen. N\u00e4r julimorgonen 1942 gryr \u00e4r omkring 1500 m\u00e4nniskor d\u00f6da. Detta trots att alla m\u00e4n f\u00e5tt m\u00f6jligheten att avst\u00e5 utan att drabbas av n\u00e5gra konsekvenser. Endast 10-12 m\u00e4n s\u00e4ger nej, vi g\u00f6r icke detta. Varf\u00f6r var det inte fler? Eleverna fick tillsammans diskutera och pr\u00f6va sina tankar kring temat &#8221;Vad \u00e4r en m\u00e4nniska?&#8221; Vad \u00e4r det att vara m\u00e4nsklig? Vad kr\u00e4vs det av en m\u00e4nniska f\u00f6r att g\u00e5 emot en hel grupp? Detta blir ocks\u00e5 elevernas f\u00f6rsta l\u00e4xuppgift att skriva ner sina tankar kring tills n\u00e4sta g\u00e5ng vi ses.<\/p>\n<p><img loading=\"lazy\" decoding=\"async\" class=\"alignnone size-full wp-image-768\" src=\"http:\/\/blogg.nykoping.se\/toleransprojektet\/wp-content\/uploads\/sites\/51\/2017\/10\/IMG_2441.jpg\" alt=\"\" width=\"4032\" height=\"3024\" srcset=\"https:\/\/blogg.nykoping.se\/toleransprojektet\/wp-content\/uploads\/sites\/51\/2017\/10\/IMG_2441.jpg 4032w, https:\/\/blogg.nykoping.se\/toleransprojektet\/wp-content\/uploads\/sites\/51\/2017\/10\/IMG_2441-1024x768.jpg 1024w, https:\/\/blogg.nykoping.se\/toleransprojektet\/wp-content\/uploads\/sites\/51\/2017\/10\/IMG_2441-768x576.jpg 768w\" sizes=\"auto, (max-width: 4032px) 100vw, 4032px\" \/><\/p>\n<p>Genom en kort film om FN:s deklaration om de m\u00e4nskliga r\u00e4ttigheterna stannade vi till vid den allra f\u00f6rsta artikeln, om att alla m\u00e4nniskor \u00e4r f\u00f6dda fria och lika i v\u00e4rde och r\u00e4ttigheter. Men \u00e4r det verkligen s\u00e5? K\u00e4nner alla m\u00e4nniskor det?<\/p>\n<div id='gallery-2' class='gallery galleryid-762 gallery-columns-3 gallery-size-thumbnail'><figure class='gallery-item'>\n\t\t\t<div class='gallery-icon landscape'>\n\t\t\t\t<a href='https:\/\/blogg.nykoping.se\/toleransprojektet\/img_2407\/'><img loading=\"lazy\" decoding=\"async\" width=\"150\" height=\"150\" src=\"https:\/\/blogg.nykoping.se\/toleransprojektet\/wp-content\/uploads\/sites\/51\/2017\/10\/IMG_2407-150x150.jpg\" class=\"attachment-thumbnail size-thumbnail\" alt=\"\" \/><\/a>\n\t\t\t<\/div><\/figure><figure class='gallery-item'>\n\t\t\t<div class='gallery-icon landscape'>\n\t\t\t\t<a href='https:\/\/blogg.nykoping.se\/toleransprojektet\/img_2657\/'><img loading=\"lazy\" decoding=\"async\" width=\"150\" height=\"150\" src=\"https:\/\/blogg.nykoping.se\/toleransprojektet\/wp-content\/uploads\/sites\/51\/2017\/10\/IMG_2657-150x150.jpg\" class=\"attachment-thumbnail size-thumbnail\" alt=\"\" \/><\/a>\n\t\t\t<\/div><\/figure><figure class='gallery-item'>\n\t\t\t<div class='gallery-icon landscape'>\n\t\t\t\t<a href='https:\/\/blogg.nykoping.se\/toleransprojektet\/img_2691\/'><img loading=\"lazy\" decoding=\"async\" width=\"150\" height=\"150\" src=\"https:\/\/blogg.nykoping.se\/toleransprojektet\/wp-content\/uploads\/sites\/51\/2017\/10\/IMG_2691-150x150.jpg\" class=\"attachment-thumbnail size-thumbnail\" alt=\"\" \/><\/a>\n\t\t\t<\/div><\/figure>\n\t\t<\/div>\n\n<p>Dagen fortsatte med samarbets\u00f6vningar, namntr\u00e4ning och skapande. Den allra f\u00f6rsta muntliga presentationen genomf\u00f6rdes och vi talade om hur betydelsefullt det \u00e4r att k\u00e4nna trygghet i sin grupp och hur vi kan f\u00e5 varandra att k\u00e4nna sig sedda. Alla fick varsin skrivbok som de fick uppgiften att g\u00f6ra till sin egen, personliga bok. Skrivboken kommer att f\u00f6lja eleverna genom hela projektet och anv\u00e4ndas till att b\u00e5de skriva f\u00f6r att l\u00e4ra sig och f\u00f6r att t\u00e4nka.<\/p>\n<p><img loading=\"lazy\" decoding=\"async\" class=\"alignnone size-full wp-image-787\" src=\"http:\/\/blogg.nykoping.se\/toleransprojektet\/wp-content\/uploads\/sites\/51\/2017\/10\/IMG_2659.jpg\" alt=\"\" width=\"4032\" height=\"3024\" srcset=\"https:\/\/blogg.nykoping.se\/toleransprojektet\/wp-content\/uploads\/sites\/51\/2017\/10\/IMG_2659.jpg 4032w, https:\/\/blogg.nykoping.se\/toleransprojektet\/wp-content\/uploads\/sites\/51\/2017\/10\/IMG_2659-1024x768.jpg 1024w, https:\/\/blogg.nykoping.se\/toleransprojektet\/wp-content\/uploads\/sites\/51\/2017\/10\/IMG_2659-768x576.jpg 768w\" sizes=\"auto, (max-width: 4032px) 100vw, 4032px\" \/><\/p>\n<p>Efter gruppfoto och utomhusrast i det klara h\u00f6stv\u00e4dret var det slutligen dags f\u00f6r l\u00e4xtimmen med sk\u00f6n pianomusik och arbetslugn. Innan bussen h\u00e4mtade upp alla f\u00f6r hemf\u00e4rd hade vi ordfl\u00e4ta p\u00e5 g\u00e5rden. Ord som: &#8221;annorlunda&#8221;, &#8221;roligt&#8221;, &#8221;sp\u00e4nnande&#8221; och &#8221;sk\u00f6nt&#8221; visade hur eleverna hade upplevt den f\u00f6rsta tr\u00e4ffen.<\/p>\n<div id='gallery-3' class='gallery galleryid-762 gallery-columns-3 gallery-size-thumbnail'><figure class='gallery-item'>\n\t\t\t<div class='gallery-icon landscape'>\n\t\t\t\t<a href='https:\/\/blogg.nykoping.se\/toleransprojektet\/2017\/10\/12\/forsta-traffen-vad-ar-en-manniska-2\/img_2466\/'><img loading=\"lazy\" decoding=\"async\" width=\"150\" height=\"150\" src=\"https:\/\/blogg.nykoping.se\/toleransprojektet\/wp-content\/uploads\/sites\/51\/2017\/10\/IMG_2466-150x150.jpg\" class=\"attachment-thumbnail size-thumbnail\" alt=\"\" \/><\/a>\n\t\t\t<\/div><\/figure><figure class='gallery-item'>\n\t\t\t<div class='gallery-icon landscape'>\n\t\t\t\t<a href='https:\/\/blogg.nykoping.se\/toleransprojektet\/img_2782\/'><img loading=\"lazy\" decoding=\"async\" width=\"150\" height=\"150\" src=\"https:\/\/blogg.nykoping.se\/toleransprojektet\/wp-content\/uploads\/sites\/51\/2017\/10\/IMG_2782-150x150.jpg\" class=\"attachment-thumbnail size-thumbnail\" alt=\"\" \/><\/a>\n\t\t\t<\/div><\/figure><figure class='gallery-item'>\n\t\t\t<div class='gallery-icon landscape'>\n\t\t\t\t<a href='https:\/\/blogg.nykoping.se\/toleransprojektet\/img_2701\/'><img loading=\"lazy\" decoding=\"async\" width=\"150\" height=\"150\" src=\"https:\/\/blogg.nykoping.se\/toleransprojektet\/wp-content\/uploads\/sites\/51\/2017\/10\/IMG_2701-150x150.jpg\" class=\"attachment-thumbnail size-thumbnail\" alt=\"\" \/><\/a>\n\t\t\t<\/div><\/figure>\n\t\t<\/div>\n\n<div id='gallery-4' class='gallery galleryid-762 gallery-columns-3 gallery-size-thumbnail'><figure class='gallery-item'>\n\t\t\t<div class='gallery-icon landscape'>\n\t\t\t\t<a href='https:\/\/blogg.nykoping.se\/toleransprojektet\/img_2450\/'><img loading=\"lazy\" decoding=\"async\" width=\"150\" height=\"150\" src=\"https:\/\/blogg.nykoping.se\/toleransprojektet\/wp-content\/uploads\/sites\/51\/2017\/10\/IMG_2450-150x150.jpg\" class=\"attachment-thumbnail size-thumbnail\" alt=\"\" \/><\/a>\n\t\t\t<\/div><\/figure><figure class='gallery-item'>\n\t\t\t<div class='gallery-icon landscape'>\n\t\t\t\t<a href='https:\/\/blogg.nykoping.se\/toleransprojektet\/img_2489\/'><img loading=\"lazy\" decoding=\"async\" width=\"150\" height=\"150\" src=\"https:\/\/blogg.nykoping.se\/toleransprojektet\/wp-content\/uploads\/sites\/51\/2017\/10\/IMG_2489-150x150.jpg\" class=\"attachment-thumbnail size-thumbnail\" alt=\"\" \/><\/a>\n\t\t\t<\/div><\/figure><figure class='gallery-item'>\n\t\t\t<div class='gallery-icon landscape'>\n\t\t\t\t<a href='https:\/\/blogg.nykoping.se\/toleransprojektet\/img_2485\/'><img loading=\"lazy\" decoding=\"async\" width=\"150\" height=\"150\" src=\"https:\/\/blogg.nykoping.se\/toleransprojektet\/wp-content\/uploads\/sites\/51\/2017\/10\/IMG_2485-150x150.jpg\" class=\"attachment-thumbnail size-thumbnail\" alt=\"\" \/><\/a>\n\t\t\t<\/div><\/figure>\n\t\t<\/div>\n\n<p>S\u00e5 h\u00e4r skrev n\u00e5gra av eleverna i sin skrivbok efter denna f\u00f6rsta dagen:<\/p>\n<p><em>Det k\u00e4ndes nytt f\u00f6r jag tr\u00e4ffade nya personer. Nu k\u00e4nns det inte nytt f\u00f6r jag har l\u00e4rt k\u00e4nna alla lite b\u00e4ttre.<\/em><\/p>\n<p><em>Idag har jag l\u00e4rt mig att fundera mer kring livet.<\/em><\/p>\n<p><em>N\u00e4r jag f\u00f6rst kom var jag v\u00e4ldigt nerv\u00f6s, men inte nu. Tycker att det \u00e4r en fantastisk grupp!<\/em><\/p>\n<p><img loading=\"lazy\" decoding=\"async\" class=\"alignnone size-full wp-image-798\" src=\"http:\/\/blogg.nykoping.se\/toleransprojektet\/wp-content\/uploads\/sites\/51\/2017\/10\/IMG_2786.jpg\" alt=\"\" width=\"4032\" height=\"3024\" srcset=\"https:\/\/blogg.nykoping.se\/toleransprojektet\/wp-content\/uploads\/sites\/51\/2017\/10\/IMG_2786.jpg 4032w, https:\/\/blogg.nykoping.se\/toleransprojektet\/wp-content\/uploads\/sites\/51\/2017\/10\/IMG_2786-1024x768.jpg 1024w, https:\/\/blogg.nykoping.se\/toleransprojektet\/wp-content\/uploads\/sites\/51\/2017\/10\/IMG_2786-768x576.jpg 768w\" sizes=\"auto, (max-width: 4032px) 100vw, 4032px\" \/><\/p>\n<p><em>K\u00e4nslorna var lite blandade eftersom det var nya personer och namn men jag har l\u00e4rt mig att tillsammans g\u00e5r allt b\u00e4ttre.<\/em><\/p>\n<p><em>Vi g\u00f6r s\u00e5 mycket saker inf\u00f6r och med hela gruppen. Love it.<\/em><\/p>\n<p><em>I slutet av denna sp\u00e4nnande och l\u00e4rorika dag s\u00e5 har jag l\u00e4rt k\u00e4nna m\u00e5nga nya personer.<\/em><\/p>\n<p><img loading=\"lazy\" decoding=\"async\" class=\"alignnone size-full wp-image-766\" src=\"http:\/\/blogg.nykoping.se\/toleransprojektet\/wp-content\/uploads\/sites\/51\/2017\/10\/IMG_2500.jpg\" alt=\"\" width=\"4032\" height=\"3024\" srcset=\"https:\/\/blogg.nykoping.se\/toleransprojektet\/wp-content\/uploads\/sites\/51\/2017\/10\/IMG_2500.jpg 4032w, https:\/\/blogg.nykoping.se\/toleransprojektet\/wp-content\/uploads\/sites\/51\/2017\/10\/IMG_2500-1024x768.jpg 1024w, https:\/\/blogg.nykoping.se\/toleransprojektet\/wp-content\/uploads\/sites\/51\/2017\/10\/IMG_2500-768x576.jpg 768w\" sizes=\"auto, (max-width: 4032px) 100vw, 4032px\" \/><\/p>\n<p>P\u00e5 kv\u00e4llen efter den f\u00f6rsta tr\u00e4ffen hade vi f\u00f6r\u00e4ldram\u00f6te och det k\u00e4ndes fint att f\u00e5 ber\u00e4tta om allt det sp\u00e4nnande vi g\u00f6r och det som v\u00e4ntar eleverna fram\u00f6ver. Nu ser vi fram emot n\u00e4sta tr\u00e4ff med Toleransprojektets nya grupper!<\/p>\n<p>&nbsp;<\/p>\n","protected":false},"excerpt":{"rendered":"<p>Nu \u00e4r det andra l\u00e4s\u00e5ret med Toleransprojektet ig\u00e5ng p\u00e5 riktigt. B\u00e5de grupp 1 och 2 har haft sin f\u00f6rsta tr\u00e4ff p\u00e5 ett h\u00f6stmysigt S\u00f6ra. Femtio elever fr\u00e5n fyra skolor &#8211; Nyk\u00f6pings h\u00f6gstadium, Mikaeliskolan, Fokusskolan och Vittra &#8211; fick \u00e4gna dagen \u00e5t att l\u00e4ra k\u00e4nna varandra och prova de olika saker som Toleransprojektet inneh\u00e5ller. Dagens ber\u00e4ttelse &hellip; <a href=\"https:\/\/blogg.nykoping.se\/toleransprojektet\/2017\/10\/12\/forsta-traffen-vad-ar-en-manniska-2\/\" class=\"more-link\">Forts\u00e4tt l\u00e4sa <span class=\"screen-reader-text\">F\u00f6rsta tr\u00e4ffen: Vad \u00e4r en m\u00e4nniska?<\/span><\/a><\/p>\n","protected":false},"author":203,"featured_media":0,"comment_status":"open","ping_status":"open","sticky":false,"template":"","format":"standard","meta":{"footnotes":""},"categories":[1],"tags":[],"class_list":["post-762","post","type-post","status-publish","format-standard","hentry","category-okategoriserade"],"_links":{"self":[{"href":"https:\/\/blogg.nykoping.se\/toleransprojektet\/wp-json\/wp\/v2\/posts\/762","targetHints":{"allow":["GET"]}}],"collection":[{"href":"https:\/\/blogg.nykoping.se\/toleransprojektet\/wp-json\/wp\/v2\/posts"}],"about":[{"href":"https:\/\/blogg.nykoping.se\/toleransprojektet\/wp-json\/wp\/v2\/types\/post"}],"author":[{"embeddable":true,"href":"https:\/\/blogg.nykoping.se\/toleransprojektet\/wp-json\/wp\/v2\/users\/203"}],"replies":[{"embeddable":true,"href":"https:\/\/blogg.nykoping.se\/toleransprojektet\/wp-json\/wp\/v2\/comments?post=762"}],"version-history":[{"count":11,"href":"https:\/\/blogg.nykoping.se\/toleransprojektet\/wp-json\/wp\/v2\/posts\/762\/revisions"}],"predecessor-version":[{"id":804,"href":"https:\/\/blogg.nykoping.se\/toleransprojektet\/wp-json\/wp\/v2\/posts\/762\/revisions\/804"}],"wp:attachment":[{"href":"https:\/\/blogg.nykoping.se\/toleransprojektet\/wp-json\/wp\/v2\/media?parent=762"}],"wp:term":[{"taxonomy":"category","embeddable":true,"href":"https:\/\/blogg.nykoping.se\/toleransprojektet\/wp-json\/wp\/v2\/categories?post=762"},{"taxonomy":"post_tag","embeddable":true,"href":"https:\/\/blogg.nykoping.se\/toleransprojektet\/wp-json\/wp\/v2\/tags?post=762"}],"curies":[{"name":"wp","href":"https:\/\/api.w.org\/{rel}","templated":true}]}}