{"id":737,"date":"2017-10-02T09:31:17","date_gmt":"2017-10-02T07:31:17","guid":{"rendered":"http:\/\/blogg.nykoping.se\/toleransprojektet\/?p=737"},"modified":"2017-10-02T09:31:17","modified_gmt":"2017-10-02T07:31:17","slug":"antligen-atertraff","status":"publish","type":"post","link":"https:\/\/blogg.nykoping.se\/toleransprojektet\/2017\/10\/02\/antligen-atertraff\/","title":{"rendered":"\u00c4ntligen \u00e5tertr\u00e4ff!"},"content":{"rendered":"<p><img loading=\"lazy\" decoding=\"async\" class=\"alignnone size-full wp-image-754\" src=\"http:\/\/blogg.nykoping.se\/toleransprojektet\/wp-content\/uploads\/sites\/51\/2017\/10\/IMG_2321.jpg\" alt=\"\" width=\"2048\" height=\"2048\" srcset=\"https:\/\/blogg.nykoping.se\/toleransprojektet\/wp-content\/uploads\/sites\/51\/2017\/10\/IMG_2321.jpg 2048w, https:\/\/blogg.nykoping.se\/toleransprojektet\/wp-content\/uploads\/sites\/51\/2017\/10\/IMG_2321-150x150.jpg 150w, https:\/\/blogg.nykoping.se\/toleransprojektet\/wp-content\/uploads\/sites\/51\/2017\/10\/IMG_2321-1024x1024.jpg 1024w, https:\/\/blogg.nykoping.se\/toleransprojektet\/wp-content\/uploads\/sites\/51\/2017\/10\/IMG_2321-768x768.jpg 768w\" sizes=\"auto, (max-width: 2048px) 100vw, 2048px\" \/><\/p>\n<p>\u00c4nda sedan vi skiljdes \u00e5t efter avslutningskv\u00e4llarna i maj har vi l\u00e4ngtat efter en \u00e5tertr\u00e4ff med f\u00f6rra l\u00e4s\u00e5rets toleranselever. D\u00e4rf\u00f6r var det v\u00e4ldigt roligt att \u00e4ntligen f\u00e5 se dem samlade igen f\u00f6r en eftermiddag med \u00e5terblickar, skrivande, pratande, t\u00e5rtt\u00e4vling och fram\u00e5tblickar.<\/p>\n<p>Vi s\u00e5gs p\u00e5 Alpha f\u00f6r att g\u00f6ra det enkelt f\u00f6r alla att komma. Efter den vanliga ordfl\u00e4tan \u00e4gnade vi en stund \u00e5t skrivande och pratande kring hur det var att delta i Toleransprojektet f\u00f6rra l\u00e4s\u00e5ret och vad man \u00f6nskar att gruppen ska forts\u00e4tta betyda f\u00f6r varandra. S\u00e5 h\u00e4r skrev n\u00e5gra:<\/p>\n<p><em>Jag kom hit idag f\u00f6r att jag saknar gruppen och k\u00e4nslan att vi faktiskt var en grupp. Allting \u00e4r okej, ingenting \u00e4r pinsamt. Jag saknar k\u00e4nslan som uppstod n\u00e4r man vaknade p\u00e5 morgonen de d\u00e4r fantastiska onsdagarna.<\/em><\/p>\n<p><em>Toleransprojektet betydde v\u00e4ldigt mycket f\u00f6r mig f\u00f6rra \u00e5ret. Jag har v\u00e5gat vara mig sj\u00e4lv f\u00f6r andra och jag har tagit beslut som p\u00e5verkat mitt liv positivt.<\/em><\/p>\n<p><em>Det betydde gl\u00e4dje, skratt, t\u00e5rar, k\u00e4nsliga \u00e4mnen, nya kompisar. Jag har blivit modigare och jag v\u00e5gar st\u00e5 upp mer f\u00f6r mig sj\u00e4lv nu.<\/em><\/p>\n<div id='gallery-1' class='gallery galleryid-737 gallery-columns-3 gallery-size-thumbnail'><figure class='gallery-item'>\n\t\t\t<div class='gallery-icon landscape'>\n\t\t\t\t<a href='https:\/\/blogg.nykoping.se\/toleransprojektet\/img_2151\/'><img loading=\"lazy\" decoding=\"async\" width=\"150\" height=\"150\" src=\"https:\/\/blogg.nykoping.se\/toleransprojektet\/wp-content\/uploads\/sites\/51\/2017\/10\/IMG_2151-150x150.jpg\" class=\"attachment-thumbnail size-thumbnail\" alt=\"\" \/><\/a>\n\t\t\t<\/div><\/figure><figure class='gallery-item'>\n\t\t\t<div class='gallery-icon landscape'>\n\t\t\t\t<a href='https:\/\/blogg.nykoping.se\/toleransprojektet\/img_2282\/'><img loading=\"lazy\" decoding=\"async\" width=\"150\" height=\"150\" src=\"https:\/\/blogg.nykoping.se\/toleransprojektet\/wp-content\/uploads\/sites\/51\/2017\/10\/IMG_2282-150x150.jpg\" class=\"attachment-thumbnail size-thumbnail\" alt=\"\" \/><\/a>\n\t\t\t<\/div><\/figure><figure class='gallery-item'>\n\t\t\t<div class='gallery-icon landscape'>\n\t\t\t\t<a href='https:\/\/blogg.nykoping.se\/toleransprojektet\/img_2288\/'><img loading=\"lazy\" decoding=\"async\" width=\"150\" height=\"150\" src=\"https:\/\/blogg.nykoping.se\/toleransprojektet\/wp-content\/uploads\/sites\/51\/2017\/10\/IMG_2288-150x150.jpg\" class=\"attachment-thumbnail size-thumbnail\" alt=\"\" \/><\/a>\n\t\t\t<\/div><\/figure>\n\t\t<\/div>\n\n<p>Sedan var det dags f\u00f6r den sedvanliga samarbets\u00f6vningen som idag bestod av t\u00e5rtt\u00e4vling p\u00e5 tema: Polenminnen. Den env\u00e4ldiga juryn Ola po\u00e4ngsatte samarbete, t\u00e5rtans utseende och smak, gruppens presentation samt st\u00e4dningen av hemkunskapsk\u00f6ket vi f\u00e5tt l\u00e5na. Sedan var det allm\u00e4nt t\u00e5rtfrossande!<\/p>\n<div id='gallery-2' class='gallery galleryid-737 gallery-columns-3 gallery-size-thumbnail'><figure class='gallery-item'>\n\t\t\t<div class='gallery-icon landscape'>\n\t\t\t\t<a href='https:\/\/blogg.nykoping.se\/toleransprojektet\/img_2121\/'><img loading=\"lazy\" decoding=\"async\" width=\"150\" height=\"150\" src=\"https:\/\/blogg.nykoping.se\/toleransprojektet\/wp-content\/uploads\/sites\/51\/2017\/10\/IMG_2121-150x150.jpg\" class=\"attachment-thumbnail size-thumbnail\" alt=\"\" \/><\/a>\n\t\t\t<\/div><\/figure><figure class='gallery-item'>\n\t\t\t<div class='gallery-icon landscape'>\n\t\t\t\t<a href='https:\/\/blogg.nykoping.se\/toleransprojektet\/img_2146\/'><img loading=\"lazy\" decoding=\"async\" width=\"150\" height=\"150\" src=\"https:\/\/blogg.nykoping.se\/toleransprojektet\/wp-content\/uploads\/sites\/51\/2017\/10\/IMG_2146-150x150.jpg\" class=\"attachment-thumbnail size-thumbnail\" alt=\"\" \/><\/a>\n\t\t\t<\/div><\/figure><figure class='gallery-item'>\n\t\t\t<div class='gallery-icon landscape'>\n\t\t\t\t<a href='https:\/\/blogg.nykoping.se\/toleransprojektet\/img_2265\/'><img loading=\"lazy\" decoding=\"async\" width=\"150\" height=\"150\" src=\"https:\/\/blogg.nykoping.se\/toleransprojektet\/wp-content\/uploads\/sites\/51\/2017\/10\/IMG_2265-150x150.jpg\" class=\"attachment-thumbnail size-thumbnail\" alt=\"\" \/><\/a>\n\t\t\t<\/div><\/figure>\n\t\t<\/div>\n\n<p>Vi avslutade med skrivande med utg\u00e5ngspunkt i det kommande l\u00e4s\u00e5ret. Hur ska \u00e5ret bli s\u00e5 bra som m\u00f6jligt och hur kan jag hitta motivation, var en fr\u00e5ga. M\u00e5nga f\u00f6rslag p\u00e5 aktiviteter att g\u00f6ra vid n\u00e4sta \u00e5tertr\u00e4ff kom fram. F\u00f6r alla var v\u00e4ldigt eniga om att detta inte var den sista \u00e5tertr\u00e4ffen!<\/p>\n<p><img loading=\"lazy\" decoding=\"async\" class=\"alignnone size-full wp-image-748\" src=\"http:\/\/blogg.nykoping.se\/toleransprojektet\/wp-content\/uploads\/sites\/51\/2017\/10\/IMG_2251.jpg\" alt=\"\" width=\"4032\" height=\"3024\" srcset=\"https:\/\/blogg.nykoping.se\/toleransprojektet\/wp-content\/uploads\/sites\/51\/2017\/10\/IMG_2251.jpg 4032w, https:\/\/blogg.nykoping.se\/toleransprojektet\/wp-content\/uploads\/sites\/51\/2017\/10\/IMG_2251-1024x768.jpg 1024w, https:\/\/blogg.nykoping.se\/toleransprojektet\/wp-content\/uploads\/sites\/51\/2017\/10\/IMG_2251-768x576.jpg 768w\" sizes=\"auto, (max-width: 4032px) 100vw, 4032px\" \/><\/p>\n<p>&nbsp;<\/p>\n","protected":false},"excerpt":{"rendered":"<p>\u00c4nda sedan vi skiljdes \u00e5t efter avslutningskv\u00e4llarna i maj har vi l\u00e4ngtat efter en \u00e5tertr\u00e4ff med f\u00f6rra l\u00e4s\u00e5rets toleranselever. D\u00e4rf\u00f6r var det v\u00e4ldigt roligt att \u00e4ntligen f\u00e5 se dem samlade igen f\u00f6r en eftermiddag med \u00e5terblickar, skrivande, pratande, t\u00e5rtt\u00e4vling och fram\u00e5tblickar. Vi s\u00e5gs p\u00e5 Alpha f\u00f6r att g\u00f6ra det enkelt f\u00f6r alla att komma. Efter &hellip; <a href=\"https:\/\/blogg.nykoping.se\/toleransprojektet\/2017\/10\/02\/antligen-atertraff\/\" class=\"more-link\">Forts\u00e4tt l\u00e4sa <span class=\"screen-reader-text\">\u00c4ntligen \u00e5tertr\u00e4ff!<\/span><\/a><\/p>\n","protected":false},"author":203,"featured_media":0,"comment_status":"open","ping_status":"open","sticky":false,"template":"","format":"standard","meta":{"footnotes":""},"categories":[1],"tags":[],"class_list":["post-737","post","type-post","status-publish","format-standard","hentry","category-okategoriserade"],"_links":{"self":[{"href":"https:\/\/blogg.nykoping.se\/toleransprojektet\/wp-json\/wp\/v2\/posts\/737","targetHints":{"allow":["GET"]}}],"collection":[{"href":"https:\/\/blogg.nykoping.se\/toleransprojektet\/wp-json\/wp\/v2\/posts"}],"about":[{"href":"https:\/\/blogg.nykoping.se\/toleransprojektet\/wp-json\/wp\/v2\/types\/post"}],"author":[{"embeddable":true,"href":"https:\/\/blogg.nykoping.se\/toleransprojektet\/wp-json\/wp\/v2\/users\/203"}],"replies":[{"embeddable":true,"href":"https:\/\/blogg.nykoping.se\/toleransprojektet\/wp-json\/wp\/v2\/comments?post=737"}],"version-history":[{"count":3,"href":"https:\/\/blogg.nykoping.se\/toleransprojektet\/wp-json\/wp\/v2\/posts\/737\/revisions"}],"predecessor-version":[{"id":756,"href":"https:\/\/blogg.nykoping.se\/toleransprojektet\/wp-json\/wp\/v2\/posts\/737\/revisions\/756"}],"wp:attachment":[{"href":"https:\/\/blogg.nykoping.se\/toleransprojektet\/wp-json\/wp\/v2\/media?parent=737"}],"wp:term":[{"taxonomy":"category","embeddable":true,"href":"https:\/\/blogg.nykoping.se\/toleransprojektet\/wp-json\/wp\/v2\/categories?post=737"},{"taxonomy":"post_tag","embeddable":true,"href":"https:\/\/blogg.nykoping.se\/toleransprojektet\/wp-json\/wp\/v2\/tags?post=737"}],"curies":[{"name":"wp","href":"https:\/\/api.w.org\/{rel}","templated":true}]}}