{"id":720,"date":"2017-08-29T13:07:34","date_gmt":"2017-08-29T11:07:34","guid":{"rendered":"http:\/\/blogg.nykoping.se\/toleransprojektet\/?p=720"},"modified":"2017-08-30T08:37:16","modified_gmt":"2017-08-30T06:37:16","slug":"nytt-ar-med-toleransprojektet","status":"publish","type":"post","link":"https:\/\/blogg.nykoping.se\/toleransprojektet\/2017\/08\/29\/nytt-ar-med-toleransprojektet\/","title":{"rendered":"Nytt \u00e5r med Toleransprojektet"},"content":{"rendered":"<p><img loading=\"lazy\" decoding=\"async\" class=\"alignnone size-full wp-image-717\" src=\"http:\/\/blogg.nykoping.se\/toleransprojektet\/wp-content\/uploads\/sites\/51\/2017\/08\/IMG_1692.jpg\" alt=\"\" width=\"2576\" height=\"1932\" srcset=\"https:\/\/blogg.nykoping.se\/toleransprojektet\/wp-content\/uploads\/sites\/51\/2017\/08\/IMG_1692.jpg 2576w, https:\/\/blogg.nykoping.se\/toleransprojektet\/wp-content\/uploads\/sites\/51\/2017\/08\/IMG_1692-1024x768.jpg 1024w, https:\/\/blogg.nykoping.se\/toleransprojektet\/wp-content\/uploads\/sites\/51\/2017\/08\/IMG_1692-768x576.jpg 768w\" sizes=\"auto, (max-width: 2576px) 100vw, 2576px\" \/><\/p>\n<p>Nu \u00e4r sommarlovet \u00f6ver och skol\u00e5ret har satt fart. Det inneb\u00e4r att alla nya \u00e5k 8-elever p\u00e5 Fokusskolan, Mikaeliskolan, Vittra och Nyk\u00f6pings h\u00f6gstadium har f\u00e5tt ta del av information om och presentationer av Toleransprojektet. Femtio platser v\u00e4ntar p\u00e5 de elever som ans\u00f6ker om att f\u00e5 vara med.<\/p>\n<p>Under f\u00f6rsta skolveckan tr\u00e4ffade Ola, Malin (toleranspedagoger) och Maja (ungdomsst\u00f6djare) eleverna i sammanlagt tjugo klasser. Eftersom varje tr\u00e4ff med Toleransprojektet inneh\u00e5ller en verklig ber\u00e4ttelse fick eleverna lyssna till och fundera kring ber\u00e4ttelsen om polisbataljon 101 och den sv\u00e5ra valsituation de st\u00e4lls inf\u00f6r n\u00e4r de f\u00e5r sin f\u00f6rsta order i den lilla polska byn Josefow en julinatt 1942. Sedan f\u00f6ljde information om vad Toleransprojektet \u00e4r, hur man ans\u00f6ker om en plats och alla fick se en film d\u00e4r n\u00e5gra f\u00f6rra \u00e5rets elever ber\u00e4ttar om varf\u00f6r de s\u00f6kte och vad de f\u00e5tt f\u00f6r nya erfarenheter. H\u00e4r kan ni se filmen:<\/p>\n<p><iframe loading=\"lazy\" title=\"Elevr\u00f6ster om Toleransprojektet\" width=\"660\" height=\"371\" src=\"https:\/\/www.youtube.com\/embed\/k_ljLU7qfNQ?feature=oembed\" frameborder=\"0\" allow=\"accelerometer; autoplay; clipboard-write; encrypted-media; gyroscope; picture-in-picture; web-share\" referrerpolicy=\"strict-origin-when-cross-origin\" allowfullscreen><\/iframe><\/p>\n<p>P\u00e5 onsdag (30\/8) kl 14.00 kan elever i \u00e5rskurs 8 som vill st\u00e4lla fr\u00e5gor till f\u00f6rra \u00e5rets elever komma till kafeterian p\u00e5 Nyk\u00f6pings h\u00f6gstadium, Alpha. Samma kv\u00e4ll kl 18.00 i miniaula 1 p\u00e5 Alpha \u00e4r det informationsm\u00f6te f\u00f6r f\u00f6r\u00e4ldrar och v\u00e5rdnadshavare som vill veta mer om Toleransprojektet.<\/p>\n<p><img loading=\"lazy\" decoding=\"async\" class=\"alignnone size-full wp-image-718\" src=\"http:\/\/blogg.nykoping.se\/toleransprojektet\/wp-content\/uploads\/sites\/51\/2017\/08\/IMG_1730.jpg\" alt=\"\" width=\"4032\" height=\"3024\" srcset=\"https:\/\/blogg.nykoping.se\/toleransprojektet\/wp-content\/uploads\/sites\/51\/2017\/08\/IMG_1730.jpg 4032w, https:\/\/blogg.nykoping.se\/toleransprojektet\/wp-content\/uploads\/sites\/51\/2017\/08\/IMG_1730-1024x768.jpg 1024w, https:\/\/blogg.nykoping.se\/toleransprojektet\/wp-content\/uploads\/sites\/51\/2017\/08\/IMG_1730-768x576.jpg 768w\" sizes=\"auto, (max-width: 4032px) 100vw, 4032px\" \/><\/p>\n<p><strong>Ans\u00f6kningstiden p\u00e5g\u00e5r fram till<\/strong> <strong>onsdag 6 september<\/strong>.<strong>\u00a0<\/strong>Det \u00e4r sista dagen att l\u00e4mna in ans\u00f6kningsblanketten till sin mentor. Vi hoppas s\u00e5 klart att m\u00e5nga elever s\u00f6ker om en plats i Toleransprojektet.<\/p>\n<p>Vill du ha mer information, kontakta oss g\u00e4rna:<br \/>\nOla Flenneg\u00e5rd, mb 073-426 88 12<br \/>\nMalin Mattsson Flenneg\u00e5rd, mb 073-773 74 70<br \/>\nMaria Ulvenhag (Maja), mb 073-773 73 92<\/p>\n<p>Vi vill ocks\u00e5 passa p\u00e5 att p\u00e5minna om vad ungdomsst\u00f6djarna i Nyk\u00f6ping kan hj\u00e4lpa och ge st\u00f6d kring, oavsett om man g\u00e5r Toleransprojektet eller inte. Se deras fina film\u00a0<a href=\"https:\/\/www.youtube.com\/watch?v=3JeKwfHatFw&amp;feature=youtu.be\">h\u00e4r<\/a>!<\/p>\n<p><img loading=\"lazy\" decoding=\"async\" class=\"alignnone size-full wp-image-719\" src=\"http:\/\/blogg.nykoping.se\/toleransprojektet\/wp-content\/uploads\/sites\/51\/2017\/08\/IMG_1810.jpg\" alt=\"\" width=\"4032\" height=\"3024\" srcset=\"https:\/\/blogg.nykoping.se\/toleransprojektet\/wp-content\/uploads\/sites\/51\/2017\/08\/IMG_1810.jpg 4032w, https:\/\/blogg.nykoping.se\/toleransprojektet\/wp-content\/uploads\/sites\/51\/2017\/08\/IMG_1810-1024x768.jpg 1024w, https:\/\/blogg.nykoping.se\/toleransprojektet\/wp-content\/uploads\/sites\/51\/2017\/08\/IMG_1810-768x576.jpg 768w\" sizes=\"auto, (max-width: 4032px) 100vw, 4032px\" \/><\/p>\n<p>&nbsp;<\/p>\n","protected":false},"excerpt":{"rendered":"<p>Nu \u00e4r sommarlovet \u00f6ver och skol\u00e5ret har satt fart. Det inneb\u00e4r att alla nya \u00e5k 8-elever p\u00e5 Fokusskolan, Mikaeliskolan, Vittra och Nyk\u00f6pings h\u00f6gstadium har f\u00e5tt ta del av information om och presentationer av Toleransprojektet. Femtio platser v\u00e4ntar p\u00e5 de elever som ans\u00f6ker om att f\u00e5 vara med. Under f\u00f6rsta skolveckan tr\u00e4ffade Ola, Malin (toleranspedagoger) och &hellip; <a href=\"https:\/\/blogg.nykoping.se\/toleransprojektet\/2017\/08\/29\/nytt-ar-med-toleransprojektet\/\" class=\"more-link\">Forts\u00e4tt l\u00e4sa <span class=\"screen-reader-text\">Nytt \u00e5r med Toleransprojektet<\/span><\/a><\/p>\n","protected":false},"author":203,"featured_media":0,"comment_status":"open","ping_status":"open","sticky":false,"template":"","format":"standard","meta":{"footnotes":""},"categories":[1],"tags":[],"class_list":["post-720","post","type-post","status-publish","format-standard","hentry","category-okategoriserade"],"_links":{"self":[{"href":"https:\/\/blogg.nykoping.se\/toleransprojektet\/wp-json\/wp\/v2\/posts\/720","targetHints":{"allow":["GET"]}}],"collection":[{"href":"https:\/\/blogg.nykoping.se\/toleransprojektet\/wp-json\/wp\/v2\/posts"}],"about":[{"href":"https:\/\/blogg.nykoping.se\/toleransprojektet\/wp-json\/wp\/v2\/types\/post"}],"author":[{"embeddable":true,"href":"https:\/\/blogg.nykoping.se\/toleransprojektet\/wp-json\/wp\/v2\/users\/203"}],"replies":[{"embeddable":true,"href":"https:\/\/blogg.nykoping.se\/toleransprojektet\/wp-json\/wp\/v2\/comments?post=720"}],"version-history":[{"count":8,"href":"https:\/\/blogg.nykoping.se\/toleransprojektet\/wp-json\/wp\/v2\/posts\/720\/revisions"}],"predecessor-version":[{"id":731,"href":"https:\/\/blogg.nykoping.se\/toleransprojektet\/wp-json\/wp\/v2\/posts\/720\/revisions\/731"}],"wp:attachment":[{"href":"https:\/\/blogg.nykoping.se\/toleransprojektet\/wp-json\/wp\/v2\/media?parent=720"}],"wp:term":[{"taxonomy":"category","embeddable":true,"href":"https:\/\/blogg.nykoping.se\/toleransprojektet\/wp-json\/wp\/v2\/categories?post=720"},{"taxonomy":"post_tag","embeddable":true,"href":"https:\/\/blogg.nykoping.se\/toleransprojektet\/wp-json\/wp\/v2\/tags?post=720"}],"curies":[{"name":"wp","href":"https:\/\/api.w.org\/{rel}","templated":true}]}}