{"id":72,"date":"2016-10-29T12:18:17","date_gmt":"2016-10-29T10:18:17","guid":{"rendered":"http:\/\/blogg.nykoping.se\/tolerans\/?p=72"},"modified":"2016-11-10T12:21:49","modified_gmt":"2016-11-10T11:21:49","slug":"andra-traffen-vem-ar-jag","status":"publish","type":"post","link":"https:\/\/blogg.nykoping.se\/toleransprojektet\/2016\/10\/29\/andra-traffen-vem-ar-jag\/","title":{"rendered":"Andra tr\u00e4ffen: Vem \u00e4r jag?"},"content":{"rendered":"<div id='gallery-1' class='gallery galleryid-72 gallery-columns-3 gallery-size-thumbnail'><figure class='gallery-item'>\n\t\t\t<div class='gallery-icon landscape'>\n\t\t\t\t<a href='https:\/\/blogg.nykoping.se\/toleransprojektet\/2016\/10\/14\/forsta-traffen-vad-ar-en-manniska\/lyssnar-arklov-2\/'><img loading=\"lazy\" decoding=\"async\" width=\"150\" height=\"150\" src=\"https:\/\/blogg.nykoping.se\/toleransprojektet\/wp-content\/uploads\/sites\/51\/2016\/11\/Lyssnar-Arkl\u00f6v-2-150x150.jpg\" class=\"attachment-thumbnail size-thumbnail\" alt=\"\" \/><\/a>\n\t\t\t<\/div><\/figure><figure class='gallery-item'>\n\t\t\t<div class='gallery-icon portrait'>\n\t\t\t\t<a href='https:\/\/blogg.nykoping.se\/toleransprojektet\/2016\/10\/14\/forsta-traffen-vad-ar-en-manniska\/samarbete-mattan-2\/'><img loading=\"lazy\" decoding=\"async\" width=\"150\" height=\"150\" src=\"https:\/\/blogg.nykoping.se\/toleransprojektet\/wp-content\/uploads\/sites\/51\/2016\/11\/Samarbete-mattan-2-150x150.jpg\" class=\"attachment-thumbnail size-thumbnail\" alt=\"\" \/><\/a>\n\t\t\t<\/div><\/figure><figure class='gallery-item'>\n\t\t\t<div class='gallery-icon landscape'>\n\t\t\t\t<a href='https:\/\/blogg.nykoping.se\/toleransprojektet\/2016\/10\/14\/forsta-traffen-vad-ar-en-manniska\/levande-tavla-arklov\/'><img loading=\"lazy\" decoding=\"async\" width=\"150\" height=\"150\" src=\"https:\/\/blogg.nykoping.se\/toleransprojektet\/wp-content\/uploads\/sites\/51\/2016\/11\/Levande-tavla-Arkl\u00f6v-150x150.jpg\" class=\"attachment-thumbnail size-thumbnail\" alt=\"\" \/><\/a>\n\t\t\t<\/div><\/figure>\n\t\t<\/div>\n\n<p>Den andra tr\u00e4ffen var alla lite mer varma i kl\u00e4derna, kunde n\u00e4stan alla namn och v\u00e5gade prata och samarbeta mer avslappnat. Alla elever \u00e4r verkligen modiga och utmanar hela tiden sina r\u00e4dslor och gr\u00e4nser.<\/p>\n<p>V\u00e5rt tema f\u00f6r andra tr\u00e4ffen var: VEM \u00c4R JAG? Vi arbetade med begreppet identitet med hj\u00e4lp av ber\u00e4ttelsen om Jackie Arkl\u00f6v. Vi f\u00f6ljde honom fr\u00e5n barndom fram till f\u00e4ngelset d\u00e4r han nu sitter p\u00e5 livstid efter polismorden i Malexander. Eleverna funderade kring fr\u00e5gor som: Hur blev Jackie den han blev? Hur kunde det blivit annorlunda f\u00f6r honom? Vilket st\u00f6d hade han beh\u00f6vt under sin uppv\u00e4xt? P\u00e5 vilket s\u00e4tt formas vi av v\u00e5ra val? Vad betyder m\u00e4nniskor runt omkring oss f\u00f6r vilka vi blir?<\/p>\n<p>Genom \u00f6vningen Flygande mattan fick eleverna tr\u00e4na samarbete och kommunikation och dagens skapandeuppgift bestod i att dekorera och b\u00f6rja en glasburk som ska symbolisera dig sj\u00e4lv, vem du \u00e4r.<\/p>\n<figure id=\"attachment_45\" aria-describedby=\"caption-attachment-45\" style=\"width: 4032px\" class=\"wp-caption alignnone\"><img loading=\"lazy\" decoding=\"async\" class=\"size-full wp-image-45\" src=\"http:\/\/blogg.nykoping.se\/tolerans\/wp-content\/uploads\/sites\/51\/2016\/11\/Burkar.jpg\" alt=\"text\" width=\"4032\" height=\"3024\" srcset=\"https:\/\/blogg.nykoping.se\/toleransprojektet\/wp-content\/uploads\/sites\/51\/2016\/11\/Burkar.jpg 4032w, https:\/\/blogg.nykoping.se\/toleransprojektet\/wp-content\/uploads\/sites\/51\/2016\/11\/Burkar-300x225.jpg 300w, https:\/\/blogg.nykoping.se\/toleransprojektet\/wp-content\/uploads\/sites\/51\/2016\/11\/Burkar-768x576.jpg 768w, https:\/\/blogg.nykoping.se\/toleransprojektet\/wp-content\/uploads\/sites\/51\/2016\/11\/Burkar-1024x768.jpg 1024w\" sizes=\"auto, (max-width: 4032px) 100vw, 4032px\" \/><figcaption id=\"caption-attachment-45\" class=\"wp-caption-text\">text<\/figcaption><\/figure>\n<p>I grupper fick eleverna ocks\u00e5 skapa levande tavlor &#8211; scener ur ber\u00e4ttelsen om Jackie Arkl\u00f6v som de tyckte var s\u00e4rskilt viktiga i hans identitetsutveckling.<\/p>\n<p>L\u00e4xuppgiften till n\u00e4sta g\u00e5ng blev att skriva under rubriken: Vem \u00e4r jag? och att ta med en sak som ber\u00e4ttar n\u00e5got viktigt om dig sj\u00e4lv. Saken ska l\u00e4ggas i burken.<\/p>\n<p>En av eleverna skriver i sin l\u00e4xuppgift:<br \/>\n&#8221;Jag \u00e4r v\u00e4nsterh\u00e4nt och gillar att \u00e4ta glass och tacos. Jag \u00e4r en v\u00e4ldigt lugn person och \u00e4r bra p\u00e5 att lyssna p\u00e5 vad folk s\u00e4ger. Jag tror att andra tycker att jag \u00e4r f\u00f6r sn\u00e4ll s\u00e5 att de anser att jag \u00e4r en svag person. Jag tror ocks\u00e5 att folk k\u00e4nner att de kan lita p\u00e5 mig l\u00e4ttare, allts\u00e5 att jag inte sviker.&#8221;<\/p>\n<p>Att l\u00e5ta eleverna skriva den h\u00e4r typen av texter \u00f6var dem i att v\u00e4nda blicken in\u00e5t och fundera \u00f6ver sin egen identitet, sina egna styrkor och utvecklingsm\u00f6jligheter, sina egna val och moraliska utg\u00e5ngspunkter.<\/p>\n<div id='gallery-2' class='gallery galleryid-72 gallery-columns-3 gallery-size-thumbnail'><figure class='gallery-item'>\n\t\t\t<div class='gallery-icon landscape'>\n\t\t\t\t<a href='https:\/\/blogg.nykoping.se\/toleransprojektet\/2016\/10\/14\/forsta-traffen-vad-ar-en-manniska\/skapande-burk-3\/'><img loading=\"lazy\" decoding=\"async\" width=\"150\" height=\"150\" src=\"https:\/\/blogg.nykoping.se\/toleransprojektet\/wp-content\/uploads\/sites\/51\/2016\/11\/Skapande-burk-3-150x150.jpg\" class=\"attachment-thumbnail size-thumbnail\" alt=\"\" \/><\/a>\n\t\t\t<\/div><\/figure><figure class='gallery-item'>\n\t\t\t<div class='gallery-icon landscape'>\n\t\t\t\t<a href='https:\/\/blogg.nykoping.se\/toleransprojektet\/2016\/10\/14\/forsta-traffen-vad-ar-en-manniska\/skapande-2-2\/'><img loading=\"lazy\" decoding=\"async\" width=\"150\" height=\"150\" src=\"https:\/\/blogg.nykoping.se\/toleransprojektet\/wp-content\/uploads\/sites\/51\/2016\/11\/Skapande-2-1-150x150.jpg\" class=\"attachment-thumbnail size-thumbnail\" alt=\"\" \/><\/a>\n\t\t\t<\/div><\/figure><figure class='gallery-item'>\n\t\t\t<div class='gallery-icon portrait'>\n\t\t\t\t<a href='https:\/\/blogg.nykoping.se\/toleransprojektet\/2016\/10\/14\/forsta-traffen-vad-ar-en-manniska\/skapande-burk-2\/'><img loading=\"lazy\" decoding=\"async\" width=\"150\" height=\"150\" src=\"https:\/\/blogg.nykoping.se\/toleransprojektet\/wp-content\/uploads\/sites\/51\/2016\/11\/Skapande-burk-2-150x150.jpg\" class=\"attachment-thumbnail size-thumbnail\" alt=\"\" \/><\/a>\n\t\t\t<\/div><\/figure>\n\t\t<\/div>\n\n","protected":false},"excerpt":{"rendered":"<p>Den andra tr\u00e4ffen var alla lite mer varma i kl\u00e4derna, kunde n\u00e4stan alla namn och v\u00e5gade prata och samarbeta mer avslappnat. Alla elever \u00e4r verkligen modiga och utmanar hela tiden sina r\u00e4dslor och gr\u00e4nser. V\u00e5rt tema f\u00f6r andra tr\u00e4ffen var: VEM \u00c4R JAG? Vi arbetade med begreppet identitet med hj\u00e4lp av ber\u00e4ttelsen om Jackie Arkl\u00f6v. &hellip; <a href=\"https:\/\/blogg.nykoping.se\/toleransprojektet\/2016\/10\/29\/andra-traffen-vem-ar-jag\/\" class=\"more-link\">Forts\u00e4tt l\u00e4sa <span class=\"screen-reader-text\">Andra tr\u00e4ffen: Vem \u00e4r jag?<\/span><\/a><\/p>\n","protected":false},"author":203,"featured_media":0,"comment_status":"open","ping_status":"open","sticky":false,"template":"","format":"standard","meta":{"footnotes":""},"categories":[1],"tags":[],"class_list":["post-72","post","type-post","status-publish","format-standard","hentry","category-okategoriserade"],"_links":{"self":[{"href":"https:\/\/blogg.nykoping.se\/toleransprojektet\/wp-json\/wp\/v2\/posts\/72","targetHints":{"allow":["GET"]}}],"collection":[{"href":"https:\/\/blogg.nykoping.se\/toleransprojektet\/wp-json\/wp\/v2\/posts"}],"about":[{"href":"https:\/\/blogg.nykoping.se\/toleransprojektet\/wp-json\/wp\/v2\/types\/post"}],"author":[{"embeddable":true,"href":"https:\/\/blogg.nykoping.se\/toleransprojektet\/wp-json\/wp\/v2\/users\/203"}],"replies":[{"embeddable":true,"href":"https:\/\/blogg.nykoping.se\/toleransprojektet\/wp-json\/wp\/v2\/comments?post=72"}],"version-history":[{"count":3,"href":"https:\/\/blogg.nykoping.se\/toleransprojektet\/wp-json\/wp\/v2\/posts\/72\/revisions"}],"predecessor-version":[{"id":75,"href":"https:\/\/blogg.nykoping.se\/toleransprojektet\/wp-json\/wp\/v2\/posts\/72\/revisions\/75"}],"wp:attachment":[{"href":"https:\/\/blogg.nykoping.se\/toleransprojektet\/wp-json\/wp\/v2\/media?parent=72"}],"wp:term":[{"taxonomy":"category","embeddable":true,"href":"https:\/\/blogg.nykoping.se\/toleransprojektet\/wp-json\/wp\/v2\/categories?post=72"},{"taxonomy":"post_tag","embeddable":true,"href":"https:\/\/blogg.nykoping.se\/toleransprojektet\/wp-json\/wp\/v2\/tags?post=72"}],"curies":[{"name":"wp","href":"https:\/\/api.w.org\/{rel}","templated":true}]}}