{"id":706,"date":"2017-06-05T09:33:40","date_gmt":"2017-06-05T07:33:40","guid":{"rendered":"http:\/\/blogg.nykoping.se\/toleransprojektet\/?p=706"},"modified":"2017-06-05T09:33:40","modified_gmt":"2017-06-05T07:33:40","slug":"toleransprojektet-i-stadshuset","status":"publish","type":"post","link":"https:\/\/blogg.nykoping.se\/toleransprojektet\/2017\/06\/05\/toleransprojektet-i-stadshuset\/","title":{"rendered":"Toleransprojektet i Stadshuset"},"content":{"rendered":"<p><img loading=\"lazy\" decoding=\"async\" class=\"alignnone size-full wp-image-708\" src=\"http:\/\/blogg.nykoping.se\/toleransprojektet\/wp-content\/uploads\/sites\/51\/2017\/06\/Stadshuset-TP-1.jpg\" alt=\"\" width=\"4032\" height=\"3024\" srcset=\"https:\/\/blogg.nykoping.se\/toleransprojektet\/wp-content\/uploads\/sites\/51\/2017\/06\/Stadshuset-TP-1.jpg 4032w, https:\/\/blogg.nykoping.se\/toleransprojektet\/wp-content\/uploads\/sites\/51\/2017\/06\/Stadshuset-TP-1-1024x768.jpg 1024w, https:\/\/blogg.nykoping.se\/toleransprojektet\/wp-content\/uploads\/sites\/51\/2017\/06\/Stadshuset-TP-1-768x576.jpg 768w\" sizes=\"auto, (max-width: 4032px) 100vw, 4032px\" \/><\/p>\n<p>Efter de tv\u00e5 fantastiska avslutningskv\u00e4llarna kunde man tro att Toleransprojektet var \u00f6ver f\u00f6r detta l\u00e4s\u00e5r. Men icke. Nu finns n\u00e4mligen utst\u00e4llningen med elevernas texter och skapelser samt foton som visar v\u00e5ra dagar p\u00e5 S\u00f6ra och i F\u00f6rintelsens sp\u00e5r i Polen i Stadshuset, sj\u00e4lva demokratins hj\u00e4rta, \u00a0vid Stora torget. Det k\u00e4nns extra roligt eftersom det var d\u00e4r det politiska beslutet om Toleransprojektet togs.<\/p>\n<p>Fr\u00e5n m\u00e5ndag 5 juni och fram till skolstart i augusti kan alla som vill se utst\u00e4llningen som st\u00e5r uppst\u00e4lld i foaj\u00e9n i Stadshuset. Varmt v\u00e4lkomna dit f\u00f6r att se det f\u00f6rsta \u00e5ret med Toleransprojektet i Nyk\u00f6ping!<\/p>\n<p><img loading=\"lazy\" decoding=\"async\" class=\"alignnone size-full wp-image-709\" src=\"http:\/\/blogg.nykoping.se\/toleransprojektet\/wp-content\/uploads\/sites\/51\/2017\/06\/TP-utst\u00e4llning-1.jpg\" alt=\"\" width=\"4032\" height=\"3024\" srcset=\"https:\/\/blogg.nykoping.se\/toleransprojektet\/wp-content\/uploads\/sites\/51\/2017\/06\/TP-utst\u00e4llning-1.jpg 4032w, https:\/\/blogg.nykoping.se\/toleransprojektet\/wp-content\/uploads\/sites\/51\/2017\/06\/TP-utst\u00e4llning-1-1024x768.jpg 1024w, https:\/\/blogg.nykoping.se\/toleransprojektet\/wp-content\/uploads\/sites\/51\/2017\/06\/TP-utst\u00e4llning-1-768x576.jpg 768w\" sizes=\"auto, (max-width: 4032px) 100vw, 4032px\" \/><\/p>\n","protected":false},"excerpt":{"rendered":"<p>Efter de tv\u00e5 fantastiska avslutningskv\u00e4llarna kunde man tro att Toleransprojektet var \u00f6ver f\u00f6r detta l\u00e4s\u00e5r. Men icke. Nu finns n\u00e4mligen utst\u00e4llningen med elevernas texter och skapelser samt foton som visar v\u00e5ra dagar p\u00e5 S\u00f6ra och i F\u00f6rintelsens sp\u00e5r i Polen i Stadshuset, sj\u00e4lva demokratins hj\u00e4rta, \u00a0vid Stora torget. Det k\u00e4nns extra roligt eftersom det var &hellip; <a href=\"https:\/\/blogg.nykoping.se\/toleransprojektet\/2017\/06\/05\/toleransprojektet-i-stadshuset\/\" class=\"more-link\">Forts\u00e4tt l\u00e4sa <span class=\"screen-reader-text\">Toleransprojektet i Stadshuset<\/span><\/a><\/p>\n","protected":false},"author":203,"featured_media":0,"comment_status":"open","ping_status":"open","sticky":false,"template":"","format":"standard","meta":{"footnotes":""},"categories":[1],"tags":[],"class_list":["post-706","post","type-post","status-publish","format-standard","hentry","category-okategoriserade"],"_links":{"self":[{"href":"https:\/\/blogg.nykoping.se\/toleransprojektet\/wp-json\/wp\/v2\/posts\/706","targetHints":{"allow":["GET"]}}],"collection":[{"href":"https:\/\/blogg.nykoping.se\/toleransprojektet\/wp-json\/wp\/v2\/posts"}],"about":[{"href":"https:\/\/blogg.nykoping.se\/toleransprojektet\/wp-json\/wp\/v2\/types\/post"}],"author":[{"embeddable":true,"href":"https:\/\/blogg.nykoping.se\/toleransprojektet\/wp-json\/wp\/v2\/users\/203"}],"replies":[{"embeddable":true,"href":"https:\/\/blogg.nykoping.se\/toleransprojektet\/wp-json\/wp\/v2\/comments?post=706"}],"version-history":[{"count":2,"href":"https:\/\/blogg.nykoping.se\/toleransprojektet\/wp-json\/wp\/v2\/posts\/706\/revisions"}],"predecessor-version":[{"id":712,"href":"https:\/\/blogg.nykoping.se\/toleransprojektet\/wp-json\/wp\/v2\/posts\/706\/revisions\/712"}],"wp:attachment":[{"href":"https:\/\/blogg.nykoping.se\/toleransprojektet\/wp-json\/wp\/v2\/media?parent=706"}],"wp:term":[{"taxonomy":"category","embeddable":true,"href":"https:\/\/blogg.nykoping.se\/toleransprojektet\/wp-json\/wp\/v2\/categories?post=706"},{"taxonomy":"post_tag","embeddable":true,"href":"https:\/\/blogg.nykoping.se\/toleransprojektet\/wp-json\/wp\/v2\/tags?post=706"}],"curies":[{"name":"wp","href":"https:\/\/api.w.org\/{rel}","templated":true}]}}