{"id":650,"date":"2017-05-10T18:03:12","date_gmt":"2017-05-10T16:03:12","guid":{"rendered":"http:\/\/blogg.nykoping.se\/toleransprojektet\/?p=650"},"modified":"2017-05-10T18:03:12","modified_gmt":"2017-05-10T16:03:12","slug":"sa-kom-den-sista-traffen","status":"publish","type":"post","link":"https:\/\/blogg.nykoping.se\/toleransprojektet\/2017\/05\/10\/sa-kom-den-sista-traffen\/","title":{"rendered":"S\u00e5 kom den sista tr\u00e4ffen &#8230;"},"content":{"rendered":"<p><img loading=\"lazy\" decoding=\"async\" class=\"alignnone size-full wp-image-674\" src=\"http:\/\/blogg.nykoping.se\/toleransprojektet\/wp-content\/uploads\/sites\/51\/2017\/05\/Sista-gruppbilderna.jpg\" alt=\"\" width=\"2048\" height=\"2048\" srcset=\"https:\/\/blogg.nykoping.se\/toleransprojektet\/wp-content\/uploads\/sites\/51\/2017\/05\/Sista-gruppbilderna.jpg 2048w, https:\/\/blogg.nykoping.se\/toleransprojektet\/wp-content\/uploads\/sites\/51\/2017\/05\/Sista-gruppbilderna-150x150.jpg 150w, https:\/\/blogg.nykoping.se\/toleransprojektet\/wp-content\/uploads\/sites\/51\/2017\/05\/Sista-gruppbilderna-1024x1024.jpg 1024w, https:\/\/blogg.nykoping.se\/toleransprojektet\/wp-content\/uploads\/sites\/51\/2017\/05\/Sista-gruppbilderna-768x768.jpg 768w\" sizes=\"auto, (max-width: 2048px) 100vw, 2048px\" \/><\/p>\n<p>Det var med blandade k\u00e4nslor vi tr\u00e4ffades p\u00e5 S\u00f6ra f\u00f6r sista g\u00e5ngen. Vi har ju fortfarande slutpresentationerna kvar, s\u00e5 det var inte sista g\u00e5ngen vi s\u00e5gs, men v\u00e5ra undervisningsdagar p\u00e5 S\u00f6ra \u00e4r slut. Det finns s\u00e5 mycket att k\u00e4nna gl\u00e4dje \u00f6ver &#8211; all gemenskap, nya kunskaper och stora upplevelser men samtidigt tar n\u00e5got slut och det k\u00e4nns vemodigt och sorgligt.<\/p>\n<div id='gallery-1' class='gallery galleryid-650 gallery-columns-3 gallery-size-thumbnail'><figure class='gallery-item'>\n\t\t\t<div class='gallery-icon landscape'>\n\t\t\t\t<a href='https:\/\/blogg.nykoping.se\/toleransprojektet\/ordflata-2\/'><img loading=\"lazy\" decoding=\"async\" width=\"150\" height=\"150\" src=\"https:\/\/blogg.nykoping.se\/toleransprojektet\/wp-content\/uploads\/sites\/51\/2017\/05\/Ordfl\u00e4ta-2-150x150.jpg\" class=\"attachment-thumbnail size-thumbnail\" alt=\"\" \/><\/a>\n\t\t\t<\/div><\/figure><figure class='gallery-item'>\n\t\t\t<div class='gallery-icon landscape'>\n\t\t\t\t<a href='https:\/\/blogg.nykoping.se\/toleransprojektet\/img_9137\/'><img loading=\"lazy\" decoding=\"async\" width=\"150\" height=\"150\" src=\"https:\/\/blogg.nykoping.se\/toleransprojektet\/wp-content\/uploads\/sites\/51\/2017\/05\/IMG_9137-150x150.jpg\" class=\"attachment-thumbnail size-thumbnail\" alt=\"\" \/><\/a>\n\t\t\t<\/div><\/figure><figure class='gallery-item'>\n\t\t\t<div class='gallery-icon landscape'>\n\t\t\t\t<a href='https:\/\/blogg.nykoping.se\/toleransprojektet\/basgrupperna-jobbar\/'><img loading=\"lazy\" decoding=\"async\" width=\"150\" height=\"150\" src=\"https:\/\/blogg.nykoping.se\/toleransprojektet\/wp-content\/uploads\/sites\/51\/2017\/05\/Basgrupperna-jobbar-150x150.jpg\" class=\"attachment-thumbnail size-thumbnail\" alt=\"\" \/><\/a>\n\t\t\t<\/div><\/figure>\n\t\t<\/div>\n\n<p>Dagen fylldes av allt det vi m\u00e5ste knyta ihop och bli f\u00e4rdiga med inf\u00f6r avslutningskv\u00e4llarna d\u00e5 familj, kompisar, l\u00e4rare och andra intresserade kommer och lyssnar p\u00e5 oss. Vi hade generalrepetitioner och gav respons till varandra. Elevernas sista skrivuppgift blev att fundera \u00f6ver vad som h\u00e4nt sedan oktober f\u00f6rra \u00e5ret. Vem var jag d\u00e5? Vem \u00e4r jag nu? Men ocks\u00e5 vad som h\u00e4nt med gruppen. Vilka var vi d\u00e5? Vilka \u00e4r vi nu?<\/p>\n<div id='gallery-2' class='gallery galleryid-650 gallery-columns-3 gallery-size-thumbnail'><figure class='gallery-item'>\n\t\t\t<div class='gallery-icon landscape'>\n\t\t\t\t<a href='https:\/\/blogg.nykoping.se\/toleransprojektet\/img_9145\/'><img loading=\"lazy\" decoding=\"async\" width=\"150\" height=\"150\" src=\"https:\/\/blogg.nykoping.se\/toleransprojektet\/wp-content\/uploads\/sites\/51\/2017\/05\/IMG_9145-150x150.jpg\" class=\"attachment-thumbnail size-thumbnail\" alt=\"\" \/><\/a>\n\t\t\t<\/div><\/figure><figure class='gallery-item'>\n\t\t\t<div class='gallery-icon landscape'>\n\t\t\t\t<a href='https:\/\/blogg.nykoping.se\/toleransprojektet\/genrep-2\/'><img loading=\"lazy\" decoding=\"async\" width=\"150\" height=\"150\" src=\"https:\/\/blogg.nykoping.se\/toleransprojektet\/wp-content\/uploads\/sites\/51\/2017\/05\/Genrep-2-150x150.jpg\" class=\"attachment-thumbnail size-thumbnail\" alt=\"\" \/><\/a>\n\t\t\t<\/div><\/figure><figure class='gallery-item'>\n\t\t\t<div class='gallery-icon landscape'>\n\t\t\t\t<a href='https:\/\/blogg.nykoping.se\/toleransprojektet\/img_9112\/'><img loading=\"lazy\" decoding=\"async\" width=\"150\" height=\"150\" src=\"https:\/\/blogg.nykoping.se\/toleransprojektet\/wp-content\/uploads\/sites\/51\/2017\/05\/IMG_9112-150x150.jpg\" class=\"attachment-thumbnail size-thumbnail\" alt=\"\" \/><\/a>\n\t\t\t<\/div><\/figure>\n\t\t<\/div>\n\n<p>S\u00e5 h\u00e4r beskrev n\u00e5gra av eleverna sin egen utveckling under Toleransprojektet:<\/p>\n<p><em>Jag var blyg n\u00e4r jag kom f\u00f6rsta g\u00e5ngen. Jag kunde inte prata s\u00e5 mycket svenska, jag hade inte s\u00e5 m\u00e5nga ber\u00e4ttelser. Jag hade inte s\u00e5 m\u00e5nga kompisar.\u00a0<\/em><em>Men nu \u00e4r jag inte blyg. Jag kan prata bra svenska, jag har m\u00e5nga kompisar och jag kan m\u00e5nga ber\u00e4ttelser.\u00a0 \u00a0<\/em><\/p>\n<p><em>Innan jag b\u00f6rjade Toleransprojektet var jag en blyg tjej som hade det tufft i skolan. Jag brukade vara i min egen bubbla och \u00f6ppnade mig till f\u00e5 personer. Jag v\u00e5gade inte prata inf\u00f6r folk, l\u00e4ra k\u00e4nna nya m\u00e4nniskor och vara mig sj\u00e4lv.\u00a0<\/em><em>Nu, efter n\u00e4stan \u00e5tta m\u00e5nader k\u00e4nner jag helt annorlunda. Jag har l\u00e4rt k\u00e4nna nya m\u00e4nniskor och b\u00f6rjat komma ut ur min bubbla. Jag deltar i diskussioner och b\u00f6rjar ta f\u00f6r mig mer. Jag har verkligen f\u00f6r\u00e4ndrats.<\/em><\/p>\n<p><em><img loading=\"lazy\" decoding=\"async\" class=\"alignnone size-full wp-image-668\" src=\"http:\/\/blogg.nykoping.se\/toleransprojektet\/wp-content\/uploads\/sites\/51\/2017\/05\/Kram.jpg\" alt=\"\" width=\"4032\" height=\"3024\" srcset=\"https:\/\/blogg.nykoping.se\/toleransprojektet\/wp-content\/uploads\/sites\/51\/2017\/05\/Kram.jpg 4032w, https:\/\/blogg.nykoping.se\/toleransprojektet\/wp-content\/uploads\/sites\/51\/2017\/05\/Kram-1024x768.jpg 1024w, https:\/\/blogg.nykoping.se\/toleransprojektet\/wp-content\/uploads\/sites\/51\/2017\/05\/Kram-768x576.jpg 768w\" sizes=\"auto, (max-width: 4032px) 100vw, 4032px\" \/><\/em><\/p>\n<p><em>Innan f\u00f6rsta g\u00e5ngen p\u00e5 S\u00f6ra s\u00e5 visste jag inte s\u00e5 mycket om andra v\u00e4rldskriget. Nu p\u00e5 sista dagen p\u00e5 S\u00f6ra s\u00e5 har jag mycket mer kunskap. Jag har ocks\u00e5 l\u00e4rt mig hur andra folk lever och har det. Saker som jag inte har t\u00e4nkt p\u00e5 innan som man trodde var s\u00e5 sj\u00e4lvklara men i sj\u00e4lva verket var typ de sv\u00e5raste fr\u00e5gorna.\u00a0<\/em><em>Nu \u00e4r jag en person med mycket mer kunskap och mycket mer f\u00f6rst\u00e5else om folk och religioner. Jag t\u00e4nker efter mer, till exempel om jag s\u00e4ger n\u00e5got till n\u00e5gon.<\/em><\/p>\n<p><em>Jag var omedveten om allt vi tagit upp och jag t\u00e4nkte knappt aldrig i ett konsekvenst\u00e4nkande. Jag t\u00e4nkte inte s\u00e5 mycket p\u00e5 vad jag skojade om och att andra kanske skulle ta illa vid sig. Jag hade lite sv\u00e5rt f\u00f6r att st\u00e5 upp f\u00f6r mina egna \u00e5sikter.\u00a0<\/em><em>Nu vet jag mer om vad som h\u00e4nt och har f\u00e5tt mer konsekvenst\u00e4nkande. Jag t\u00e4nker mer p\u00e5 vad jag skojar om och f\u00f6rs\u00f6ker g\u00f6ra s\u00e5 att ingen tar illa vid sig. Jag v\u00e5gar st\u00e5 upp f\u00f6r mina egna \u00e5sikter och vill g\u00e4rna skydda andra som f\u00e5r skit som de inte f\u00f6rtj\u00e4nar.<\/em><\/p>\n<p><img loading=\"lazy\" decoding=\"async\" class=\"alignnone size-full wp-image-660\" src=\"http:\/\/blogg.nykoping.se\/toleransprojektet\/wp-content\/uploads\/sites\/51\/2017\/05\/IMG_9166.jpg\" alt=\"\" width=\"4032\" height=\"3024\" srcset=\"https:\/\/blogg.nykoping.se\/toleransprojektet\/wp-content\/uploads\/sites\/51\/2017\/05\/IMG_9166.jpg 4032w, https:\/\/blogg.nykoping.se\/toleransprojektet\/wp-content\/uploads\/sites\/51\/2017\/05\/IMG_9166-1024x768.jpg 1024w, https:\/\/blogg.nykoping.se\/toleransprojektet\/wp-content\/uploads\/sites\/51\/2017\/05\/IMG_9166-768x576.jpg 768w\" sizes=\"auto, (max-width: 4032px) 100vw, 4032px\" \/><\/p>\n<p>Den sista uppgiften f\u00f6r burken blev att skriva: Vad vill du s\u00e4ga till dig sj\u00e4lv nu n\u00e4r Toleransprojektet n\u00e4stan \u00e4r slut? Vi avslutade dagen med kanelbullar och kakor samt en sista gruppbild och ordfl\u00e4ta utomhus nere vid S\u00f6rasj\u00f6n innan bussen f\u00f6r sista g\u00e5ngen fiskade upp eleverna f\u00f6r hemf\u00e4rd.<\/p>\n<div id='gallery-3' class='gallery galleryid-650 gallery-columns-3 gallery-size-thumbnail'><figure class='gallery-item'>\n\t\t\t<div class='gallery-icon landscape'>\n\t\t\t\t<a href='https:\/\/blogg.nykoping.se\/toleransprojektet\/fikamys\/'><img loading=\"lazy\" decoding=\"async\" width=\"150\" height=\"150\" src=\"https:\/\/blogg.nykoping.se\/toleransprojektet\/wp-content\/uploads\/sites\/51\/2017\/05\/Fikamys-150x150.jpg\" class=\"attachment-thumbnail size-thumbnail\" alt=\"\" \/><\/a>\n\t\t\t<\/div><\/figure><figure class='gallery-item'>\n\t\t\t<div class='gallery-icon landscape'>\n\t\t\t\t<a href='https:\/\/blogg.nykoping.se\/toleransprojektet\/img_9155\/'><img loading=\"lazy\" decoding=\"async\" width=\"150\" height=\"150\" src=\"https:\/\/blogg.nykoping.se\/toleransprojektet\/wp-content\/uploads\/sites\/51\/2017\/05\/IMG_9155-150x150.jpg\" class=\"attachment-thumbnail size-thumbnail\" alt=\"\" \/><\/a>\n\t\t\t<\/div><\/figure><figure class='gallery-item'>\n\t\t\t<div class='gallery-icon landscape'>\n\t\t\t\t<a href='https:\/\/blogg.nykoping.se\/toleransprojektet\/snart-slut-pa-dagen\/'><img loading=\"lazy\" decoding=\"async\" width=\"150\" height=\"150\" src=\"https:\/\/blogg.nykoping.se\/toleransprojektet\/wp-content\/uploads\/sites\/51\/2017\/05\/Snart-slut-p\u00e5-dagen-150x150.jpg\" class=\"attachment-thumbnail size-thumbnail\" alt=\"\" \/><\/a>\n\t\t\t<\/div><\/figure>\n\t\t<\/div>\n\n<p>Vi har hela tiden haft ett antal motton under Toleransprojektet. &#8221;Vi g\u00f6r det tillsammans!&#8221;, &#8221;Vi g\u00f6r inte detta f\u00f6r att vi m\u00e5ste utan f\u00f6r att vi vill!&#8221; och &#8221;Fr\u00e5ga inte vad gruppen kan g\u00f6ra f\u00f6r dig utan efter vad du kan g\u00f6ra f\u00f6r gruppen!&#8221;. D\u00e4rf\u00f6r passar det bra att avslutningsvis l\u00e5ta en elevr\u00f6st beskriva hur hen ser p\u00e5 gruppens utveckling under Toleransprojektets g\u00e5ng:<\/p>\n<p><em>Vi var f\u00f6rst osammanh\u00e4ngande individer som egentligen inte hade n\u00e5got gemensamt med varandra. Vi var alla lite os\u00e4kra och det m\u00e4rktes p\u00e5 olika s\u00e4tt p\u00e5 olika personer. Nu \u00e4r vi en enhet som p\u00e5 m\u00e5nga s\u00e4tt h\u00f6r ihop. Vi har minnen och upplevelser gemensamt som vi aldrig kommer att gl\u00f6mma. Jag t\u00e4nkte ibland p\u00e5 det h\u00e4r n\u00e4r vi var i Polen. Jag hade inte varit densamma nu utan de h\u00e4r m\u00e4nniskorna. Jag hade inte f\u00e5tt samma upplevelser om vi inte hade varit p\u00e5 S\u00f6ra och blivit ett vi. Vi \u00e4r trygga i oss sj\u00e4lva och i varandra.<\/em><\/p>\n<p>B\u00e4ttre \u00e4n s\u00e5 kan det inte s\u00e4gas. Tv\u00e5 grupper fyllda av individer har blivit tv\u00e5 unika, trygga och starka grupper.<\/p>\n<p><img loading=\"lazy\" decoding=\"async\" class=\"alignnone size-full wp-image-673\" src=\"http:\/\/blogg.nykoping.se\/toleransprojektet\/wp-content\/uploads\/sites\/51\/2017\/05\/Med-stor-och-lillPutte.jpg\" alt=\"\" width=\"4032\" height=\"3024\" srcset=\"https:\/\/blogg.nykoping.se\/toleransprojektet\/wp-content\/uploads\/sites\/51\/2017\/05\/Med-stor-och-lillPutte.jpg 4032w, https:\/\/blogg.nykoping.se\/toleransprojektet\/wp-content\/uploads\/sites\/51\/2017\/05\/Med-stor-och-lillPutte-1024x768.jpg 1024w, https:\/\/blogg.nykoping.se\/toleransprojektet\/wp-content\/uploads\/sites\/51\/2017\/05\/Med-stor-och-lillPutte-768x576.jpg 768w\" sizes=\"auto, (max-width: 4032px) 100vw, 4032px\" \/><\/p>\n<p>Nu v\u00e4ntar tv\u00e5 avslutande presentationskv\u00e4llar i Nicolaiskolans aula 22 maj (grupp 1) och 23 maj (grupp 2) kl 18.30-20.00. Kom och lyssna p\u00e5 hur eleverna valt att ber\u00e4tta om sin tid i Toleransprojektet. V\u00e4lkomna till tv\u00e5 minnesv\u00e4rda kv\u00e4llar!<\/p>\n<div id='gallery-4' class='gallery galleryid-650 gallery-columns-3 gallery-size-thumbnail'><figure class='gallery-item'>\n\t\t\t<div class='gallery-icon landscape'>\n\t\t\t\t<a href='https:\/\/blogg.nykoping.se\/toleransprojektet\/bullar-ar-gott\/'><img loading=\"lazy\" decoding=\"async\" width=\"150\" height=\"150\" src=\"https:\/\/blogg.nykoping.se\/toleransprojektet\/wp-content\/uploads\/sites\/51\/2017\/05\/Bullar-\u00e4r-gott-150x150.jpg\" class=\"attachment-thumbnail size-thumbnail\" alt=\"\" \/><\/a>\n\t\t\t<\/div><\/figure><figure class='gallery-item'>\n\t\t\t<div class='gallery-icon landscape'>\n\t\t\t\t<a href='https:\/\/blogg.nykoping.se\/toleransprojektet\/img_9087\/'><img loading=\"lazy\" decoding=\"async\" width=\"150\" height=\"150\" src=\"https:\/\/blogg.nykoping.se\/toleransprojektet\/wp-content\/uploads\/sites\/51\/2017\/05\/IMG_9087-150x150.jpg\" class=\"attachment-thumbnail size-thumbnail\" alt=\"\" \/><\/a>\n\t\t\t<\/div><\/figure><figure class='gallery-item'>\n\t\t\t<div class='gallery-icon landscape'>\n\t\t\t\t<a href='https:\/\/blogg.nykoping.se\/toleransprojektet\/genrep-1\/'><img loading=\"lazy\" decoding=\"async\" width=\"150\" height=\"150\" src=\"https:\/\/blogg.nykoping.se\/toleransprojektet\/wp-content\/uploads\/sites\/51\/2017\/05\/Genrep-1-150x150.jpg\" class=\"attachment-thumbnail size-thumbnail\" alt=\"\" \/><\/a>\n\t\t\t<\/div><\/figure>\n\t\t<\/div>\n\n","protected":false},"excerpt":{"rendered":"<p>Det var med blandade k\u00e4nslor vi tr\u00e4ffades p\u00e5 S\u00f6ra f\u00f6r sista g\u00e5ngen. Vi har ju fortfarande slutpresentationerna kvar, s\u00e5 det var inte sista g\u00e5ngen vi s\u00e5gs, men v\u00e5ra undervisningsdagar p\u00e5 S\u00f6ra \u00e4r slut. Det finns s\u00e5 mycket att k\u00e4nna gl\u00e4dje \u00f6ver &#8211; all gemenskap, nya kunskaper och stora upplevelser men samtidigt tar n\u00e5got slut och &hellip; <a href=\"https:\/\/blogg.nykoping.se\/toleransprojektet\/2017\/05\/10\/sa-kom-den-sista-traffen\/\" class=\"more-link\">Forts\u00e4tt l\u00e4sa <span class=\"screen-reader-text\">S\u00e5 kom den sista tr\u00e4ffen &#8230;<\/span><\/a><\/p>\n","protected":false},"author":203,"featured_media":0,"comment_status":"open","ping_status":"open","sticky":false,"template":"","format":"standard","meta":{"footnotes":""},"categories":[1],"tags":[],"class_list":["post-650","post","type-post","status-publish","format-standard","hentry","category-okategoriserade"],"_links":{"self":[{"href":"https:\/\/blogg.nykoping.se\/toleransprojektet\/wp-json\/wp\/v2\/posts\/650","targetHints":{"allow":["GET"]}}],"collection":[{"href":"https:\/\/blogg.nykoping.se\/toleransprojektet\/wp-json\/wp\/v2\/posts"}],"about":[{"href":"https:\/\/blogg.nykoping.se\/toleransprojektet\/wp-json\/wp\/v2\/types\/post"}],"author":[{"embeddable":true,"href":"https:\/\/blogg.nykoping.se\/toleransprojektet\/wp-json\/wp\/v2\/users\/203"}],"replies":[{"embeddable":true,"href":"https:\/\/blogg.nykoping.se\/toleransprojektet\/wp-json\/wp\/v2\/comments?post=650"}],"version-history":[{"count":6,"href":"https:\/\/blogg.nykoping.se\/toleransprojektet\/wp-json\/wp\/v2\/posts\/650\/revisions"}],"predecessor-version":[{"id":675,"href":"https:\/\/blogg.nykoping.se\/toleransprojektet\/wp-json\/wp\/v2\/posts\/650\/revisions\/675"}],"wp:attachment":[{"href":"https:\/\/blogg.nykoping.se\/toleransprojektet\/wp-json\/wp\/v2\/media?parent=650"}],"wp:term":[{"taxonomy":"category","embeddable":true,"href":"https:\/\/blogg.nykoping.se\/toleransprojektet\/wp-json\/wp\/v2\/categories?post=650"},{"taxonomy":"post_tag","embeddable":true,"href":"https:\/\/blogg.nykoping.se\/toleransprojektet\/wp-json\/wp\/v2\/tags?post=650"}],"curies":[{"name":"wp","href":"https:\/\/api.w.org\/{rel}","templated":true}]}}