{"id":622,"date":"2017-04-26T17:35:58","date_gmt":"2017-04-26T15:35:58","guid":{"rendered":"http:\/\/blogg.nykoping.se\/toleransprojektet\/?p=622"},"modified":"2017-04-26T17:35:58","modified_gmt":"2017-04-26T15:35:58","slug":"tionde-traffen-efter-resan-till-polen","status":"publish","type":"post","link":"https:\/\/blogg.nykoping.se\/toleransprojektet\/2017\/04\/26\/tionde-traffen-efter-resan-till-polen\/","title":{"rendered":"Tionde tr\u00e4ffen: Efter resan till Polen"},"content":{"rendered":"<p><img loading=\"lazy\" decoding=\"async\" class=\"alignnone size-full wp-image-637\" src=\"http:\/\/blogg.nykoping.se\/toleransprojektet\/wp-content\/uploads\/sites\/51\/2017\/04\/Mer-h\u00f6gl\u00e4sning.jpg\" alt=\"\" width=\"4032\" height=\"3024\" srcset=\"https:\/\/blogg.nykoping.se\/toleransprojektet\/wp-content\/uploads\/sites\/51\/2017\/04\/Mer-h\u00f6gl\u00e4sning.jpg 4032w, https:\/\/blogg.nykoping.se\/toleransprojektet\/wp-content\/uploads\/sites\/51\/2017\/04\/Mer-h\u00f6gl\u00e4sning-300x225.jpg 300w, https:\/\/blogg.nykoping.se\/toleransprojektet\/wp-content\/uploads\/sites\/51\/2017\/04\/Mer-h\u00f6gl\u00e4sning-768x576.jpg 768w, https:\/\/blogg.nykoping.se\/toleransprojektet\/wp-content\/uploads\/sites\/51\/2017\/04\/Mer-h\u00f6gl\u00e4sning-1024x768.jpg 1024w\" sizes=\"auto, (max-width: 4032px) 100vw, 4032px\" \/><\/p>\n<p>\u00c4ntligen fick vi tr\u00e4ffas igen ute p\u00e5 S\u00f6ra efter resan till Polen och ett p\u00e5sklov. Det blev naturligt att l\u00e5ta dagens tema vara: Efter resan till Polen. Vi hade massor att f\u00f6lja upp och reflektera \u00f6ver och lika mycket att fundera \u00f6ver inf\u00f6r forts\u00e4ttningen och den stora avslutningen i maj.<\/p>\n<div id='gallery-1' class='gallery galleryid-622 gallery-columns-3 gallery-size-thumbnail'><figure class='gallery-item'>\n\t\t\t<div class='gallery-icon landscape'>\n\t\t\t\t<a href='https:\/\/blogg.nykoping.se\/toleransprojektet\/skrivbokslasning\/'><img loading=\"lazy\" decoding=\"async\" width=\"150\" height=\"150\" src=\"https:\/\/blogg.nykoping.se\/toleransprojektet\/wp-content\/uploads\/sites\/51\/2017\/04\/skrivboksl\u00e4sning-150x150.jpg\" class=\"attachment-thumbnail size-thumbnail\" alt=\"\" \/><\/a>\n\t\t\t<\/div><\/figure><figure class='gallery-item'>\n\t\t\t<div class='gallery-icon landscape'>\n\t\t\t\t<a href='https:\/\/blogg.nykoping.se\/toleransprojektet\/2017\/04\/26\/tionde-traffen-efter-resan-till-polen\/skrivbokslasande-i-kippa\/'><img loading=\"lazy\" decoding=\"async\" width=\"150\" height=\"150\" src=\"https:\/\/blogg.nykoping.se\/toleransprojektet\/wp-content\/uploads\/sites\/51\/2017\/04\/Skrivboksl\u00e4sande-i-kippa-150x150.jpg\" class=\"attachment-thumbnail size-thumbnail\" alt=\"\" \/><\/a>\n\t\t\t<\/div><\/figure><figure class='gallery-item'>\n\t\t\t<div class='gallery-icon landscape'>\n\t\t\t\t<a href='https:\/\/blogg.nykoping.se\/toleransprojektet\/lasning-av-polentexter\/'><img loading=\"lazy\" decoding=\"async\" width=\"150\" height=\"150\" src=\"https:\/\/blogg.nykoping.se\/toleransprojektet\/wp-content\/uploads\/sites\/51\/2017\/04\/l\u00e4sning-av-Polentexter-150x150.jpg\" class=\"attachment-thumbnail size-thumbnail\" alt=\"\" \/><\/a>\n\t\t\t<\/div><\/figure>\n\t\t<\/div>\n\n<p>Vi inledde med ett bildspel fr\u00e5n resan som helhet, lyssnade p\u00e5 radioinslaget i P4 S\u00f6rmland innan alla elever \u00e5ter fick sina skrivb\u00f6cker i handen och rubriken: Att komma hem att skriva kring. Hur k\u00e4ndes det att komma hem? Vilka typiska fr\u00e5gor fick du av din omgivning? Har du t\u00e4nkt tillbaka p\u00e5 resan? Hejar ni p\u00e5 varandra i korridorerna p\u00e5 ett nytt s\u00e4tt nu? S\u00e5 h\u00e4r skrev n\u00e5gra i sina skrivb\u00f6cker:<\/p>\n<p><em>Min f\u00f6rsta reaktion n\u00e4r jag hade kommit hem var att jag ville tillbaka. Inte bara hade jag l\u00e4rt mig massor, utan jag hade ocks\u00e5 varit i en fantastisk grupp. Det k\u00e4ndes ocks\u00e5 som att tiden stannat n\u00e4r jag \u00e5kte, som att allt h\u00e4r hemma bara fastnade medan jag upplevde. Sedan n\u00e4r jag v\u00e4l kom hem hade inget f\u00f6r\u00e4ndrats. Skolan, hemmet och allt annat var precis likadant. P\u00e5 n\u00e5got s\u00e4tt gav det mig en uppgivenhet. Hur skulle jag kunna forts\u00e4tta leva som vanligt n\u00e4r det h\u00e4nt s\u00e5 mycket?<\/em><\/p>\n<p><em>Hur var det att komma hem? Jo, det var inte f\u00f6rsta g\u00e5ngen jag kom hem ifr\u00e5n en resa, men den h\u00e4r var helt annorlunda. N\u00e4r jag knackade p\u00e5 d\u00f6rren hemma var jag inte l\u00e4ngre densamma som jag var n\u00e4r jag klev ut ur den en vecka tidigare. Jag l\u00e4rde mig otroligt m\u00e5nga saker som jag hade aldrig t\u00e4nkt jag kunde l\u00e4ra mig p\u00e5 sju dagar. Det \u00e4r var absolut en av de b\u00e4sta resor jag n\u00e5gonsin gjort.<\/em><\/p>\n<div id='gallery-2' class='gallery galleryid-622 gallery-columns-3 gallery-size-thumbnail'><figure class='gallery-item'>\n\t\t\t<div class='gallery-icon landscape'>\n\t\t\t\t<a href='https:\/\/blogg.nykoping.se\/toleransprojektet\/skrivande\/'><img loading=\"lazy\" decoding=\"async\" width=\"150\" height=\"150\" src=\"https:\/\/blogg.nykoping.se\/toleransprojektet\/wp-content\/uploads\/sites\/51\/2017\/04\/skrivande-150x150.jpg\" class=\"attachment-thumbnail size-thumbnail\" alt=\"\" \/><\/a>\n\t\t\t<\/div><\/figure><figure class='gallery-item'>\n\t\t\t<div class='gallery-icon landscape'>\n\t\t\t\t<a href='https:\/\/blogg.nykoping.se\/toleransprojektet\/redovisningar-1-2\/'><img loading=\"lazy\" decoding=\"async\" width=\"150\" height=\"150\" src=\"https:\/\/blogg.nykoping.se\/toleransprojektet\/wp-content\/uploads\/sites\/51\/2017\/04\/Redovisningar-1-150x150.jpg\" class=\"attachment-thumbnail size-thumbnail\" alt=\"\" \/><\/a>\n\t\t\t<\/div><\/figure><figure class='gallery-item'>\n\t\t\t<div class='gallery-icon landscape'>\n\t\t\t\t<a href='https:\/\/blogg.nykoping.se\/toleransprojektet\/hoglasning-2\/'><img loading=\"lazy\" decoding=\"async\" width=\"150\" height=\"150\" src=\"https:\/\/blogg.nykoping.se\/toleransprojektet\/wp-content\/uploads\/sites\/51\/2017\/04\/h\u00f6gl\u00e4sning-2-150x150.jpg\" class=\"attachment-thumbnail size-thumbnail\" alt=\"\" \/><\/a>\n\t\t\t<\/div><\/figure>\n\t\t<\/div>\n\n<p><em>Jag ville inte \u00e5ka hem fr\u00e5n Polen men den f\u00f6rsta dagen n\u00e4r jag s\u00e5g dem som var med p\u00e5 resan s\u00e5 k\u00e4nde jag att vi har n\u00e5got gemensamt. Vi har tillbringat en hel vecka av v\u00e5ra liv tillsammans i ett fr\u00e4mmande land. Det \u00e4r bara vi som kan ha en konversation om till exempel n\u00e4r vi stod i skogen i Josefow eller den d\u00e4r morgonen n\u00e4r hade ordfl\u00e4ta.<\/em><\/p>\n<p><em>Jag var ett k\u00e4nslovrak, alla k\u00e4nslorna var utanp\u00e5 efter resan. Jag var glad att jag var hemma men ocks\u00e5 ledsen f\u00f6r nu var jag tvungen att l\u00e4mna det som hade varit allt i en hel vecka. Fr\u00e5gorna spottades ut ur b\u00e5de mamma och pappa men jag visste inte vad jag skulle svara. Vad har ni gjort? Allt, var det enda jag kunde f\u00e5 ur mig. Vi har skrattat och gr\u00e5tit, ibland n\u00e4stan samtidigt. Vi har lyssnat och f\u00e5tt kunskap men ocks\u00e5 f\u00e5tt uppt\u00e4cka den sj\u00e4lva. Jag kunde inte beskriva vad jag hade varit med om f\u00f6r det var n\u00e5got s\u00e5 enormt. Jag kan fortfarande inte f\u00f6rst\u00e5 hur s\u00e5 mycket kunskap och s\u00e5 m\u00e5nga k\u00e4nslor kan rymmas inom en vecka. Den tillh\u00f6righet som jag k\u00e4nner \u00e4r enorm och jag kan inte f\u00f6rst\u00e5 att det snart \u00e4r slut.<\/em><\/p>\n<p><img loading=\"lazy\" decoding=\"async\" class=\"alignnone size-full wp-image-625\" src=\"http:\/\/blogg.nykoping.se\/toleransprojektet\/wp-content\/uploads\/sites\/51\/2017\/04\/h\u00f6gl\u00e4sning-Danny.jpg\" alt=\"\" width=\"4032\" height=\"3024\" srcset=\"https:\/\/blogg.nykoping.se\/toleransprojektet\/wp-content\/uploads\/sites\/51\/2017\/04\/h\u00f6gl\u00e4sning-Danny.jpg 4032w, https:\/\/blogg.nykoping.se\/toleransprojektet\/wp-content\/uploads\/sites\/51\/2017\/04\/h\u00f6gl\u00e4sning-Danny-300x225.jpg 300w, https:\/\/blogg.nykoping.se\/toleransprojektet\/wp-content\/uploads\/sites\/51\/2017\/04\/h\u00f6gl\u00e4sning-Danny-768x576.jpg 768w, https:\/\/blogg.nykoping.se\/toleransprojektet\/wp-content\/uploads\/sites\/51\/2017\/04\/h\u00f6gl\u00e4sning-Danny-1024x768.jpg 1024w\" sizes=\"auto, (max-width: 4032px) 100vw, 4032px\" \/><\/p>\n<p>Skrivboken \u00e4r nu fylld av tankar och reflektioner fr\u00e5n oktober och fram till och med Polenresan. D\u00e4rf\u00f6r var det viktigt att inf\u00f6r den sista stora uppgiften i basgrupperna &#8211; att f\u00f6rbereda en slutpresentation &#8211; l\u00e5ta alla elever f\u00e5 tid att l\u00e4sa igenom alla texter och kommentarerna fr\u00e5n oss undervisningsledare. Efter det p\u00e5b\u00f6rjade grupperna arbetet med att planera sina presentationer. De funderade \u00f6ver: Vad ska vi ber\u00e4tta om Toleransprojektet och det vi l\u00e4rt oss? Vilka bilder vill vi visa? Vilka texter som vi skrivit ska vi h\u00f6gl\u00e4sa? Ska vi l\u00e5ta publiken g\u00f6ra n\u00e5got? Eftersom vi ska framst\u00e4lla egna t-shirts utlystes ocks\u00e5 en t\u00e4vling i att skapa den b\u00e4sta loggan f\u00f6r Toleransprojektet. Varje grupp fick presentera sitt f\u00f6rslag till uppl\u00e4gg och fick respons fr\u00e5n \u00f6vriga grupper.<\/p>\n<div id='gallery-3' class='gallery galleryid-622 gallery-columns-3 gallery-size-thumbnail'><figure class='gallery-item'>\n\t\t\t<div class='gallery-icon landscape'>\n\t\t\t\t<a href='https:\/\/blogg.nykoping.se\/toleransprojektet\/golvet-fyllt-av-skapelser\/'><img loading=\"lazy\" decoding=\"async\" width=\"150\" height=\"150\" src=\"https:\/\/blogg.nykoping.se\/toleransprojektet\/wp-content\/uploads\/sites\/51\/2017\/04\/Golvet-fyllt-av-skapelser-150x150.jpg\" class=\"attachment-thumbnail size-thumbnail\" alt=\"\" \/><\/a>\n\t\t\t<\/div><\/figure><figure class='gallery-item'>\n\t\t\t<div class='gallery-icon landscape'>\n\t\t\t\t<a href='https:\/\/blogg.nykoping.se\/toleransprojektet\/vinnare-av-kazimierztavlingen\/'><img loading=\"lazy\" decoding=\"async\" width=\"150\" height=\"150\" src=\"https:\/\/blogg.nykoping.se\/toleransprojektet\/wp-content\/uploads\/sites\/51\/2017\/04\/vinnare-av-Kazimierzt\u00e4vlingen-150x150.jpg\" class=\"attachment-thumbnail size-thumbnail\" alt=\"\" \/><\/a>\n\t\t\t<\/div><\/figure><figure class='gallery-item'>\n\t\t\t<div class='gallery-icon landscape'>\n\t\t\t\t<a href='https:\/\/blogg.nykoping.se\/toleransprojektet\/alla-pa-golvet\/'><img loading=\"lazy\" decoding=\"async\" width=\"150\" height=\"150\" src=\"https:\/\/blogg.nykoping.se\/toleransprojektet\/wp-content\/uploads\/sites\/51\/2017\/04\/Alla-p\u00e5-golvet-150x150.jpg\" class=\"attachment-thumbnail size-thumbnail\" alt=\"\" \/><\/a>\n\t\t\t<\/div><\/figure>\n\t\t<\/div>\n\n<p>Dagens uppgift till burken blev att skriva ner n\u00e5got om sig sj\u00e4lv kopplat till Polenresan. Ditt starkaste minne? En viktig erfarenhet? En fr\u00e5ga du b\u00e4r med dig? M\u00e5nga lade oss ner minnen i burken som samlades in under resan. Fr\u00e5n f\u00f6rintelsel\u00e4gret Belzec hade vi med oss stenarna fr\u00e5n minnesstunden hem. M\u00e5nga valde en sten att l\u00e4gga i burken.<\/p>\n<div id='gallery-4' class='gallery galleryid-622 gallery-columns-3 gallery-size-thumbnail'><figure class='gallery-item'>\n\t\t\t<div class='gallery-icon landscape'>\n\t\t\t\t<a href='https:\/\/blogg.nykoping.se\/toleransprojektet\/redovisning-1\/'><img loading=\"lazy\" decoding=\"async\" width=\"150\" height=\"150\" src=\"https:\/\/blogg.nykoping.se\/toleransprojektet\/wp-content\/uploads\/sites\/51\/2017\/04\/redovisning-1-150x150.jpg\" class=\"attachment-thumbnail size-thumbnail\" alt=\"\" \/><\/a>\n\t\t\t<\/div><\/figure><figure class='gallery-item'>\n\t\t\t<div class='gallery-icon landscape'>\n\t\t\t\t<a href='https:\/\/blogg.nykoping.se\/toleransprojektet\/bokpriset\/'><img loading=\"lazy\" decoding=\"async\" width=\"150\" height=\"150\" src=\"https:\/\/blogg.nykoping.se\/toleransprojektet\/wp-content\/uploads\/sites\/51\/2017\/04\/Bokpriset-150x150.jpg\" class=\"attachment-thumbnail size-thumbnail\" alt=\"\" \/><\/a>\n\t\t\t<\/div><\/figure><figure class='gallery-item'>\n\t\t\t<div class='gallery-icon landscape'>\n\t\t\t\t<a href='https:\/\/blogg.nykoping.se\/toleransprojektet\/2017\/04\/26\/tionde-traffen-efter-resan-till-polen\/pa-golvet\/'><img loading=\"lazy\" decoding=\"async\" width=\"150\" height=\"150\" src=\"https:\/\/blogg.nykoping.se\/toleransprojektet\/wp-content\/uploads\/sites\/51\/2017\/04\/P\u00e5-golvet-150x150.jpg\" class=\"attachment-thumbnail size-thumbnail\" alt=\"\" \/><\/a>\n\t\t\t<\/div><\/figure>\n\t\t<\/div>\n\n<p>Den t\u00e4vling som vi \u00e4gnade sista dagen i Krakow \u00e5t: Uppdrag Kazimierz, fick sina vinnare och dagen avslutades med prisutdelning &#8211; fina skrivb\u00f6cker fr\u00e5n bokhandeln i Kazimierz, de f\u00f6re detta judiska kvarteren.<\/p>\n<p>N\u00e4sta g\u00e5ng blir den sista g\u00e5ngen vi ses p\u00e5 S\u00f6ra och d\u00e5 v\u00e4ntar bland annat generalrepetitioner inf\u00f6r slutpresentationerna som kommer att \u00e4ga rum i Nicolaiskolans aula m\u00e5ndag 22 maj kl 18.30-ca 20.00 (f\u00f6r grupp 1) och tisdag 23 maj kl 18.30- ca 20.00 (grupp 2). D\u00e5 \u00e4r f\u00f6r\u00e4ldrar, kompisar, l\u00e4rare, politiker och andra intresserade varmt v\u00e4lkomna att lyssna. En inbjudan skickas ut inom kort!<\/p>\n<p><img loading=\"lazy\" decoding=\"async\" class=\"alignnone size-full wp-image-635\" src=\"http:\/\/blogg.nykoping.se\/toleransprojektet\/wp-content\/uploads\/sites\/51\/2017\/04\/Bussv\u00e4ntan.jpg\" alt=\"\" width=\"4032\" height=\"3024\" srcset=\"https:\/\/blogg.nykoping.se\/toleransprojektet\/wp-content\/uploads\/sites\/51\/2017\/04\/Bussv\u00e4ntan.jpg 4032w, https:\/\/blogg.nykoping.se\/toleransprojektet\/wp-content\/uploads\/sites\/51\/2017\/04\/Bussv\u00e4ntan-300x225.jpg 300w, https:\/\/blogg.nykoping.se\/toleransprojektet\/wp-content\/uploads\/sites\/51\/2017\/04\/Bussv\u00e4ntan-768x576.jpg 768w, https:\/\/blogg.nykoping.se\/toleransprojektet\/wp-content\/uploads\/sites\/51\/2017\/04\/Bussv\u00e4ntan-1024x768.jpg 1024w\" sizes=\"auto, (max-width: 4032px) 100vw, 4032px\" \/><\/p>\n","protected":false},"excerpt":{"rendered":"<p>\u00c4ntligen fick vi tr\u00e4ffas igen ute p\u00e5 S\u00f6ra efter resan till Polen och ett p\u00e5sklov. Det blev naturligt att l\u00e5ta dagens tema vara: Efter resan till Polen. Vi hade massor att f\u00f6lja upp och reflektera \u00f6ver och lika mycket att fundera \u00f6ver inf\u00f6r forts\u00e4ttningen och den stora avslutningen i maj. Vi inledde med ett bildspel &hellip; <a href=\"https:\/\/blogg.nykoping.se\/toleransprojektet\/2017\/04\/26\/tionde-traffen-efter-resan-till-polen\/\" class=\"more-link\">Forts\u00e4tt l\u00e4sa <span class=\"screen-reader-text\">Tionde tr\u00e4ffen: Efter resan till Polen<\/span><\/a><\/p>\n","protected":false},"author":203,"featured_media":0,"comment_status":"open","ping_status":"open","sticky":false,"template":"","format":"standard","meta":{"footnotes":""},"categories":[1],"tags":[],"class_list":["post-622","post","type-post","status-publish","format-standard","hentry","category-okategoriserade"],"_links":{"self":[{"href":"https:\/\/blogg.nykoping.se\/toleransprojektet\/wp-json\/wp\/v2\/posts\/622","targetHints":{"allow":["GET"]}}],"collection":[{"href":"https:\/\/blogg.nykoping.se\/toleransprojektet\/wp-json\/wp\/v2\/posts"}],"about":[{"href":"https:\/\/blogg.nykoping.se\/toleransprojektet\/wp-json\/wp\/v2\/types\/post"}],"author":[{"embeddable":true,"href":"https:\/\/blogg.nykoping.se\/toleransprojektet\/wp-json\/wp\/v2\/users\/203"}],"replies":[{"embeddable":true,"href":"https:\/\/blogg.nykoping.se\/toleransprojektet\/wp-json\/wp\/v2\/comments?post=622"}],"version-history":[{"count":6,"href":"https:\/\/blogg.nykoping.se\/toleransprojektet\/wp-json\/wp\/v2\/posts\/622\/revisions"}],"predecessor-version":[{"id":647,"href":"https:\/\/blogg.nykoping.se\/toleransprojektet\/wp-json\/wp\/v2\/posts\/622\/revisions\/647"}],"wp:attachment":[{"href":"https:\/\/blogg.nykoping.se\/toleransprojektet\/wp-json\/wp\/v2\/media?parent=622"}],"wp:term":[{"taxonomy":"category","embeddable":true,"href":"https:\/\/blogg.nykoping.se\/toleransprojektet\/wp-json\/wp\/v2\/categories?post=622"},{"taxonomy":"post_tag","embeddable":true,"href":"https:\/\/blogg.nykoping.se\/toleransprojektet\/wp-json\/wp\/v2\/tags?post=622"}],"curies":[{"name":"wp","href":"https:\/\/api.w.org\/{rel}","templated":true}]}}