{"id":488,"date":"2017-04-01T22:50:51","date_gmt":"2017-04-01T20:50:51","guid":{"rendered":"http:\/\/blogg.nykoping.se\/toleransprojektet\/?p=488"},"modified":"2017-04-01T23:22:04","modified_gmt":"2017-04-01T21:22:04","slug":"resa-2-i-forintelsens-spar-tredje-dagen","status":"publish","type":"post","link":"https:\/\/blogg.nykoping.se\/toleransprojektet\/2017\/04\/01\/resa-2-i-forintelsens-spar-tredje-dagen\/","title":{"rendered":"Resa 2: I F\u00f6rintelsens sp\u00e5r. Tredje dagen"},"content":{"rendered":"<p><img loading=\"lazy\" decoding=\"async\" class=\"alignnone size-full wp-image-499\" src=\"http:\/\/blogg.nykoping.se\/toleransprojektet\/wp-content\/uploads\/sites\/51\/2017\/04\/DSCF3737.jpg\" alt=\"\" width=\"3456\" height=\"4608\" srcset=\"https:\/\/blogg.nykoping.se\/toleransprojektet\/wp-content\/uploads\/sites\/51\/2017\/04\/DSCF3737.jpg 3456w, https:\/\/blogg.nykoping.se\/toleransprojektet\/wp-content\/uploads\/sites\/51\/2017\/04\/DSCF3737-225x300.jpg 225w, https:\/\/blogg.nykoping.se\/toleransprojektet\/wp-content\/uploads\/sites\/51\/2017\/04\/DSCF3737-768x1024.jpg 768w\" sizes=\"auto, (max-width: 3456px) 100vw, 3456px\" \/><\/p>\n<p>Dagens stora upplevelse var bes\u00f6ket i skogen i Josefow. D\u00e4r m\u00f6rdade helt vanliga m\u00e4n ettusen femhundra m\u00e4nniskor, judar, som bodde i den lilla byn. De utf\u00f6rde sin f\u00f6rsta order. Trots att de hade f\u00e5tt m\u00f6jligheten att avst\u00e5. D\u00e4r i mossan satt eleverna och skrev om hur det k\u00e4ndes att nu befinna sig p\u00e5 den plats som Toleransprojektets f\u00f6rsta ber\u00e4ttelse utspelade sig p\u00e5. H\u00e4r f\u00f6ljer n\u00e5gra av elevreflektionerna.<\/p>\n<div id='gallery-1' class='gallery galleryid-488 gallery-columns-3 gallery-size-thumbnail'><figure class='gallery-item'>\n\t\t\t<div class='gallery-icon landscape'>\n\t\t\t\t<a href='https:\/\/blogg.nykoping.se\/toleransprojektet\/dscf3684\/'><img loading=\"lazy\" decoding=\"async\" width=\"150\" height=\"150\" src=\"https:\/\/blogg.nykoping.se\/toleransprojektet\/wp-content\/uploads\/sites\/51\/2017\/04\/DSCF3684-150x150.jpg\" class=\"attachment-thumbnail size-thumbnail\" alt=\"\" \/><\/a>\n\t\t\t<\/div><\/figure><figure class='gallery-item'>\n\t\t\t<div class='gallery-icon landscape'>\n\t\t\t\t<a href='https:\/\/blogg.nykoping.se\/toleransprojektet\/dscf3730\/'><img loading=\"lazy\" decoding=\"async\" width=\"150\" height=\"150\" src=\"https:\/\/blogg.nykoping.se\/toleransprojektet\/wp-content\/uploads\/sites\/51\/2017\/04\/DSCF3730-150x150.jpg\" class=\"attachment-thumbnail size-thumbnail\" alt=\"\" \/><\/a>\n\t\t\t<\/div><\/figure><figure class='gallery-item'>\n\t\t\t<div class='gallery-icon portrait'>\n\t\t\t\t<a href='https:\/\/blogg.nykoping.se\/toleransprojektet\/dscf3682\/'><img loading=\"lazy\" decoding=\"async\" width=\"150\" height=\"150\" src=\"https:\/\/blogg.nykoping.se\/toleransprojektet\/wp-content\/uploads\/sites\/51\/2017\/04\/DSCF3682-150x150.jpg\" class=\"attachment-thumbnail size-thumbnail\" alt=\"\" \/><\/a>\n\t\t\t<\/div><\/figure>\n\t\t<\/div>\n\n<p><em>Det k\u00e4nns v\u00e4ldigt konstigt n\u00e4r man t\u00e4nker att det var h\u00e4r som vanliga pappor fr\u00e5n Hamburg b\u00f6rjade bli det de till slut blev. Det g\u00e5r verkligen inte att f\u00f6rst\u00e5 att barn blev skjutna av en vuxen de hade n\u00e5got slags f\u00f6rtroende f\u00f6r p\u00e5 just den h\u00e4r kvadratmetern d\u00e4r jag sitter nu, 75 \u00e5r senare, och skriver i min bok. Helt sjukt. Jag lutar mitt huvud mot tr\u00e4det jag har som ryggst\u00f6d och t\u00e4nker: Vad \u00e4r felet? Hur? Vad jk\u00e4nde de f\u00f6r motivation? De visste inte att de inte skulle f\u00e5 n\u00e5got h\u00e5rdare straff \u00e4n att vara tvungna att laga mat ist\u00e4llet f\u00f6r att skjuta.<\/em> (Ludvig)<\/p>\n<p><img loading=\"lazy\" decoding=\"async\" class=\"alignnone size-full wp-image-511\" src=\"http:\/\/blogg.nykoping.se\/toleransprojektet\/wp-content\/uploads\/sites\/51\/2017\/04\/DSCF3680.jpg\" alt=\"\" width=\"4608\" height=\"3456\" srcset=\"https:\/\/blogg.nykoping.se\/toleransprojektet\/wp-content\/uploads\/sites\/51\/2017\/04\/DSCF3680.jpg 4608w, https:\/\/blogg.nykoping.se\/toleransprojektet\/wp-content\/uploads\/sites\/51\/2017\/04\/DSCF3680-300x225.jpg 300w, https:\/\/blogg.nykoping.se\/toleransprojektet\/wp-content\/uploads\/sites\/51\/2017\/04\/DSCF3680-768x576.jpg 768w, https:\/\/blogg.nykoping.se\/toleransprojektet\/wp-content\/uploads\/sites\/51\/2017\/04\/DSCF3680-1024x768.jpg 1024w\" sizes=\"auto, (max-width: 4608px) 100vw, 4608px\" \/><\/p>\n<p><em>Ola har ber\u00e4ttat om hur skyttarna och de som assisterade gjorde f\u00f6r att avr\u00e4tta 1500 judar i skogen i Josefow och att m\u00e5nga med sin m\u00e4nskliga instinkt inte kunde g\u00f6ra det s\u00e5 l\u00e4tt. De fick supa i sig en massa alkohol f\u00f6r att kunna utf\u00f6ra ordern. M\u00e5nga spydde och m\u00e5dde d\u00e5ligt f\u00f6r den g\u00e4rningen de var tillsagda att g\u00f6ra av major Trapp.<\/em> (Sebbe)<\/p>\n<div id='gallery-2' class='gallery galleryid-488 gallery-columns-3 gallery-size-thumbnail'><figure class='gallery-item'>\n\t\t\t<div class='gallery-icon landscape'>\n\t\t\t\t<a href='https:\/\/blogg.nykoping.se\/toleransprojektet\/dscf3725\/'><img loading=\"lazy\" decoding=\"async\" width=\"150\" height=\"150\" src=\"https:\/\/blogg.nykoping.se\/toleransprojektet\/wp-content\/uploads\/sites\/51\/2017\/04\/DSCF3725-150x150.jpg\" class=\"attachment-thumbnail size-thumbnail\" alt=\"\" \/><\/a>\n\t\t\t<\/div><\/figure><figure class='gallery-item'>\n\t\t\t<div class='gallery-icon landscape'>\n\t\t\t\t<a href='https:\/\/blogg.nykoping.se\/toleransprojektet\/dscf3758\/'><img loading=\"lazy\" decoding=\"async\" width=\"150\" height=\"150\" src=\"https:\/\/blogg.nykoping.se\/toleransprojektet\/wp-content\/uploads\/sites\/51\/2017\/04\/DSCF3758-150x150.jpg\" class=\"attachment-thumbnail size-thumbnail\" alt=\"\" \/><\/a>\n\t\t\t<\/div><\/figure><figure class='gallery-item'>\n\t\t\t<div class='gallery-icon landscape'>\n\t\t\t\t<a href='https:\/\/blogg.nykoping.se\/toleransprojektet\/dscf3768\/'><img loading=\"lazy\" decoding=\"async\" width=\"150\" height=\"150\" src=\"https:\/\/blogg.nykoping.se\/toleransprojektet\/wp-content\/uploads\/sites\/51\/2017\/04\/DSCF3768-150x150.jpg\" class=\"attachment-thumbnail size-thumbnail\" alt=\"\" \/><\/a>\n\t\t\t<\/div><\/figure>\n\t\t<\/div>\n\n<p><em>Jag lutar mig mot ett tr\u00e4d och bara tar in lukten, ljuden, k\u00e4nsel och syn. Jag njuter. Det \u00e4r v\u00e4ldigt vackert h\u00e4r och f\u00e5glarna kvittrar s\u00e5 vackert men det k\u00e4nns konstigt att s\u00e4ga \u201dvackert\u201d eftersom jag vet vad som har h\u00e4nt h\u00e4r och det k\u00e4nns hemskt. Men det \u00e4r kanske d\u00e4rf\u00f6r det k\u00e4nns s\u00e5 fridfullt och vackert h\u00e4r.<\/em> (Emil)<\/p>\n<p><em>Det k\u00e4nns lite overkligt att sitta h\u00e4r. T\u00e4nk att det var h\u00e4r polisbataljon 101 var. Jag vet inte riktigt vad jag ska s\u00e4ga. F\u00f6r den h\u00e4r platsen har \u00f6verrumplat mig. Alla k\u00e4nslor har bubblat upp i min kropp och \u00e4r p\u00e5 v\u00e4g att bubbla \u00f6ver. Den h\u00e4r platsen k\u00e4nns viktig. Det \u00e4r en plats d\u00e4r m\u00e5nga m\u00f6rdades och dem b\u00f6r vi minnas. Men vi m\u00e5ste \u00e4ven minnas att de som gjorde detta var precis som du och jag. Det m\u00e5ste vara v\u00e4ldigt sv\u00e5rt att ta steget att trycka av avtryckaren. Jag vill att vi ska minnas att f\u00f6r\u00f6varna ocks\u00e5 bara var m\u00e4nniskor.<\/em> (Emilie)<\/p>\n<p><img loading=\"lazy\" decoding=\"async\" class=\"alignnone size-full wp-image-497\" src=\"http:\/\/blogg.nykoping.se\/toleransprojektet\/wp-content\/uploads\/sites\/51\/2017\/04\/DSCF3789.jpg\" alt=\"\" width=\"4608\" height=\"3456\" srcset=\"https:\/\/blogg.nykoping.se\/toleransprojektet\/wp-content\/uploads\/sites\/51\/2017\/04\/DSCF3789.jpg 4608w, https:\/\/blogg.nykoping.se\/toleransprojektet\/wp-content\/uploads\/sites\/51\/2017\/04\/DSCF3789-300x225.jpg 300w, https:\/\/blogg.nykoping.se\/toleransprojektet\/wp-content\/uploads\/sites\/51\/2017\/04\/DSCF3789-768x576.jpg 768w, https:\/\/blogg.nykoping.se\/toleransprojektet\/wp-content\/uploads\/sites\/51\/2017\/04\/DSCF3789-1024x768.jpg 1024w\" sizes=\"auto, (max-width: 4608px) 100vw, 4608px\" \/><\/p>\n<p>Efter en l\u00e5ng bussresa till Oswiecim avslutades kv\u00e4llen med att basgrupperna presenterade sina minnestavlor \u00f6ver m\u00e4nniskorna som m\u00f6rdades i skogen i Josefow. Instruktionen var att inte fokusera p\u00e5 d\u00f6den och m\u00f6rdandet utan p\u00e5 det liv som fanns. Hur hedrar vi m\u00e4nniskorna som levde i Josefow?<\/p>\n<div id='gallery-3' class='gallery galleryid-488 gallery-columns-3 gallery-size-thumbnail'><figure class='gallery-item'>\n\t\t\t<div class='gallery-icon landscape'>\n\t\t\t\t<a href='https:\/\/blogg.nykoping.se\/toleransprojektet\/dscf3879\/'><img loading=\"lazy\" decoding=\"async\" width=\"150\" height=\"150\" src=\"https:\/\/blogg.nykoping.se\/toleransprojektet\/wp-content\/uploads\/sites\/51\/2017\/04\/DSCF3879-150x150.jpg\" class=\"attachment-thumbnail size-thumbnail\" alt=\"\" \/><\/a>\n\t\t\t<\/div><\/figure><figure class='gallery-item'>\n\t\t\t<div class='gallery-icon landscape'>\n\t\t\t\t<a href='https:\/\/blogg.nykoping.se\/toleransprojektet\/dscf3883\/'><img loading=\"lazy\" decoding=\"async\" width=\"150\" height=\"150\" src=\"https:\/\/blogg.nykoping.se\/toleransprojektet\/wp-content\/uploads\/sites\/51\/2017\/04\/DSCF3883-150x150.jpg\" class=\"attachment-thumbnail size-thumbnail\" alt=\"\" \/><\/a>\n\t\t\t<\/div><\/figure><figure class='gallery-item'>\n\t\t\t<div class='gallery-icon landscape'>\n\t\t\t\t<a href='https:\/\/blogg.nykoping.se\/toleransprojektet\/dscf3881\/'><img loading=\"lazy\" decoding=\"async\" width=\"150\" height=\"150\" src=\"https:\/\/blogg.nykoping.se\/toleransprojektet\/wp-content\/uploads\/sites\/51\/2017\/04\/DSCF3881-150x150.jpg\" class=\"attachment-thumbnail size-thumbnail\" alt=\"\" \/><\/a>\n\t\t\t<\/div><\/figure>\n\t\t<\/div>\n\n<p>Avslutningsvis f\u00f6ljer en text som Hjalmar skrivit om hur han vill bli ih\u00e5gkommen den dag han \u00e4r borta. Idag var det Hjalmars f\u00f6delsedag! Imorgon f\u00e5r han och de andra i gruppen m\u00f6ta Auschwitz.<\/p>\n<p><em>Jag vill dels att man ska s\u00e4ga att jag var en rolig och glad person men mest av allt att jag var en person som beh\u00f6ll hemligheter och var en god, sn\u00e4ll och givmild v\u00e4n som inte var alltf\u00f6r tr\u00e5kig.<\/em><\/p>\n<p><img loading=\"lazy\" decoding=\"async\" class=\"alignnone size-full wp-image-496\" src=\"http:\/\/blogg.nykoping.se\/toleransprojektet\/wp-content\/uploads\/sites\/51\/2017\/04\/DSCF3760.jpg\" alt=\"\" width=\"4608\" height=\"3456\" srcset=\"https:\/\/blogg.nykoping.se\/toleransprojektet\/wp-content\/uploads\/sites\/51\/2017\/04\/DSCF3760.jpg 4608w, https:\/\/blogg.nykoping.se\/toleransprojektet\/wp-content\/uploads\/sites\/51\/2017\/04\/DSCF3760-300x225.jpg 300w, https:\/\/blogg.nykoping.se\/toleransprojektet\/wp-content\/uploads\/sites\/51\/2017\/04\/DSCF3760-768x576.jpg 768w, https:\/\/blogg.nykoping.se\/toleransprojektet\/wp-content\/uploads\/sites\/51\/2017\/04\/DSCF3760-1024x768.jpg 1024w\" sizes=\"auto, (max-width: 4608px) 100vw, 4608px\" \/><\/p>\n","protected":false},"excerpt":{"rendered":"<p>Dagens stora upplevelse var bes\u00f6ket i skogen i Josefow. D\u00e4r m\u00f6rdade helt vanliga m\u00e4n ettusen femhundra m\u00e4nniskor, judar, som bodde i den lilla byn. De utf\u00f6rde sin f\u00f6rsta order. Trots att de hade f\u00e5tt m\u00f6jligheten att avst\u00e5. D\u00e4r i mossan satt eleverna och skrev om hur det k\u00e4ndes att nu befinna sig p\u00e5 den plats &hellip; <a href=\"https:\/\/blogg.nykoping.se\/toleransprojektet\/2017\/04\/01\/resa-2-i-forintelsens-spar-tredje-dagen\/\" class=\"more-link\">Forts\u00e4tt l\u00e4sa <span class=\"screen-reader-text\">Resa 2: I F\u00f6rintelsens sp\u00e5r. Tredje dagen<\/span><\/a><\/p>\n","protected":false},"author":203,"featured_media":0,"comment_status":"open","ping_status":"open","sticky":false,"template":"","format":"standard","meta":{"footnotes":""},"categories":[1],"tags":[],"class_list":["post-488","post","type-post","status-publish","format-standard","hentry","category-okategoriserade"],"_links":{"self":[{"href":"https:\/\/blogg.nykoping.se\/toleransprojektet\/wp-json\/wp\/v2\/posts\/488","targetHints":{"allow":["GET"]}}],"collection":[{"href":"https:\/\/blogg.nykoping.se\/toleransprojektet\/wp-json\/wp\/v2\/posts"}],"about":[{"href":"https:\/\/blogg.nykoping.se\/toleransprojektet\/wp-json\/wp\/v2\/types\/post"}],"author":[{"embeddable":true,"href":"https:\/\/blogg.nykoping.se\/toleransprojektet\/wp-json\/wp\/v2\/users\/203"}],"replies":[{"embeddable":true,"href":"https:\/\/blogg.nykoping.se\/toleransprojektet\/wp-json\/wp\/v2\/comments?post=488"}],"version-history":[{"count":7,"href":"https:\/\/blogg.nykoping.se\/toleransprojektet\/wp-json\/wp\/v2\/posts\/488\/revisions"}],"predecessor-version":[{"id":513,"href":"https:\/\/blogg.nykoping.se\/toleransprojektet\/wp-json\/wp\/v2\/posts\/488\/revisions\/513"}],"wp:attachment":[{"href":"https:\/\/blogg.nykoping.se\/toleransprojektet\/wp-json\/wp\/v2\/media?parent=488"}],"wp:term":[{"taxonomy":"category","embeddable":true,"href":"https:\/\/blogg.nykoping.se\/toleransprojektet\/wp-json\/wp\/v2\/categories?post=488"},{"taxonomy":"post_tag","embeddable":true,"href":"https:\/\/blogg.nykoping.se\/toleransprojektet\/wp-json\/wp\/v2\/tags?post=488"}],"curies":[{"name":"wp","href":"https:\/\/api.w.org\/{rel}","templated":true}]}}