{"id":409,"date":"2017-03-22T16:48:46","date_gmt":"2017-03-22T15:48:46","guid":{"rendered":"http:\/\/blogg.nykoping.se\/toleransprojektet\/?p=409"},"modified":"2017-03-29T12:08:34","modified_gmt":"2017-03-29T10:08:34","slug":"i-forintelsens-spar-sjatte-dagen","status":"publish","type":"post","link":"https:\/\/blogg.nykoping.se\/toleransprojektet\/2017\/03\/22\/i-forintelsens-spar-sjatte-dagen\/","title":{"rendered":"Resa 1: I F\u00f6rintelsens sp\u00e5r. Sj\u00e4tte dagen"},"content":{"rendered":"<p><img loading=\"lazy\" decoding=\"async\" class=\"alignnone size-full wp-image-415\" src=\"http:\/\/blogg.nykoping.se\/toleransprojektet\/wp-content\/uploads\/sites\/51\/2017\/03\/DSCF2388.jpg\" alt=\"\" width=\"4608\" height=\"3456\" srcset=\"https:\/\/blogg.nykoping.se\/toleransprojektet\/wp-content\/uploads\/sites\/51\/2017\/03\/DSCF2388.jpg 4608w, https:\/\/blogg.nykoping.se\/toleransprojektet\/wp-content\/uploads\/sites\/51\/2017\/03\/DSCF2388-300x225.jpg 300w, https:\/\/blogg.nykoping.se\/toleransprojektet\/wp-content\/uploads\/sites\/51\/2017\/03\/DSCF2388-768x576.jpg 768w, https:\/\/blogg.nykoping.se\/toleransprojektet\/wp-content\/uploads\/sites\/51\/2017\/03\/DSCF2388-1024x768.jpg 1024w\" sizes=\"auto, (max-width: 4608px) 100vw, 4608px\" \/><\/p>\n<p>Den resa i F\u00f6rintelsens sp\u00e5r som grupp 1 gav sig iv\u00e4g p\u00e5 f\u00f6rra onsdagen kom s\u00e5 till sin sista dag. Temat var: N\u00e4r m\u00e4nniskorna \u00e4r borta men husen st\u00e5r kvar. Vi \u00e4gnade oss \u00e5t olika platser i Krakow som p\u00e5minner om det judiska livet som fanns h\u00e4r och hur det f\u00f6rsvann,<\/p>\n<p><img loading=\"lazy\" decoding=\"async\" class=\"alignnone size-full wp-image-417\" src=\"http:\/\/blogg.nykoping.se\/toleransprojektet\/wp-content\/uploads\/sites\/51\/2017\/03\/DSCF2465.jpg\" alt=\"\" width=\"4608\" height=\"3456\" srcset=\"https:\/\/blogg.nykoping.se\/toleransprojektet\/wp-content\/uploads\/sites\/51\/2017\/03\/DSCF2465.jpg 4608w, https:\/\/blogg.nykoping.se\/toleransprojektet\/wp-content\/uploads\/sites\/51\/2017\/03\/DSCF2465-300x225.jpg 300w, https:\/\/blogg.nykoping.se\/toleransprojektet\/wp-content\/uploads\/sites\/51\/2017\/03\/DSCF2465-768x576.jpg 768w, https:\/\/blogg.nykoping.se\/toleransprojektet\/wp-content\/uploads\/sites\/51\/2017\/03\/DSCF2465-1024x768.jpg 1024w\" sizes=\"auto, (max-width: 4608px) 100vw, 4608px\" \/><\/p>\n<p>Vi gick p\u00e5 uppt\u00e4cksf\u00e4rd fr\u00e5n det f\u00f6re detta judiska gettot Podgorze vidare till det som var koncentrationsl\u00e4gret Plaszow. I detta l\u00e4ger styrde Amon G\u00f6th med sadistiska metoder och k\u00e4nslokyla.<\/p>\n<div id='gallery-1' class='gallery galleryid-409 gallery-columns-3 gallery-size-thumbnail'><figure class='gallery-item'>\n\t\t\t<div class='gallery-icon portrait'>\n\t\t\t\t<a href='https:\/\/blogg.nykoping.se\/toleransprojektet\/dscf2300\/'><img loading=\"lazy\" decoding=\"async\" width=\"150\" height=\"150\" src=\"https:\/\/blogg.nykoping.se\/toleransprojektet\/wp-content\/uploads\/sites\/51\/2017\/03\/DSCF2300-150x150.jpg\" class=\"attachment-thumbnail size-thumbnail\" alt=\"\" \/><\/a>\n\t\t\t<\/div><\/figure><figure class='gallery-item'>\n\t\t\t<div class='gallery-icon landscape'>\n\t\t\t\t<a href='https:\/\/blogg.nykoping.se\/toleransprojektet\/dscf2485\/'><img loading=\"lazy\" decoding=\"async\" width=\"150\" height=\"150\" src=\"https:\/\/blogg.nykoping.se\/toleransprojektet\/wp-content\/uploads\/sites\/51\/2017\/03\/DSCF2485-150x150.jpg\" class=\"attachment-thumbnail size-thumbnail\" alt=\"\" \/><\/a>\n\t\t\t<\/div><\/figure><figure class='gallery-item'>\n\t\t\t<div class='gallery-icon landscape'>\n\t\t\t\t<a href='https:\/\/blogg.nykoping.se\/toleransprojektet\/dscf2431\/'><img loading=\"lazy\" decoding=\"async\" width=\"150\" height=\"150\" src=\"https:\/\/blogg.nykoping.se\/toleransprojektet\/wp-content\/uploads\/sites\/51\/2017\/03\/DSCF2431-150x150.jpg\" class=\"attachment-thumbnail size-thumbnail\" alt=\"\" \/><\/a>\n\t\t\t<\/div><\/figure>\n\t\t<\/div>\n\n<p>Fr\u00e5n Plaszow vandrade vi vidare mot de f\u00f6re detta judiska kvarteren d\u00e4r en klurig och ganska kr\u00e4vande samarbetsuppgift stod p\u00e5 schemat samt ett bes\u00f6k i den lilla och fortfarande aktiva synagogan Remuh. F\u00f6rsamlingen best\u00e5r idag av endast ett hundratal medlemmar. F\u00f6re kriget fanns omkring 60 000 judar i Krakow. P\u00e5 Remuhs begravningsplats avslutade vi med resans sista skrivuppgift och fick uppleva en grupp ultraortodoxa judiska m\u00e4ns b\u00f6neceremoni.<\/p>\n<div id='gallery-2' class='gallery galleryid-409 gallery-columns-3 gallery-size-thumbnail'><figure class='gallery-item'>\n\t\t\t<div class='gallery-icon landscape'>\n\t\t\t\t<a href='https:\/\/blogg.nykoping.se\/toleransprojektet\/dscf2680\/'><img loading=\"lazy\" decoding=\"async\" width=\"150\" height=\"150\" src=\"https:\/\/blogg.nykoping.se\/toleransprojektet\/wp-content\/uploads\/sites\/51\/2017\/03\/DSCF2680-150x150.jpg\" class=\"attachment-thumbnail size-thumbnail\" alt=\"\" \/><\/a>\n\t\t\t<\/div><\/figure><figure class='gallery-item'>\n\t\t\t<div class='gallery-icon landscape'>\n\t\t\t\t<a href='https:\/\/blogg.nykoping.se\/toleransprojektet\/dscf2642\/'><img loading=\"lazy\" decoding=\"async\" width=\"150\" height=\"150\" src=\"https:\/\/blogg.nykoping.se\/toleransprojektet\/wp-content\/uploads\/sites\/51\/2017\/03\/DSCF2642-150x150.jpg\" class=\"attachment-thumbnail size-thumbnail\" alt=\"\" \/><\/a>\n\t\t\t<\/div><\/figure><figure class='gallery-item'>\n\t\t\t<div class='gallery-icon landscape'>\n\t\t\t\t<a href='https:\/\/blogg.nykoping.se\/toleransprojektet\/dscf2718\/'><img loading=\"lazy\" decoding=\"async\" width=\"150\" height=\"150\" src=\"https:\/\/blogg.nykoping.se\/toleransprojektet\/wp-content\/uploads\/sites\/51\/2017\/03\/DSCF2718-150x150.jpg\" class=\"attachment-thumbnail size-thumbnail\" alt=\"\" \/><\/a>\n\t\t\t<\/div><\/figure>\n\t\t<\/div>\n\n<p>Den sista kv\u00e4llssamlingen k\u00e4ndes vemodig men v\u00e4ldigt fin. M\u00e5nga elever delade med sig av tankar kring resans betydelse f\u00f6r dem och kring hur platserna (m\u00e5nga av dem tomma) vi bes\u00f6kt p\u00e5verkat dem. H\u00e4r f\u00f6ljer ett antal kloka och viktiga tankar:<\/p>\n<p><em>Jag tror att ni tar med oss till tomma platser f\u00f6r att vi ska kunna f\u00f6rst\u00e5 att det inte l\u00e4ngre finns n\u00e5got kvar. Att vi ska f\u00f6rst\u00e5 att detta \u00e4r vad som blev kvar efter F\u00f6rintelsen. Jag tror ocks\u00e5 att ni vill att vi ska kunna leka med v\u00e5r fantasi. P\u00e5 dessa tomma platser blir alla tvungna att f\u00f6rs\u00f6ka f\u00f6rest\u00e4lla sig hur det s\u00e5g ut. Det \u00e4r viktigt f\u00f6r mig att vi \u00e4r p\u00e5 tomma platser f\u00f6r det \u00e4r d\u00e5 som jag kan j\u00e4mf\u00f6ra livet nu och livet d\u00e5.<\/em> (Moa)<\/p>\n<p><em>Bara f\u00f6r att vi inte ser det s\u00e5 betyder det inte att det inte h\u00e4nde. Platserna d\u00e4r man knappt kan se sp\u00e5r vet de flesta m\u00e4nniskor inte om. Jag tror att det \u00e4r viktigt att hedra och prata om de m\u00e4nniskor som inte bara var i de stora l\u00e4gren f\u00f6r att visa att folk \u00f6verallt som led &#8211; riktiga m\u00e4nniskor &#8211; och att de inte bara fanns p\u00e5 v\u00e4lk\u00e4nda platser.<\/em> (Victoria)<\/p>\n<div id='gallery-3' class='gallery galleryid-409 gallery-columns-3 gallery-size-thumbnail'><figure class='gallery-item'>\n\t\t\t<div class='gallery-icon landscape'>\n\t\t\t\t<a href='https:\/\/blogg.nykoping.se\/toleransprojektet\/dscf2587\/'><img loading=\"lazy\" decoding=\"async\" width=\"150\" height=\"150\" src=\"https:\/\/blogg.nykoping.se\/toleransprojektet\/wp-content\/uploads\/sites\/51\/2017\/03\/DSCF2587-150x150.jpg\" class=\"attachment-thumbnail size-thumbnail\" alt=\"\" \/><\/a>\n\t\t\t<\/div><\/figure><figure class='gallery-item'>\n\t\t\t<div class='gallery-icon landscape'>\n\t\t\t\t<a href='https:\/\/blogg.nykoping.se\/toleransprojektet\/dscf2676\/'><img loading=\"lazy\" decoding=\"async\" width=\"150\" height=\"150\" src=\"https:\/\/blogg.nykoping.se\/toleransprojektet\/wp-content\/uploads\/sites\/51\/2017\/03\/DSCF2676-150x150.jpg\" class=\"attachment-thumbnail size-thumbnail\" alt=\"\" \/><\/a>\n\t\t\t<\/div><\/figure><figure class='gallery-item'>\n\t\t\t<div class='gallery-icon portrait'>\n\t\t\t\t<a href='https:\/\/blogg.nykoping.se\/toleransprojektet\/dscf2364\/'><img loading=\"lazy\" decoding=\"async\" width=\"150\" height=\"150\" src=\"https:\/\/blogg.nykoping.se\/toleransprojektet\/wp-content\/uploads\/sites\/51\/2017\/03\/DSCF2364-150x150.jpg\" class=\"attachment-thumbnail size-thumbnail\" alt=\"\" \/><\/a>\n\t\t\t<\/div><\/figure>\n\t\t<\/div>\n\n<p><em>Platserna f\u00e5r oss att t\u00e4nka p\u00e5 ett s\u00e4tt som vi oftast inte brukar. Det kan vara allt ifr\u00e5n bilder i huvudet till att f\u00e5 en k\u00e4nsla i kroppen. Det kan vara sv\u00e5rt att f\u00f6rest\u00e4lla sig saker men om man anstr\u00e4nger sig tillr\u00e4ckligt kan man.<\/em> (Yusra)<\/p>\n<p><em>Vi \u00e5ker p\u00e5 denna resa f\u00f6r att minnas. Om ingen mer kommer hit blir det ingen som minns m\u00e4nniskor som m\u00f6rdades och d\u00e5 blir de d\u00f6da bortgl\u00f6mda.<\/em> (Ali)<\/p>\n<p><img loading=\"lazy\" decoding=\"async\" class=\"alignnone size-full wp-image-421\" src=\"http:\/\/blogg.nykoping.se\/toleransprojektet\/wp-content\/uploads\/sites\/51\/2017\/03\/DSCF2697.jpg\" alt=\"\" width=\"3456\" height=\"4608\" srcset=\"https:\/\/blogg.nykoping.se\/toleransprojektet\/wp-content\/uploads\/sites\/51\/2017\/03\/DSCF2697.jpg 3456w, https:\/\/blogg.nykoping.se\/toleransprojektet\/wp-content\/uploads\/sites\/51\/2017\/03\/DSCF2697-225x300.jpg 225w, https:\/\/blogg.nykoping.se\/toleransprojektet\/wp-content\/uploads\/sites\/51\/2017\/03\/DSCF2697-768x1024.jpg 768w\" sizes=\"auto, (max-width: 3456px) 100vw, 3456px\" \/><\/p>\n<p>Detta \u00e4r bara en br\u00e5kdel av alla texter och tankar som f\u00f6rmedlats under denna resa. Toleransprojektets m\u00e5l \u00e4r att f\u00e5 unga m\u00e4nniskor att v\u00e4xa till ansvarsfulla, t\u00e4nkande och empatiska individer &#8211; trygga i sig sj\u00e4lva och med tro p\u00e5 att det g\u00e5r att vara den b\u00e4sta versionen av sig sj\u00e4lv. Det har dessa texter och denna resa visat p\u00e5 s\u00e5 m\u00e5nga olika s\u00e4tt. Tack alla fina elever i grupp 1 f\u00f6r att ni s\u00e5 modigt och fokuserat gjort denna resa till ett minne f\u00f6r livet. Vi har gjort den tillsammans!<\/p>\n<p>Om en vecka flyger vi iv\u00e4g till Polen igen &#8211; d\u00e5 med grupp 2. Sj\u00e4lvklart kan ni f\u00f6lja \u00e4ven den resan h\u00e4r p\u00e5 bloggen!<\/p>\n<p><img loading=\"lazy\" decoding=\"async\" class=\"alignnone size-full wp-image-427\" src=\"http:\/\/blogg.nykoping.se\/toleransprojektet\/wp-content\/uploads\/sites\/51\/2017\/03\/DSCF2529.jpg\" alt=\"\" width=\"4608\" height=\"3456\" srcset=\"https:\/\/blogg.nykoping.se\/toleransprojektet\/wp-content\/uploads\/sites\/51\/2017\/03\/DSCF2529.jpg 4608w, https:\/\/blogg.nykoping.se\/toleransprojektet\/wp-content\/uploads\/sites\/51\/2017\/03\/DSCF2529-300x225.jpg 300w, https:\/\/blogg.nykoping.se\/toleransprojektet\/wp-content\/uploads\/sites\/51\/2017\/03\/DSCF2529-768x576.jpg 768w, https:\/\/blogg.nykoping.se\/toleransprojektet\/wp-content\/uploads\/sites\/51\/2017\/03\/DSCF2529-1024x768.jpg 1024w\" sizes=\"auto, (max-width: 4608px) 100vw, 4608px\" \/><\/p>\n<p>&nbsp;<\/p>\n<p>&nbsp;<\/p>\n","protected":false},"excerpt":{"rendered":"<p>Den resa i F\u00f6rintelsens sp\u00e5r som grupp 1 gav sig iv\u00e4g p\u00e5 f\u00f6rra onsdagen kom s\u00e5 till sin sista dag. Temat var: N\u00e4r m\u00e4nniskorna \u00e4r borta men husen st\u00e5r kvar. Vi \u00e4gnade oss \u00e5t olika platser i Krakow som p\u00e5minner om det judiska livet som fanns h\u00e4r och hur det f\u00f6rsvann, Vi gick p\u00e5 uppt\u00e4cksf\u00e4rd &hellip; <a href=\"https:\/\/blogg.nykoping.se\/toleransprojektet\/2017\/03\/22\/i-forintelsens-spar-sjatte-dagen\/\" class=\"more-link\">Forts\u00e4tt l\u00e4sa <span class=\"screen-reader-text\">Resa 1: I F\u00f6rintelsens sp\u00e5r. Sj\u00e4tte dagen<\/span><\/a><\/p>\n","protected":false},"author":203,"featured_media":0,"comment_status":"open","ping_status":"open","sticky":false,"template":"","format":"standard","meta":{"footnotes":""},"categories":[1],"tags":[],"class_list":["post-409","post","type-post","status-publish","format-standard","hentry","category-okategoriserade"],"_links":{"self":[{"href":"https:\/\/blogg.nykoping.se\/toleransprojektet\/wp-json\/wp\/v2\/posts\/409","targetHints":{"allow":["GET"]}}],"collection":[{"href":"https:\/\/blogg.nykoping.se\/toleransprojektet\/wp-json\/wp\/v2\/posts"}],"about":[{"href":"https:\/\/blogg.nykoping.se\/toleransprojektet\/wp-json\/wp\/v2\/types\/post"}],"author":[{"embeddable":true,"href":"https:\/\/blogg.nykoping.se\/toleransprojektet\/wp-json\/wp\/v2\/users\/203"}],"replies":[{"embeddable":true,"href":"https:\/\/blogg.nykoping.se\/toleransprojektet\/wp-json\/wp\/v2\/comments?post=409"}],"version-history":[{"count":8,"href":"https:\/\/blogg.nykoping.se\/toleransprojektet\/wp-json\/wp\/v2\/posts\/409\/revisions"}],"predecessor-version":[{"id":438,"href":"https:\/\/blogg.nykoping.se\/toleransprojektet\/wp-json\/wp\/v2\/posts\/409\/revisions\/438"}],"wp:attachment":[{"href":"https:\/\/blogg.nykoping.se\/toleransprojektet\/wp-json\/wp\/v2\/media?parent=409"}],"wp:term":[{"taxonomy":"category","embeddable":true,"href":"https:\/\/blogg.nykoping.se\/toleransprojektet\/wp-json\/wp\/v2\/categories?post=409"},{"taxonomy":"post_tag","embeddable":true,"href":"https:\/\/blogg.nykoping.se\/toleransprojektet\/wp-json\/wp\/v2\/tags?post=409"}],"curies":[{"name":"wp","href":"https:\/\/api.w.org\/{rel}","templated":true}]}}