{"id":394,"date":"2017-03-21T06:55:16","date_gmt":"2017-03-21T05:55:16","guid":{"rendered":"http:\/\/blogg.nykoping.se\/toleransprojektet\/?p=394"},"modified":"2017-03-29T12:09:40","modified_gmt":"2017-03-29T10:09:40","slug":"i-forintelsens-spar-femte-dagen","status":"publish","type":"post","link":"https:\/\/blogg.nykoping.se\/toleransprojektet\/2017\/03\/21\/i-forintelsens-spar-femte-dagen\/","title":{"rendered":"Resa 1: I F\u00f6rintelsens sp\u00e5r. Femte dagen"},"content":{"rendered":"<p><img loading=\"lazy\" decoding=\"async\" class=\"alignnone size-full wp-image-397\" src=\"http:\/\/blogg.nykoping.se\/toleransprojektet\/wp-content\/uploads\/sites\/51\/2017\/03\/DSCF1910.jpg\" alt=\"\" width=\"4608\" height=\"3456\" srcset=\"https:\/\/blogg.nykoping.se\/toleransprojektet\/wp-content\/uploads\/sites\/51\/2017\/03\/DSCF1910.jpg 4608w, https:\/\/blogg.nykoping.se\/toleransprojektet\/wp-content\/uploads\/sites\/51\/2017\/03\/DSCF1910-300x225.jpg 300w, https:\/\/blogg.nykoping.se\/toleransprojektet\/wp-content\/uploads\/sites\/51\/2017\/03\/DSCF1910-768x576.jpg 768w, https:\/\/blogg.nykoping.se\/toleransprojektet\/wp-content\/uploads\/sites\/51\/2017\/03\/DSCF1910-1024x768.jpg 1024w\" sizes=\"auto, (max-width: 4608px) 100vw, 4608px\" \/><\/p>\n<p>Idag har v\u00e5r dag haft tv\u00e5 v\u00e4ldigt olika teman. Vi \u00e5terv\u00e4nde f\u00f6rst till Auschwitz Birkenau f\u00f6r att se och uppleva den del av l\u00e4gret som \u00e4gnade sig \u00e5t sj\u00e4lva f\u00f6rintelsen av de m\u00e4nniskor som kom hit. \u00c4ven idag var vi f\u00f6rsta gruppen in genom D\u00f6dens port.<\/p>\n<div id='gallery-1' class='gallery galleryid-394 gallery-columns-3 gallery-size-thumbnail'><figure class='gallery-item'>\n\t\t\t<div class='gallery-icon landscape'>\n\t\t\t\t<a href='https:\/\/blogg.nykoping.se\/toleransprojektet\/dscf1928\/'><img loading=\"lazy\" decoding=\"async\" width=\"150\" height=\"150\" src=\"https:\/\/blogg.nykoping.se\/toleransprojektet\/wp-content\/uploads\/sites\/51\/2017\/03\/DSCF1928-150x150.jpg\" class=\"attachment-thumbnail size-thumbnail\" alt=\"\" \/><\/a>\n\t\t\t<\/div><\/figure><figure class='gallery-item'>\n\t\t\t<div class='gallery-icon landscape'>\n\t\t\t\t<a href='https:\/\/blogg.nykoping.se\/toleransprojektet\/dscf1935\/'><img loading=\"lazy\" decoding=\"async\" width=\"150\" height=\"150\" src=\"https:\/\/blogg.nykoping.se\/toleransprojektet\/wp-content\/uploads\/sites\/51\/2017\/03\/DSCF1935-150x150.jpg\" class=\"attachment-thumbnail size-thumbnail\" alt=\"\" \/><\/a>\n\t\t\t<\/div><\/figure><figure class='gallery-item'>\n\t\t\t<div class='gallery-icon landscape'>\n\t\t\t\t<a href='https:\/\/blogg.nykoping.se\/toleransprojektet\/dscf1924\/'><img loading=\"lazy\" decoding=\"async\" width=\"150\" height=\"150\" src=\"https:\/\/blogg.nykoping.se\/toleransprojektet\/wp-content\/uploads\/sites\/51\/2017\/03\/DSCF1924-150x150.jpg\" class=\"attachment-thumbnail size-thumbnail\" alt=\"\" \/><\/a>\n\t\t\t<\/div><\/figure>\n\t\t<\/div>\n\n<p>Vi stod p\u00e5 rampen och gjorde en tanke\u00f6vning kring hur m\u00e5nga m\u00e4nniskor som m\u00f6rdades h\u00e4r varje dag i maj 1944. Vi vandrade till den romska delen av l\u00e4gret. Vi stod i den bj\u00f6rkdunge d\u00e4r Gerti, Ruben och deras sl\u00e4ktingar stod p\u00e5 det d\u00e4r fotografiet vi m\u00f6tt s\u00e5 m\u00e5nga g\u00e5nger. Vi passerade genom den s\u00e5 kallade saunan d\u00e4r f\u00e5ngar togs ifr\u00e5n sina kl\u00e4der, rakades, tatuerades och gjordes till ett nummer.<\/p>\n<div id='gallery-2' class='gallery galleryid-394 gallery-columns-3 gallery-size-thumbnail'><figure class='gallery-item'>\n\t\t\t<div class='gallery-icon portrait'>\n\t\t\t\t<a href='https:\/\/blogg.nykoping.se\/toleransprojektet\/dscf2008\/'><img loading=\"lazy\" decoding=\"async\" width=\"150\" height=\"150\" src=\"https:\/\/blogg.nykoping.se\/toleransprojektet\/wp-content\/uploads\/sites\/51\/2017\/03\/DSCF2008-150x150.jpg\" class=\"attachment-thumbnail size-thumbnail\" alt=\"\" \/><\/a>\n\t\t\t<\/div><\/figure><figure class='gallery-item'>\n\t\t\t<div class='gallery-icon landscape'>\n\t\t\t\t<a href='https:\/\/blogg.nykoping.se\/toleransprojektet\/dscf1959\/'><img loading=\"lazy\" decoding=\"async\" width=\"150\" height=\"150\" src=\"https:\/\/blogg.nykoping.se\/toleransprojektet\/wp-content\/uploads\/sites\/51\/2017\/03\/DSCF1959-150x150.jpg\" class=\"attachment-thumbnail size-thumbnail\" alt=\"\" \/><\/a>\n\t\t\t<\/div><\/figure><figure class='gallery-item'>\n\t\t\t<div class='gallery-icon landscape'>\n\t\t\t\t<a href='https:\/\/blogg.nykoping.se\/toleransprojektet\/dscf2087\/'><img loading=\"lazy\" decoding=\"async\" width=\"150\" height=\"150\" src=\"https:\/\/blogg.nykoping.se\/toleransprojektet\/wp-content\/uploads\/sites\/51\/2017\/03\/DSCF2087-150x150.jpg\" class=\"attachment-thumbnail size-thumbnail\" alt=\"\" \/><\/a>\n\t\t\t<\/div><\/figure>\n\t\t<\/div>\n\n<p>P\u00e5 eftermiddagen bytte vi tema. Vi f\u00f6ljde sp\u00e5ren av det rika och myllrande judiska liv som f\u00f6re F\u00f6rintelsen fanns i Oswiecim. Idag finns inga judar i staden, endast enstaka p\u00e5minnelser om att de fanns.<\/p>\n<p><img loading=\"lazy\" decoding=\"async\" class=\"alignnone size-full wp-image-402\" src=\"http:\/\/blogg.nykoping.se\/toleransprojektet\/wp-content\/uploads\/sites\/51\/2017\/03\/DSCF2136.jpg\" alt=\"\" width=\"4608\" height=\"3456\" srcset=\"https:\/\/blogg.nykoping.se\/toleransprojektet\/wp-content\/uploads\/sites\/51\/2017\/03\/DSCF2136.jpg 4608w, https:\/\/blogg.nykoping.se\/toleransprojektet\/wp-content\/uploads\/sites\/51\/2017\/03\/DSCF2136-300x225.jpg 300w, https:\/\/blogg.nykoping.se\/toleransprojektet\/wp-content\/uploads\/sites\/51\/2017\/03\/DSCF2136-768x576.jpg 768w, https:\/\/blogg.nykoping.se\/toleransprojektet\/wp-content\/uploads\/sites\/51\/2017\/03\/DSCF2136-1024x768.jpg 1024w\" sizes=\"auto, (max-width: 4608px) 100vw, 4608px\" \/><\/p>\n<p>Vi l\u00e4mnade fram\u00e5t kv\u00e4llen Oswiecim f\u00f6r Krakow och avslutade en l\u00e5ng dag med middag p\u00e5 en judisk restaurang i de f\u00f6re detta judiska kvarteren Kazimierz. Dit \u00e5terv\u00e4nder vi imorgon efter att ha tillbringat f\u00f6rmiddagen i det f\u00f6re detta gettot och i l\u00e4gret Plaszow \u2013 k\u00e4nt fr\u00e5n filmen \u201dSchindlers list.\u201d<\/p>\n<p>Dagens elevbidrag n\u00e4r det g\u00e4ller texter kommer fr\u00e5n Jonna och Suad. Jonnas text anv\u00e4ndes under v\u00e5r vandring i Oswiecim eftersom den beskriver den judiska flickan Nellie som tvingas l\u00e4mna sin familj f\u00f6r att r\u00e4dda sig undan nazismen i hemstaden Wien. Hon kommer med t\u00e5get till Sverige. S\u00e5 h\u00e4r skriver hon:<\/p>\n<p><em>Jag \u00e4r nerv\u00f6s. Vi \u00e4r p\u00e5 v\u00e4g till Sverige, jag och min lillasyster Nellie. Det \u00e4r j\u00e4ttejobbigt att \u00e5ka ifr\u00e5n mamma och pappa. Vi vet inte vart i Sverige vi ska och ingenting om var vi ska bo eller vem vi ska bo hos. Jag hoppas att det \u00e4r n\u00e5gon sn\u00e4ll person som l\u00e5ter oss g\u00e5 i skolan. Jag kanske tr\u00e4ffar nya kompisar men kommer sakna Paula j\u00e4ttemycket. Fotografiet jag har p\u00e5 mamma och pappa ska jag ha med mig hela tiden och jag ska skriva till dem s\u00e5 ofta jag kan.<\/em><\/p>\n<p>Suads text handlar om hur hon vill att andra ska minnas henne n\u00e4r hon inte l\u00e4nge finns. Vi har under resan m\u00f6tt m\u00e4nniskor som b\u00e5de l\u00e4mnar positiva och negativa minnen efter sig. Hon skriver:<\/p>\n<p><em>Jag jobbar alltid med att bli en b\u00e4ttre m\u00e4nniska, den b\u00e4sta versionen av mig. Jag hoppas att man minns mig av goda sk\u00e4l som en osj\u00e4lvisk och lojal m\u00e4nniska. Jag vill bli saknad och att minnet av mig lever. Jag hoppas att folk s\u00e4ger att jag hade en god sj\u00e4l och var en f\u00f6red\u00f6mlig medm\u00e4nniska som visade medk\u00e4nsla gentemot <strong>alla. <\/strong>Om jag s\u00e4ger n\u00e5got illa s\u00e5 vill jag att det sista de s\u00e4ger n\u00e4r jag \u00e4r borta \u00e4r: Jag f\u00f6rl\u00e5ter henne, inte f\u00f6r att hon f\u00f6rtj\u00e4nar det utan f\u00f6r Guds skull.<\/em><\/p>\n<p><img loading=\"lazy\" decoding=\"async\" class=\"alignnone size-full wp-image-398\" src=\"http:\/\/blogg.nykoping.se\/toleransprojektet\/wp-content\/uploads\/sites\/51\/2017\/03\/DSCF1927.jpg\" alt=\"\" width=\"4608\" height=\"3456\" srcset=\"https:\/\/blogg.nykoping.se\/toleransprojektet\/wp-content\/uploads\/sites\/51\/2017\/03\/DSCF1927.jpg 4608w, https:\/\/blogg.nykoping.se\/toleransprojektet\/wp-content\/uploads\/sites\/51\/2017\/03\/DSCF1927-300x225.jpg 300w, https:\/\/blogg.nykoping.se\/toleransprojektet\/wp-content\/uploads\/sites\/51\/2017\/03\/DSCF1927-768x576.jpg 768w, https:\/\/blogg.nykoping.se\/toleransprojektet\/wp-content\/uploads\/sites\/51\/2017\/03\/DSCF1927-1024x768.jpg 1024w\" sizes=\"auto, (max-width: 4608px) 100vw, 4608px\" \/><\/p>\n<p>&nbsp;<\/p>\n","protected":false},"excerpt":{"rendered":"<p>Idag har v\u00e5r dag haft tv\u00e5 v\u00e4ldigt olika teman. Vi \u00e5terv\u00e4nde f\u00f6rst till Auschwitz Birkenau f\u00f6r att se och uppleva den del av l\u00e4gret som \u00e4gnade sig \u00e5t sj\u00e4lva f\u00f6rintelsen av de m\u00e4nniskor som kom hit. \u00c4ven idag var vi f\u00f6rsta gruppen in genom D\u00f6dens port. Vi stod p\u00e5 rampen och gjorde en tanke\u00f6vning kring &hellip; <a href=\"https:\/\/blogg.nykoping.se\/toleransprojektet\/2017\/03\/21\/i-forintelsens-spar-femte-dagen\/\" class=\"more-link\">Forts\u00e4tt l\u00e4sa <span class=\"screen-reader-text\">Resa 1: I F\u00f6rintelsens sp\u00e5r. Femte dagen<\/span><\/a><\/p>\n","protected":false},"author":203,"featured_media":0,"comment_status":"open","ping_status":"open","sticky":false,"template":"","format":"standard","meta":{"footnotes":""},"categories":[1],"tags":[],"class_list":["post-394","post","type-post","status-publish","format-standard","hentry","category-okategoriserade"],"_links":{"self":[{"href":"https:\/\/blogg.nykoping.se\/toleransprojektet\/wp-json\/wp\/v2\/posts\/394","targetHints":{"allow":["GET"]}}],"collection":[{"href":"https:\/\/blogg.nykoping.se\/toleransprojektet\/wp-json\/wp\/v2\/posts"}],"about":[{"href":"https:\/\/blogg.nykoping.se\/toleransprojektet\/wp-json\/wp\/v2\/types\/post"}],"author":[{"embeddable":true,"href":"https:\/\/blogg.nykoping.se\/toleransprojektet\/wp-json\/wp\/v2\/users\/203"}],"replies":[{"embeddable":true,"href":"https:\/\/blogg.nykoping.se\/toleransprojektet\/wp-json\/wp\/v2\/comments?post=394"}],"version-history":[{"count":7,"href":"https:\/\/blogg.nykoping.se\/toleransprojektet\/wp-json\/wp\/v2\/posts\/394\/revisions"}],"predecessor-version":[{"id":439,"href":"https:\/\/blogg.nykoping.se\/toleransprojektet\/wp-json\/wp\/v2\/posts\/394\/revisions\/439"}],"wp:attachment":[{"href":"https:\/\/blogg.nykoping.se\/toleransprojektet\/wp-json\/wp\/v2\/media?parent=394"}],"wp:term":[{"taxonomy":"category","embeddable":true,"href":"https:\/\/blogg.nykoping.se\/toleransprojektet\/wp-json\/wp\/v2\/categories?post=394"},{"taxonomy":"post_tag","embeddable":true,"href":"https:\/\/blogg.nykoping.se\/toleransprojektet\/wp-json\/wp\/v2\/tags?post=394"}],"curies":[{"name":"wp","href":"https:\/\/api.w.org\/{rel}","templated":true}]}}