{"id":379,"date":"2017-03-19T23:12:20","date_gmt":"2017-03-19T22:12:20","guid":{"rendered":"http:\/\/blogg.nykoping.se\/toleransprojektet\/?p=379"},"modified":"2017-03-29T12:11:09","modified_gmt":"2017-03-29T10:11:09","slug":"i-forintelsens-spar-fjarde-dagen","status":"publish","type":"post","link":"https:\/\/blogg.nykoping.se\/toleransprojektet\/2017\/03\/19\/i-forintelsens-spar-fjarde-dagen\/","title":{"rendered":"Resa 1: I F\u00f6rintelsens sp\u00e5r. Fj\u00e4rde dagen"},"content":{"rendered":"<p><img loading=\"lazy\" decoding=\"async\" class=\"alignnone size-full wp-image-389\" src=\"http:\/\/blogg.nykoping.se\/toleransprojektet\/wp-content\/uploads\/sites\/51\/2017\/03\/DSCF1656.jpg\" alt=\"\" width=\"4608\" height=\"3456\" srcset=\"https:\/\/blogg.nykoping.se\/toleransprojektet\/wp-content\/uploads\/sites\/51\/2017\/03\/DSCF1656.jpg 4608w, https:\/\/blogg.nykoping.se\/toleransprojektet\/wp-content\/uploads\/sites\/51\/2017\/03\/DSCF1656-300x225.jpg 300w, https:\/\/blogg.nykoping.se\/toleransprojektet\/wp-content\/uploads\/sites\/51\/2017\/03\/DSCF1656-768x576.jpg 768w, https:\/\/blogg.nykoping.se\/toleransprojektet\/wp-content\/uploads\/sites\/51\/2017\/03\/DSCF1656-1024x768.jpg 1024w\" sizes=\"auto, (max-width: 4608px) 100vw, 4608px\" \/><\/p>\n<p>Det var f\u00f6rv\u00e4ntansfulla elever som satte sig p\u00e5 bussen mot Auschwitz Birkenau. Auschwitz har kommit att bli symbolen f\u00f6r F\u00f6rintelsen som helhet. H\u00e4r m\u00f6rdades omkring 1,1 miljoner m\u00e4nniskor. Temat f\u00f6r f\u00f6rmiddagen var: F\u00e5ngl\u00e4gret Birkenau och h\u00e4r f\u00f6ljer n\u00e5gra av Felicitys intryck:<\/p>\n<p><em>Efter en stadig frukost satte vi oss p\u00e5 bussen till D\u00f6dens port. Det var kallt och bl\u00e5sigt. Innanf\u00f6r porten fick vi under tre timmar g\u00e5 p\u00e5 en k\u00e4nslom\u00e4ssig vandring genom Birkenaus olika delar. Vi gick bland annat in i l\u00e4grets \u201dkindergarten\u201d och det var kanske mest k\u00e4nslosamt.<\/em><\/p>\n<div id='gallery-1' class='gallery galleryid-379 gallery-columns-3 gallery-size-thumbnail'><figure class='gallery-item'>\n\t\t\t<div class='gallery-icon landscape'>\n\t\t\t\t<a href='https:\/\/blogg.nykoping.se\/toleransprojektet\/dscf1389\/'><img loading=\"lazy\" decoding=\"async\" width=\"150\" height=\"150\" src=\"https:\/\/blogg.nykoping.se\/toleransprojektet\/wp-content\/uploads\/sites\/51\/2017\/03\/DSCF1389-150x150.jpg\" class=\"attachment-thumbnail size-thumbnail\" alt=\"\" \/><\/a>\n\t\t\t<\/div><\/figure><figure class='gallery-item'>\n\t\t\t<div class='gallery-icon landscape'>\n\t\t\t\t<a href='https:\/\/blogg.nykoping.se\/toleransprojektet\/dscf1241\/'><img loading=\"lazy\" decoding=\"async\" width=\"150\" height=\"150\" src=\"https:\/\/blogg.nykoping.se\/toleransprojektet\/wp-content\/uploads\/sites\/51\/2017\/03\/DSCF1241-150x150.jpg\" class=\"attachment-thumbnail size-thumbnail\" alt=\"\" \/><\/a>\n\t\t\t<\/div><\/figure><figure class='gallery-item'>\n\t\t\t<div class='gallery-icon landscape'>\n\t\t\t\t<a href='https:\/\/blogg.nykoping.se\/toleransprojektet\/dscf1413\/'><img loading=\"lazy\" decoding=\"async\" width=\"150\" height=\"150\" src=\"https:\/\/blogg.nykoping.se\/toleransprojektet\/wp-content\/uploads\/sites\/51\/2017\/03\/DSCF1413-150x150.jpg\" class=\"attachment-thumbnail size-thumbnail\" alt=\"\" \/><\/a>\n\t\t\t<\/div><\/figure>\n\t\t<\/div>\n\n<p>I det som kommit att kallas \u201dD\u00f6dsblocket\u201d fick eleverna en ing\u00e5ende beskrivning av de umb\u00e4randen en m\u00e4nniska som befann sig h\u00e4r tvingades uth\u00e4rda, med sv\u00e4lt, kyla, l\u00f6ss, r\u00e5ttor och smuts. H\u00e4r kallades ingen vid sitt namn, man var \u201dett stycke\u201d i vakternas \u00f6gon. Det fick oss att fundera \u00f6ver ordet m\u00e4nniskov\u00e4rde. S\u00e5 h\u00e4r t\u00e4nkte Yorakabel:<\/p>\n<p><em>M\u00e4nniskov\u00e4rde anser jag \u00e4r n\u00e4r man ses som person, en medm\u00e4nniska som har k\u00e4nslor och r\u00e4ttigheter. En medm\u00e4nniska som man ska visa respekt f\u00f6r. Jag tror att m\u00e4nniskov\u00e4rde b\u00e5de kommer inom dig och omkring dig. Man m\u00e5ste f\u00f6rst och fr\u00e4mst l\u00e4gga ett v\u00e4rde p\u00e5 sig sj\u00e4lv och andra. Men m\u00e4nniskor omkring dig m\u00e5ste ocks\u00e5 f\u00f6rst\u00e5 att du har ett m\u00e4nniskov\u00e4rde.<\/em><\/p>\n<p>Bachar skriver om m\u00e4nniskov\u00e4rde p\u00e5 det h\u00e4r s\u00e4ttet:<\/p>\n<p><em>Jag ska ge ett exempel p\u00e5 m\u00e4nniskov\u00e4rdet. Om det finns en man eller kvinna som \u00e4r fattiga och jag kommer och hj\u00e4lper dem varje dag s\u00e5 blir jag viktig f\u00f6r dem och de kommer att respektera mig. Och s\u00e5 k\u00e4nner jag att jag \u00e4r viktig till n\u00e5gon.<\/em><\/p>\n<p><img loading=\"lazy\" decoding=\"async\" class=\"alignnone size-full wp-image-387\" src=\"http:\/\/blogg.nykoping.se\/toleransprojektet\/wp-content\/uploads\/sites\/51\/2017\/03\/DSCF1596.jpg\" alt=\"\" width=\"4608\" height=\"3456\" srcset=\"https:\/\/blogg.nykoping.se\/toleransprojektet\/wp-content\/uploads\/sites\/51\/2017\/03\/DSCF1596.jpg 4608w, https:\/\/blogg.nykoping.se\/toleransprojektet\/wp-content\/uploads\/sites\/51\/2017\/03\/DSCF1596-300x225.jpg 300w, https:\/\/blogg.nykoping.se\/toleransprojektet\/wp-content\/uploads\/sites\/51\/2017\/03\/DSCF1596-768x576.jpg 768w, https:\/\/blogg.nykoping.se\/toleransprojektet\/wp-content\/uploads\/sites\/51\/2017\/03\/DSCF1596-1024x768.jpg 1024w\" sizes=\"auto, (max-width: 4608px) 100vw, 4608px\" \/><\/p>\n<p>Under eftermiddagen gick vi p\u00e5 en guidad visning genom Auschwitz Stammlager. Det fungerar idag som museum och inneh\u00e5ller olika utst\u00e4llningar. H\u00e4r finns ocks\u00e5 skylten med orden: Arbeit macht frei.<\/p>\n<div id='gallery-2' class='gallery galleryid-379 gallery-columns-3 gallery-size-thumbnail'><figure class='gallery-item'>\n\t\t\t<div class='gallery-icon landscape'>\n\t\t\t\t<a href='https:\/\/blogg.nykoping.se\/toleransprojektet\/dscf1837\/'><img loading=\"lazy\" decoding=\"async\" width=\"150\" height=\"150\" src=\"https:\/\/blogg.nykoping.se\/toleransprojektet\/wp-content\/uploads\/sites\/51\/2017\/03\/DSCF1837-150x150.jpg\" class=\"attachment-thumbnail size-thumbnail\" alt=\"\" \/><\/a>\n\t\t\t<\/div><\/figure><figure class='gallery-item'>\n\t\t\t<div class='gallery-icon landscape'>\n\t\t\t\t<a href='https:\/\/blogg.nykoping.se\/toleransprojektet\/2017\/03\/19\/i-forintelsens-spar-fjarde-dagen\/dscf1624\/'><img loading=\"lazy\" decoding=\"async\" width=\"150\" height=\"150\" src=\"https:\/\/blogg.nykoping.se\/toleransprojektet\/wp-content\/uploads\/sites\/51\/2017\/03\/DSCF1624-150x150.jpg\" class=\"attachment-thumbnail size-thumbnail\" alt=\"\" \/><\/a>\n\t\t\t<\/div><\/figure><figure class='gallery-item'>\n\t\t\t<div class='gallery-icon landscape'>\n\t\t\t\t<a href='https:\/\/blogg.nykoping.se\/toleransprojektet\/dscf1304\/'><img loading=\"lazy\" decoding=\"async\" width=\"150\" height=\"150\" src=\"https:\/\/blogg.nykoping.se\/toleransprojektet\/wp-content\/uploads\/sites\/51\/2017\/03\/DSCF1304-150x150.jpg\" class=\"attachment-thumbnail size-thumbnail\" alt=\"\" \/><\/a>\n\t\t\t<\/div><\/figure>\n\t\t<\/div>\n\n<p>P\u00e5 kv\u00e4llssamlingen bidrog alla med antingen h\u00f6gl\u00e4sning ur texter eller reflektioner fr\u00e5n dagen. Imorgon v\u00e4ntar temat: F\u00f6rintelsel\u00e4gret Birkenau samt en vandring i Oswiecim p\u00e5 spaning efter det judiska liv som f\u00f6rsvann.<\/p>\n<p><img loading=\"lazy\" decoding=\"async\" class=\"alignnone size-full wp-image-386\" src=\"http:\/\/blogg.nykoping.se\/toleransprojektet\/wp-content\/uploads\/sites\/51\/2017\/03\/DSCF1370.jpg\" alt=\"\" width=\"4608\" height=\"3456\" srcset=\"https:\/\/blogg.nykoping.se\/toleransprojektet\/wp-content\/uploads\/sites\/51\/2017\/03\/DSCF1370.jpg 4608w, https:\/\/blogg.nykoping.se\/toleransprojektet\/wp-content\/uploads\/sites\/51\/2017\/03\/DSCF1370-300x225.jpg 300w, https:\/\/blogg.nykoping.se\/toleransprojektet\/wp-content\/uploads\/sites\/51\/2017\/03\/DSCF1370-768x576.jpg 768w, https:\/\/blogg.nykoping.se\/toleransprojektet\/wp-content\/uploads\/sites\/51\/2017\/03\/DSCF1370-1024x768.jpg 1024w\" sizes=\"auto, (max-width: 4608px) 100vw, 4608px\" \/><\/p>\n","protected":false},"excerpt":{"rendered":"<p>Det var f\u00f6rv\u00e4ntansfulla elever som satte sig p\u00e5 bussen mot Auschwitz Birkenau. Auschwitz har kommit att bli symbolen f\u00f6r F\u00f6rintelsen som helhet. H\u00e4r m\u00f6rdades omkring 1,1 miljoner m\u00e4nniskor. Temat f\u00f6r f\u00f6rmiddagen var: F\u00e5ngl\u00e4gret Birkenau och h\u00e4r f\u00f6ljer n\u00e5gra av Felicitys intryck: Efter en stadig frukost satte vi oss p\u00e5 bussen till D\u00f6dens port. Det var &hellip; <a href=\"https:\/\/blogg.nykoping.se\/toleransprojektet\/2017\/03\/19\/i-forintelsens-spar-fjarde-dagen\/\" class=\"more-link\">Forts\u00e4tt l\u00e4sa <span class=\"screen-reader-text\">Resa 1: I F\u00f6rintelsens sp\u00e5r. Fj\u00e4rde dagen<\/span><\/a><\/p>\n","protected":false},"author":203,"featured_media":0,"comment_status":"open","ping_status":"open","sticky":false,"template":"","format":"standard","meta":{"footnotes":""},"categories":[1],"tags":[],"class_list":["post-379","post","type-post","status-publish","format-standard","hentry","category-okategoriserade"],"_links":{"self":[{"href":"https:\/\/blogg.nykoping.se\/toleransprojektet\/wp-json\/wp\/v2\/posts\/379","targetHints":{"allow":["GET"]}}],"collection":[{"href":"https:\/\/blogg.nykoping.se\/toleransprojektet\/wp-json\/wp\/v2\/posts"}],"about":[{"href":"https:\/\/blogg.nykoping.se\/toleransprojektet\/wp-json\/wp\/v2\/types\/post"}],"author":[{"embeddable":true,"href":"https:\/\/blogg.nykoping.se\/toleransprojektet\/wp-json\/wp\/v2\/users\/203"}],"replies":[{"embeddable":true,"href":"https:\/\/blogg.nykoping.se\/toleransprojektet\/wp-json\/wp\/v2\/comments?post=379"}],"version-history":[{"count":7,"href":"https:\/\/blogg.nykoping.se\/toleransprojektet\/wp-json\/wp\/v2\/posts\/379\/revisions"}],"predecessor-version":[{"id":440,"href":"https:\/\/blogg.nykoping.se\/toleransprojektet\/wp-json\/wp\/v2\/posts\/379\/revisions\/440"}],"wp:attachment":[{"href":"https:\/\/blogg.nykoping.se\/toleransprojektet\/wp-json\/wp\/v2\/media?parent=379"}],"wp:term":[{"taxonomy":"category","embeddable":true,"href":"https:\/\/blogg.nykoping.se\/toleransprojektet\/wp-json\/wp\/v2\/categories?post=379"},{"taxonomy":"post_tag","embeddable":true,"href":"https:\/\/blogg.nykoping.se\/toleransprojektet\/wp-json\/wp\/v2\/tags?post=379"}],"curies":[{"name":"wp","href":"https:\/\/api.w.org\/{rel}","templated":true}]}}