{"id":364,"date":"2017-03-18T23:45:37","date_gmt":"2017-03-18T22:45:37","guid":{"rendered":"http:\/\/blogg.nykoping.se\/toleransprojektet\/?p=364"},"modified":"2017-03-29T12:12:55","modified_gmt":"2017-03-29T10:12:55","slug":"i-forintelsens-spar-tredje-dagen","status":"publish","type":"post","link":"https:\/\/blogg.nykoping.se\/toleransprojektet\/2017\/03\/18\/i-forintelsens-spar-tredje-dagen\/","title":{"rendered":"Resa 1: I F\u00f6rintelsens sp\u00e5r. Tredje dagen"},"content":{"rendered":"<p><img loading=\"lazy\" decoding=\"async\" class=\"alignnone size-full wp-image-368\" src=\"http:\/\/blogg.nykoping.se\/toleransprojektet\/wp-content\/uploads\/sites\/51\/2017\/03\/DSCF0965.jpg\" alt=\"\" width=\"4608\" height=\"3456\" srcset=\"https:\/\/blogg.nykoping.se\/toleransprojektet\/wp-content\/uploads\/sites\/51\/2017\/03\/DSCF0965.jpg 4608w, https:\/\/blogg.nykoping.se\/toleransprojektet\/wp-content\/uploads\/sites\/51\/2017\/03\/DSCF0965-300x225.jpg 300w, https:\/\/blogg.nykoping.se\/toleransprojektet\/wp-content\/uploads\/sites\/51\/2017\/03\/DSCF0965-768x576.jpg 768w, https:\/\/blogg.nykoping.se\/toleransprojektet\/wp-content\/uploads\/sites\/51\/2017\/03\/DSCF0965-1024x768.jpg 1024w\" sizes=\"auto, (max-width: 4608px) 100vw, 4608px\" \/><\/p>\n<p><em>Det k\u00e4nns overkligt och tomt i huvudet. Jag kan verkligen inte f\u00f6rest\u00e4lla mig hur en familjefar som aldrig d\u00f6dat kom till att m\u00f6rda och ta livet av s\u00e5 m\u00e5nga oskyldiga m\u00e4nniskor. Deras anledning att inte svika gruppen &#8217;makes no sense&#8217; och det \u00e4r ingen tillr\u00e4ckligt bra anledning att d\u00f6da oskyldiga liv. De svek sig sj\u00e4lva, sina familjer och v\u00e4rlden med sina handlingar. Deras handlingar orsakade m\u00e5nga konsekvenser som \u00e4n idag f\u00f6rekommer \u00f6verallt i v\u00e4rlden. Men jag k\u00e4nner att n\u00e4r jag ser platsen i verkligen s\u00e5 g\u00f6r det mig mindre f\u00f6rvirrad och jag f\u00e5r mer f\u00f6rst\u00e5else f\u00f6r h\u00e4ndelsen.<\/em><\/p>\n<p>S\u00e5 skriver Suad d\u00e4r hon idag satt i tallskogen strax utanf\u00f6r byn Josefow d\u00e4r en grupp helt vanliga m\u00e4n, polisbataljon 101 fr\u00e5n Hamburg under ledning av major Wilhelm Trapp utf\u00f6rde sin allra f\u00f6rsta order. De fick uppgiften att m\u00f6rda hela den judiska befolkningen i Josefow &#8211; barnen, kvinnorna och m\u00e4nnen. Ettusenfemhundra m\u00e4nniskor skjuts till d\u00f6ds av cirka femhundra familjef\u00e4der fr\u00e5n Hamburg. Hur ska man f\u00f6rst\u00e5 det?<\/p>\n<div id='gallery-1' class='gallery galleryid-364 gallery-columns-3 gallery-size-thumbnail'><figure class='gallery-item'>\n\t\t\t<div class='gallery-icon landscape'>\n\t\t\t\t<a href='https:\/\/blogg.nykoping.se\/toleransprojektet\/dscf0949\/'><img loading=\"lazy\" decoding=\"async\" width=\"150\" height=\"150\" src=\"https:\/\/blogg.nykoping.se\/toleransprojektet\/wp-content\/uploads\/sites\/51\/2017\/03\/DSCF0949-150x150.jpg\" class=\"attachment-thumbnail size-thumbnail\" alt=\"\" \/><\/a>\n\t\t\t<\/div><\/figure><figure class='gallery-item'>\n\t\t\t<div class='gallery-icon landscape'>\n\t\t\t\t<a href='https:\/\/blogg.nykoping.se\/toleransprojektet\/dscf0987\/'><img loading=\"lazy\" decoding=\"async\" width=\"150\" height=\"150\" src=\"https:\/\/blogg.nykoping.se\/toleransprojektet\/wp-content\/uploads\/sites\/51\/2017\/03\/DSCF0987-150x150.jpg\" class=\"attachment-thumbnail size-thumbnail\" alt=\"\" \/><\/a>\n\t\t\t<\/div><\/figure><figure class='gallery-item'>\n\t\t\t<div class='gallery-icon landscape'>\n\t\t\t\t<a href='https:\/\/blogg.nykoping.se\/toleransprojektet\/dscf0985\/'><img loading=\"lazy\" decoding=\"async\" width=\"150\" height=\"150\" src=\"https:\/\/blogg.nykoping.se\/toleransprojektet\/wp-content\/uploads\/sites\/51\/2017\/03\/DSCF0985-150x150.jpg\" class=\"attachment-thumbnail size-thumbnail\" alt=\"\" \/><\/a>\n\t\t\t<\/div><\/figure>\n\t\t<\/div>\n\n<p>Det var ber\u00e4ttelsen om denna h\u00e4ndelse som vi anv\u00e4nde n\u00e4r vi f\u00f6r f\u00f6rsta g\u00e5ngen presenterade Toleransprojektet f\u00f6r eleverna p\u00e5 skolorna. Det var det flera elever som ankn\u00f6t till i sina texter.<\/p>\n<p><em>Det k\u00e4nns lite overkligt att faktiskt sitta h\u00e4r efter cirka sju m\u00e5nader sedan vi fick allt ber\u00e4ttat f\u00f6r oss f\u00f6rsta g\u00e5ngen. N\u00e4r Malin och Ola kom till oss och ber\u00e4ttade om allt detta i augusti var jag direkt intresserad, men trodde inte att jag skulle f\u00e5 se det i verkligheten. S\u00e5 d\u00e4rf\u00f6r tycker jag att det k\u00e4nns helt underbart blandat med att jag k\u00e4nner mig sorgsen eftersom jag vet att m\u00e5nga m\u00e4nniskor &#8211; vissa bara barn &#8211; f\u00f6rlorade sina liv h\u00e4r. Jag sj\u00e4lv skulle aldrig kunna \u00f6vertala min hj\u00e4rna att g\u00f6ra det som vakterna gjorde. Jag skulle vilja l\u00e4mna platsen innan skjutningarna ens b\u00f6rjat. Sedan skulle jag nog bara sitta och gr\u00e5ta i timmar. (Isabelle)<\/em><\/p>\n<p><img loading=\"lazy\" decoding=\"async\" class=\"alignnone size-full wp-image-371\" src=\"http:\/\/blogg.nykoping.se\/toleransprojektet\/wp-content\/uploads\/sites\/51\/2017\/03\/DSCF1016.jpg\" alt=\"\" width=\"4608\" height=\"3456\" srcset=\"https:\/\/blogg.nykoping.se\/toleransprojektet\/wp-content\/uploads\/sites\/51\/2017\/03\/DSCF1016.jpg 4608w, https:\/\/blogg.nykoping.se\/toleransprojektet\/wp-content\/uploads\/sites\/51\/2017\/03\/DSCF1016-300x225.jpg 300w, https:\/\/blogg.nykoping.se\/toleransprojektet\/wp-content\/uploads\/sites\/51\/2017\/03\/DSCF1016-768x576.jpg 768w, https:\/\/blogg.nykoping.se\/toleransprojektet\/wp-content\/uploads\/sites\/51\/2017\/03\/DSCF1016-1024x768.jpg 1024w\" sizes=\"auto, (max-width: 4608px) 100vw, 4608px\" \/><\/p>\n<p>En flera timmar l\u00e5ng bussresa tog oss fr\u00e5n \u00f6stra till s\u00f6dra Polen och staden Oswiecim &#8211; mer bekant under det tyska namnet Auschwitz. Efter en fin kv\u00e4llssamling med h\u00f6gl\u00e4sning ur texter och presentationer av dagens gruppuppgift om att skapa en minnestavla sover vi nu en st\u00e4rkande s\u00f6mn inf\u00f6r m\u00f6tet med l\u00e4gren Auschwitz Stammlager och Auschwitz Birkenau imorgon.<\/p>\n<p><img loading=\"lazy\" decoding=\"async\" class=\"alignnone size-full wp-image-373\" src=\"http:\/\/blogg.nykoping.se\/toleransprojektet\/wp-content\/uploads\/sites\/51\/2017\/03\/DSCF1034.jpg\" alt=\"\" width=\"4608\" height=\"3456\" srcset=\"https:\/\/blogg.nykoping.se\/toleransprojektet\/wp-content\/uploads\/sites\/51\/2017\/03\/DSCF1034.jpg 4608w, https:\/\/blogg.nykoping.se\/toleransprojektet\/wp-content\/uploads\/sites\/51\/2017\/03\/DSCF1034-300x225.jpg 300w, https:\/\/blogg.nykoping.se\/toleransprojektet\/wp-content\/uploads\/sites\/51\/2017\/03\/DSCF1034-768x576.jpg 768w, https:\/\/blogg.nykoping.se\/toleransprojektet\/wp-content\/uploads\/sites\/51\/2017\/03\/DSCF1034-1024x768.jpg 1024w\" sizes=\"auto, (max-width: 4608px) 100vw, 4608px\" \/><\/p>\n<p>Avslutningsvis f\u00e5r Oliwers text till fotografiet av &#8221;sitt barn&#8221; rama in denna fina och k\u00e4nslosamma dag:<\/p>\n<p><em>Jag skulle ber\u00e4tta f\u00f6r mitt barn att alla barn \u00e4r lika mycket v\u00e4rda och att man ska visa k\u00e4rlek till alla. F\u00f6r att det vi sett idag har inte visat s\u00e5 mycket p\u00e5 att alla \u00e4r lika mycket v\u00e4rda. Sen skulle jag ber\u00e4tta f\u00f6r mitt barn hur alla judar blev behandlade. Att det var m\u00e5nga som inte gillade dem &#8211; s\u00e5 att min barn f\u00e5r veta det i tid.<\/em><\/p>\n<p><img loading=\"lazy\" decoding=\"async\" class=\"alignnone size-full wp-image-372\" src=\"http:\/\/blogg.nykoping.se\/toleransprojektet\/wp-content\/uploads\/sites\/51\/2017\/03\/DSCF0975.jpg\" alt=\"\" width=\"4608\" height=\"3456\" srcset=\"https:\/\/blogg.nykoping.se\/toleransprojektet\/wp-content\/uploads\/sites\/51\/2017\/03\/DSCF0975.jpg 4608w, https:\/\/blogg.nykoping.se\/toleransprojektet\/wp-content\/uploads\/sites\/51\/2017\/03\/DSCF0975-300x225.jpg 300w, https:\/\/blogg.nykoping.se\/toleransprojektet\/wp-content\/uploads\/sites\/51\/2017\/03\/DSCF0975-768x576.jpg 768w, https:\/\/blogg.nykoping.se\/toleransprojektet\/wp-content\/uploads\/sites\/51\/2017\/03\/DSCF0975-1024x768.jpg 1024w\" sizes=\"auto, (max-width: 4608px) 100vw, 4608px\" \/><\/p>\n<p>&nbsp;<\/p>\n","protected":false},"excerpt":{"rendered":"<p>Det k\u00e4nns overkligt och tomt i huvudet. Jag kan verkligen inte f\u00f6rest\u00e4lla mig hur en familjefar som aldrig d\u00f6dat kom till att m\u00f6rda och ta livet av s\u00e5 m\u00e5nga oskyldiga m\u00e4nniskor. Deras anledning att inte svika gruppen &#8217;makes no sense&#8217; och det \u00e4r ingen tillr\u00e4ckligt bra anledning att d\u00f6da oskyldiga liv. De svek sig sj\u00e4lva, &hellip; <a href=\"https:\/\/blogg.nykoping.se\/toleransprojektet\/2017\/03\/18\/i-forintelsens-spar-tredje-dagen\/\" class=\"more-link\">Forts\u00e4tt l\u00e4sa <span class=\"screen-reader-text\">Resa 1: I F\u00f6rintelsens sp\u00e5r. Tredje dagen<\/span><\/a><\/p>\n","protected":false},"author":203,"featured_media":0,"comment_status":"open","ping_status":"open","sticky":false,"template":"","format":"standard","meta":{"footnotes":""},"categories":[1],"tags":[],"class_list":["post-364","post","type-post","status-publish","format-standard","hentry","category-okategoriserade"],"_links":{"self":[{"href":"https:\/\/blogg.nykoping.se\/toleransprojektet\/wp-json\/wp\/v2\/posts\/364","targetHints":{"allow":["GET"]}}],"collection":[{"href":"https:\/\/blogg.nykoping.se\/toleransprojektet\/wp-json\/wp\/v2\/posts"}],"about":[{"href":"https:\/\/blogg.nykoping.se\/toleransprojektet\/wp-json\/wp\/v2\/types\/post"}],"author":[{"embeddable":true,"href":"https:\/\/blogg.nykoping.se\/toleransprojektet\/wp-json\/wp\/v2\/users\/203"}],"replies":[{"embeddable":true,"href":"https:\/\/blogg.nykoping.se\/toleransprojektet\/wp-json\/wp\/v2\/comments?post=364"}],"version-history":[{"count":5,"href":"https:\/\/blogg.nykoping.se\/toleransprojektet\/wp-json\/wp\/v2\/posts\/364\/revisions"}],"predecessor-version":[{"id":441,"href":"https:\/\/blogg.nykoping.se\/toleransprojektet\/wp-json\/wp\/v2\/posts\/364\/revisions\/441"}],"wp:attachment":[{"href":"https:\/\/blogg.nykoping.se\/toleransprojektet\/wp-json\/wp\/v2\/media?parent=364"}],"wp:term":[{"taxonomy":"category","embeddable":true,"href":"https:\/\/blogg.nykoping.se\/toleransprojektet\/wp-json\/wp\/v2\/categories?post=364"},{"taxonomy":"post_tag","embeddable":true,"href":"https:\/\/blogg.nykoping.se\/toleransprojektet\/wp-json\/wp\/v2\/tags?post=364"}],"curies":[{"name":"wp","href":"https:\/\/api.w.org\/{rel}","templated":true}]}}