{"id":345,"date":"2017-03-17T22:21:09","date_gmt":"2017-03-17T21:21:09","guid":{"rendered":"http:\/\/blogg.nykoping.se\/toleransprojektet\/?p=345"},"modified":"2017-03-25T07:21:29","modified_gmt":"2017-03-25T06:21:29","slug":"i-forintelsens-spar-andra-dagen","status":"publish","type":"post","link":"https:\/\/blogg.nykoping.se\/toleransprojektet\/2017\/03\/17\/i-forintelsens-spar-andra-dagen\/","title":{"rendered":"Resa 1: I F\u00f6rintelsens sp\u00e5r. Andra dagen"},"content":{"rendered":"<p><img loading=\"lazy\" decoding=\"async\" class=\"alignnone size-full wp-image-347\" src=\"http:\/\/blogg.nykoping.se\/toleransprojektet\/wp-content\/uploads\/sites\/51\/2017\/03\/DSCF0586.jpg\" alt=\"\" width=\"4608\" height=\"3456\" srcset=\"https:\/\/blogg.nykoping.se\/toleransprojektet\/wp-content\/uploads\/sites\/51\/2017\/03\/DSCF0586.jpg 4608w, https:\/\/blogg.nykoping.se\/toleransprojektet\/wp-content\/uploads\/sites\/51\/2017\/03\/DSCF0586-300x225.jpg 300w, https:\/\/blogg.nykoping.se\/toleransprojektet\/wp-content\/uploads\/sites\/51\/2017\/03\/DSCF0586-768x576.jpg 768w, https:\/\/blogg.nykoping.se\/toleransprojektet\/wp-content\/uploads\/sites\/51\/2017\/03\/DSCF0586-1024x768.jpg 1024w\" sizes=\"auto, (max-width: 4608px) 100vw, 4608px\" \/><\/p>\n<p>Idag begav vi oss fr\u00e5n Lublin mot det lilla samh\u00e4llet Izbica. Izbica var f\u00f6re F\u00f6rintelsen en s\u00e5 kallad stetl, en judisk by \u2013 utan en enda kyrka. D\u00e4r f\u00f6ljde vi sp\u00e5ren efter det judiska liv som f\u00f6rsvann och h\u00f6rde ber\u00e4ttelsen om en man vars livs\u00f6de fick oss att fundera \u00f6ver fr\u00e5gan: Vem \u00e4r jag? Vem vill jag vara? Hur ska jag v\u00e4lja r\u00e4tt i livet?<\/p>\n<div id='gallery-1' class='gallery galleryid-345 gallery-columns-3 gallery-size-thumbnail'><figure class='gallery-item'>\n\t\t\t<div class='gallery-icon landscape'>\n\t\t\t\t<a href='https:\/\/blogg.nykoping.se\/toleransprojektet\/dscf0611\/'><img loading=\"lazy\" decoding=\"async\" width=\"150\" height=\"150\" src=\"https:\/\/blogg.nykoping.se\/toleransprojektet\/wp-content\/uploads\/sites\/51\/2017\/03\/DSCF0611-150x150.jpg\" class=\"attachment-thumbnail size-thumbnail\" alt=\"\" \/><\/a>\n\t\t\t<\/div><\/figure><figure class='gallery-item'>\n\t\t\t<div class='gallery-icon landscape'>\n\t\t\t\t<a href='https:\/\/blogg.nykoping.se\/toleransprojektet\/dscf0677\/'><img loading=\"lazy\" decoding=\"async\" width=\"150\" height=\"150\" src=\"https:\/\/blogg.nykoping.se\/toleransprojektet\/wp-content\/uploads\/sites\/51\/2017\/03\/DSCF0677-150x150.jpg\" class=\"attachment-thumbnail size-thumbnail\" alt=\"\" \/><\/a>\n\t\t\t<\/div><\/figure><figure class='gallery-item'>\n\t\t\t<div class='gallery-icon landscape'>\n\t\t\t\t<a href='https:\/\/blogg.nykoping.se\/toleransprojektet\/dscf0661\/'><img loading=\"lazy\" decoding=\"async\" width=\"150\" height=\"150\" src=\"https:\/\/blogg.nykoping.se\/toleransprojektet\/wp-content\/uploads\/sites\/51\/2017\/03\/DSCF0661-150x150.jpg\" class=\"attachment-thumbnail size-thumbnail\" alt=\"\" \/><\/a>\n\t\t\t<\/div><\/figure>\n\t\t<\/div>\n\n<p>Efter en rej\u00e4l lunch rullade v\u00e5r buss in mot Belzec \u2013 det av Operation Reinharts f\u00f6rintelsel\u00e4ger som byggdes f\u00f6rst och som blev en prototyp f\u00f6r de andra tv\u00e5 f\u00f6rintelsel\u00e4gren, Treblinka och Sobibor. H\u00e4r m\u00f6tte eleverna \u00e5terigen SS-mannen Kurt Gerstein. Den f\u00f6rsta g\u00e5ngen de fick lyssna till hans ber\u00e4ttelse befann vi oss p\u00e5 S\u00f6ra. Nu st\u00e5r han i Belzec den 18 augusti 1942 och f\u00f6ljer en transport judar fr\u00e5n staden Lvov som rullar in p\u00e5 perrongen.<\/p>\n<div id='gallery-2' class='gallery galleryid-345 gallery-columns-3 gallery-size-thumbnail'><figure class='gallery-item'>\n\t\t\t<div class='gallery-icon landscape'>\n\t\t\t\t<a href='https:\/\/blogg.nykoping.se\/toleransprojektet\/dscf0748\/'><img loading=\"lazy\" decoding=\"async\" width=\"150\" height=\"150\" src=\"https:\/\/blogg.nykoping.se\/toleransprojektet\/wp-content\/uploads\/sites\/51\/2017\/03\/DSCF0748-150x150.jpg\" class=\"attachment-thumbnail size-thumbnail\" alt=\"\" \/><\/a>\n\t\t\t<\/div><\/figure><figure class='gallery-item'>\n\t\t\t<div class='gallery-icon portrait'>\n\t\t\t\t<a href='https:\/\/blogg.nykoping.se\/toleransprojektet\/2017\/03\/17\/i-forintelsens-spar-andra-dagen\/dscf0794\/'><img loading=\"lazy\" decoding=\"async\" width=\"150\" height=\"150\" src=\"https:\/\/blogg.nykoping.se\/toleransprojektet\/wp-content\/uploads\/sites\/51\/2017\/03\/DSCF0794-150x150.jpg\" class=\"attachment-thumbnail size-thumbnail\" alt=\"\" \/><\/a>\n\t\t\t<\/div><\/figure><figure class='gallery-item'>\n\t\t\t<div class='gallery-icon landscape'>\n\t\t\t\t<a href='https:\/\/blogg.nykoping.se\/toleransprojektet\/dscf0796\/'><img loading=\"lazy\" decoding=\"async\" width=\"150\" height=\"150\" src=\"https:\/\/blogg.nykoping.se\/toleransprojektet\/wp-content\/uploads\/sites\/51\/2017\/03\/DSCF0796-150x150.jpg\" class=\"attachment-thumbnail size-thumbnail\" alt=\"\" \/><\/a>\n\t\t\t<\/div><\/figure>\n\t\t<\/div>\n\n<p>I Belzec m\u00f6rdades en halv miljon judar. Tre \u00f6verlevde. Vid kv\u00e4llens samling fick eleverna bland annat uppgiften att skriva om denna plats f\u00f6r det barn de alla har klistrat in ett foto av i sin skrivbok. Hur ber\u00e4ttar man f\u00f6r ett barn om en plats som Belzec? S\u00e5 h\u00e4r valde Isabelle att skriva:<\/p>\n<p><em>I Belzec kom f\u00f6r exakt 75 \u00e5r sedan idag b\u00f6rjan p\u00e5 en rad hemska h\u00e4ndelser. Folk som enligt vissa andra inte var perfekta som dem skulle f\u00f6ras in i detta stora l\u00e4ger via t\u00e5g. De f\u00f6rdes till stora rum d\u00e4r de blev tillsagda att ta en dusch. Det de inte visste var att vattnet i den duschen inneh\u00f6ll n\u00e5got som gjorde att alla var tvungna att tas till ett sjukhus l\u00e5ngt l\u00e5ngt bort. D\u00e4rifr\u00e5n kunde de aldrig resa tillbaka igen.<\/em><\/p>\n<p><img loading=\"lazy\" decoding=\"async\" class=\"alignnone size-full wp-image-361\" src=\"http:\/\/blogg.nykoping.se\/toleransprojektet\/wp-content\/uploads\/sites\/51\/2017\/03\/IMG_7723.jpg\" alt=\"\" width=\"4032\" height=\"3024\" srcset=\"https:\/\/blogg.nykoping.se\/toleransprojektet\/wp-content\/uploads\/sites\/51\/2017\/03\/IMG_7723.jpg 4032w, https:\/\/blogg.nykoping.se\/toleransprojektet\/wp-content\/uploads\/sites\/51\/2017\/03\/IMG_7723-300x225.jpg 300w, https:\/\/blogg.nykoping.se\/toleransprojektet\/wp-content\/uploads\/sites\/51\/2017\/03\/IMG_7723-768x576.jpg 768w, https:\/\/blogg.nykoping.se\/toleransprojektet\/wp-content\/uploads\/sites\/51\/2017\/03\/IMG_7723-1024x768.jpg 1024w\" sizes=\"auto, (max-width: 4032px) 100vw, 4032px\" \/><\/p>\n<p>Imorgon ger vi oss av tidigt mot skogen i Josefow d\u00e4r polisbataljon 101 fick utf\u00f6ra sin f\u00f6rsta order. D\u00e4r forts\u00e4tter ber\u00e4ttelsen och v\u00e5r resa i F\u00f6rintelsens sp\u00e5r.<\/p>\n<p><img loading=\"lazy\" decoding=\"async\" class=\"alignnone size-full wp-image-354\" src=\"http:\/\/blogg.nykoping.se\/toleransprojektet\/wp-content\/uploads\/sites\/51\/2017\/03\/DSCF0758.jpg\" alt=\"\" width=\"3456\" height=\"4608\" srcset=\"https:\/\/blogg.nykoping.se\/toleransprojektet\/wp-content\/uploads\/sites\/51\/2017\/03\/DSCF0758.jpg 3456w, https:\/\/blogg.nykoping.se\/toleransprojektet\/wp-content\/uploads\/sites\/51\/2017\/03\/DSCF0758-225x300.jpg 225w, https:\/\/blogg.nykoping.se\/toleransprojektet\/wp-content\/uploads\/sites\/51\/2017\/03\/DSCF0758-768x1024.jpg 768w\" sizes=\"auto, (max-width: 3456px) 100vw, 3456px\" \/><\/p>\n","protected":false},"excerpt":{"rendered":"<p>Idag begav vi oss fr\u00e5n Lublin mot det lilla samh\u00e4llet Izbica. Izbica var f\u00f6re F\u00f6rintelsen en s\u00e5 kallad stetl, en judisk by \u2013 utan en enda kyrka. D\u00e4r f\u00f6ljde vi sp\u00e5ren efter det judiska liv som f\u00f6rsvann och h\u00f6rde ber\u00e4ttelsen om en man vars livs\u00f6de fick oss att fundera \u00f6ver fr\u00e5gan: Vem \u00e4r jag? Vem &hellip; <a href=\"https:\/\/blogg.nykoping.se\/toleransprojektet\/2017\/03\/17\/i-forintelsens-spar-andra-dagen\/\" class=\"more-link\">Forts\u00e4tt l\u00e4sa <span class=\"screen-reader-text\">Resa 1: I F\u00f6rintelsens sp\u00e5r. Andra dagen<\/span><\/a><\/p>\n","protected":false},"author":203,"featured_media":0,"comment_status":"open","ping_status":"open","sticky":false,"template":"","format":"standard","meta":{"footnotes":""},"categories":[1],"tags":[],"class_list":["post-345","post","type-post","status-publish","format-standard","hentry","category-okategoriserade"],"_links":{"self":[{"href":"https:\/\/blogg.nykoping.se\/toleransprojektet\/wp-json\/wp\/v2\/posts\/345","targetHints":{"allow":["GET"]}}],"collection":[{"href":"https:\/\/blogg.nykoping.se\/toleransprojektet\/wp-json\/wp\/v2\/posts"}],"about":[{"href":"https:\/\/blogg.nykoping.se\/toleransprojektet\/wp-json\/wp\/v2\/types\/post"}],"author":[{"embeddable":true,"href":"https:\/\/blogg.nykoping.se\/toleransprojektet\/wp-json\/wp\/v2\/users\/203"}],"replies":[{"embeddable":true,"href":"https:\/\/blogg.nykoping.se\/toleransprojektet\/wp-json\/wp\/v2\/comments?post=345"}],"version-history":[{"count":6,"href":"https:\/\/blogg.nykoping.se\/toleransprojektet\/wp-json\/wp\/v2\/posts\/345\/revisions"}],"predecessor-version":[{"id":432,"href":"https:\/\/blogg.nykoping.se\/toleransprojektet\/wp-json\/wp\/v2\/posts\/345\/revisions\/432"}],"wp:attachment":[{"href":"https:\/\/blogg.nykoping.se\/toleransprojektet\/wp-json\/wp\/v2\/media?parent=345"}],"wp:term":[{"taxonomy":"category","embeddable":true,"href":"https:\/\/blogg.nykoping.se\/toleransprojektet\/wp-json\/wp\/v2\/categories?post=345"},{"taxonomy":"post_tag","embeddable":true,"href":"https:\/\/blogg.nykoping.se\/toleransprojektet\/wp-json\/wp\/v2\/tags?post=345"}],"curies":[{"name":"wp","href":"https:\/\/api.w.org\/{rel}","templated":true}]}}