{"id":328,"date":"2017-03-16T22:33:41","date_gmt":"2017-03-16T21:33:41","guid":{"rendered":"http:\/\/blogg.nykoping.se\/toleransprojektet\/?p=328"},"modified":"2017-03-29T12:15:54","modified_gmt":"2017-03-29T10:15:54","slug":"i-forintelsens-spar-forsta-dagen","status":"publish","type":"post","link":"https:\/\/blogg.nykoping.se\/toleransprojektet\/2017\/03\/16\/i-forintelsens-spar-forsta-dagen\/","title":{"rendered":"Resa 1: I F\u00f6rintelsens sp\u00e5r. F\u00f6rsta dagen"},"content":{"rendered":"<p><img loading=\"lazy\" decoding=\"async\" class=\"alignnone size-full wp-image-330\" src=\"http:\/\/blogg.nykoping.se\/toleransprojektet\/wp-content\/uploads\/sites\/51\/2017\/03\/DSCF0127.jpg\" alt=\"\" width=\"4608\" height=\"3456\" srcset=\"https:\/\/blogg.nykoping.se\/toleransprojektet\/wp-content\/uploads\/sites\/51\/2017\/03\/DSCF0127.jpg 4608w, https:\/\/blogg.nykoping.se\/toleransprojektet\/wp-content\/uploads\/sites\/51\/2017\/03\/DSCF0127-300x225.jpg 300w, https:\/\/blogg.nykoping.se\/toleransprojektet\/wp-content\/uploads\/sites\/51\/2017\/03\/DSCF0127-768x576.jpg 768w, https:\/\/blogg.nykoping.se\/toleransprojektet\/wp-content\/uploads\/sites\/51\/2017\/03\/DSCF0127-1024x768.jpg 1024w\" sizes=\"auto, (max-width: 4608px) 100vw, 4608px\" \/><\/p>\n<p>Nu befinner sig Toleransprojektets f\u00f6rsta grupp i Polen. Sent ig\u00e5r kv\u00e4ll landade vi i Lublin, en stad i \u00f6stra Polen som kom att bli centrum f\u00f6r F\u00f6rintelsens administration. S\u00e5 h\u00e4r skriver Freja och Nelly i dagens resedagbok:<\/p>\n<p>&#8221;P\u00e5 f\u00f6rmiddagen kom vi till koncentrationsl\u00e4gret Majdanek i Lublin. Det var chockerande att se det vi tidigare bara sett p\u00e5 bild. F\u00f6rsta intrycket var att det var gigantiskt. Men vi fick veta att det var t\u00e4nkt att vara dubbelt s\u00e5 stort. Men \u00e4nd\u00e5 \u00e4ndrade vi \u00e5sikt och tyckte det var pyttelitet n\u00e4r vi h\u00f6rde att det skulle f\u00e5 plats 250 000 m\u00e4nniskor h\u00e4r &#8211; fem g\u00e5nger Nyk\u00f6pings storlek. Vi gick f\u00f6rbi ett monument som s\u00e5g ut som ett j\u00e4ttelikt tefat och blev f\u00f6rda till ett dike d\u00e4r vi satte oss i l\u00e4 f\u00f6r vinden.<img loading=\"lazy\" decoding=\"async\" class=\"alignnone size-full wp-image-333\" src=\"http:\/\/blogg.nykoping.se\/toleransprojektet\/wp-content\/uploads\/sites\/51\/2017\/03\/DSCF0205.jpg\" alt=\"\" width=\"4608\" height=\"3456\" srcset=\"https:\/\/blogg.nykoping.se\/toleransprojektet\/wp-content\/uploads\/sites\/51\/2017\/03\/DSCF0205.jpg 4608w, https:\/\/blogg.nykoping.se\/toleransprojektet\/wp-content\/uploads\/sites\/51\/2017\/03\/DSCF0205-300x225.jpg 300w, https:\/\/blogg.nykoping.se\/toleransprojektet\/wp-content\/uploads\/sites\/51\/2017\/03\/DSCF0205-768x576.jpg 768w, https:\/\/blogg.nykoping.se\/toleransprojektet\/wp-content\/uploads\/sites\/51\/2017\/03\/DSCF0205-1024x768.jpg 1024w\" sizes=\"auto, (max-width: 4608px) 100vw, 4608px\" \/><\/p>\n<p>Ola ber\u00e4ttade d\u00e4r en mycket ber\u00f6rande historia om Sk\u00f6rdefesten &#8211; ett massmord som \u00e4gde rum just i det dike d\u00e4r vi satt. Vi gick vidare till krematoriet. Det fyllde kroppen med en obehaglig k\u00e4nsla. S\u00e5 kom vi till en barack d\u00e4r det fanns massor av skor. Vi fick d\u00e4r en uppgift att v\u00e4lja en sko och ge den en historia. H\u00e4r \u00e4r en av texterna:<\/p>\n<p><em>Mirla har sina nya skor p\u00e5 sig. De d\u00e4r med den lilla klacken och spetsiga d\u00e4r fram s\u00e5 att de ser ut som vuxenskor. Hon h\u00e5ller sin lillasyster i handen. Mamma har redan f\u00f6rts bort \u00e5t v\u00e4nster. Mirla och hennes syster blev vinkade till h\u00f6ger f\u00f6r de ska tv\u00e4ttas. Mirla f\u00f6rst\u00e5r mycket v\u00e4l varf\u00f6r eftersom hon och hennes syster \u00e4r s\u00e5 dammiga och leriga. Hon har till och med blivit smutsig om de nya skorna.<\/em><\/p>\n<p><img loading=\"lazy\" decoding=\"async\" class=\"alignnone size-full wp-image-336\" src=\"http:\/\/blogg.nykoping.se\/toleransprojektet\/wp-content\/uploads\/sites\/51\/2017\/03\/DSCF0342.jpg\" alt=\"\" width=\"4608\" height=\"3456\" srcset=\"https:\/\/blogg.nykoping.se\/toleransprojektet\/wp-content\/uploads\/sites\/51\/2017\/03\/DSCF0342.jpg 4608w, https:\/\/blogg.nykoping.se\/toleransprojektet\/wp-content\/uploads\/sites\/51\/2017\/03\/DSCF0342-300x225.jpg 300w, https:\/\/blogg.nykoping.se\/toleransprojektet\/wp-content\/uploads\/sites\/51\/2017\/03\/DSCF0342-768x576.jpg 768w, https:\/\/blogg.nykoping.se\/toleransprojektet\/wp-content\/uploads\/sites\/51\/2017\/03\/DSCF0342-1024x768.jpg 1024w\" sizes=\"auto, (max-width: 4608px) 100vw, 4608px\" \/><\/p>\n<p>P\u00e5 eftermiddagen gick vi till ett universitet som undervisar juridik. Det var det gamla h\u00f6gkvarteret f\u00f6r Operation Reinhart (att m\u00f6rda alla Polens judar). I huset h\u00f6ll man f\u00f6rel\u00e4sningar, planerade och tog viktiga beslut om F\u00f6rintelsen. Det var sv\u00e5rt att f\u00f6rst\u00e5 att det var just d\u00e4r som beslutet om var och vem man skulle m\u00f6rda togs. Det var ocks\u00e5 en konstig tanke att de som tog besluten om att man skulle m\u00f6rda tusentals barn ocks\u00e5 hade barn som de \u00e4lskade.&#8221;<\/p>\n<div id='gallery-1' class='gallery galleryid-328 gallery-columns-3 gallery-size-thumbnail'><figure class='gallery-item'>\n\t\t\t<div class='gallery-icon landscape'>\n\t\t\t\t<a href='https:\/\/blogg.nykoping.se\/toleransprojektet\/dscf0299\/'><img loading=\"lazy\" decoding=\"async\" width=\"150\" height=\"150\" src=\"https:\/\/blogg.nykoping.se\/toleransprojektet\/wp-content\/uploads\/sites\/51\/2017\/03\/DSCF0299-150x150.jpg\" class=\"attachment-thumbnail size-thumbnail\" alt=\"\" \/><\/a>\n\t\t\t<\/div><\/figure><figure class='gallery-item'>\n\t\t\t<div class='gallery-icon landscape'>\n\t\t\t\t<a href='https:\/\/blogg.nykoping.se\/toleransprojektet\/dscf0176\/'><img loading=\"lazy\" decoding=\"async\" width=\"150\" height=\"150\" src=\"https:\/\/blogg.nykoping.se\/toleransprojektet\/wp-content\/uploads\/sites\/51\/2017\/03\/DSCF0176-150x150.jpg\" class=\"attachment-thumbnail size-thumbnail\" alt=\"\" \/><\/a>\n\t\t\t<\/div><\/figure><figure class='gallery-item'>\n\t\t\t<div class='gallery-icon landscape'>\n\t\t\t\t<a href='https:\/\/blogg.nykoping.se\/toleransprojektet\/dscf0227\/'><img loading=\"lazy\" decoding=\"async\" width=\"150\" height=\"150\" src=\"https:\/\/blogg.nykoping.se\/toleransprojektet\/wp-content\/uploads\/sites\/51\/2017\/03\/DSCF0227-150x150.jpg\" class=\"attachment-thumbnail size-thumbnail\" alt=\"\" \/><\/a>\n\t\t\t<\/div><\/figure>\n\t\t<\/div>\n\n<p>Tack Freja och Nelly f\u00f6r dagens resedagbok. Nu har vi haft kv\u00e4llssamling och i morgon (fredag) forts\u00e4tter f\u00e4rden mot samh\u00e4llet Izbica och vidare till f\u00f6rintelsel\u00e4gret Belzec.<\/p>\n<p><img loading=\"lazy\" decoding=\"async\" class=\"alignnone size-full wp-image-339\" src=\"http:\/\/blogg.nykoping.se\/toleransprojektet\/wp-content\/uploads\/sites\/51\/2017\/03\/DSCF0440.jpg\" alt=\"\" width=\"4608\" height=\"3456\" srcset=\"https:\/\/blogg.nykoping.se\/toleransprojektet\/wp-content\/uploads\/sites\/51\/2017\/03\/DSCF0440.jpg 4608w, https:\/\/blogg.nykoping.se\/toleransprojektet\/wp-content\/uploads\/sites\/51\/2017\/03\/DSCF0440-300x225.jpg 300w, https:\/\/blogg.nykoping.se\/toleransprojektet\/wp-content\/uploads\/sites\/51\/2017\/03\/DSCF0440-768x576.jpg 768w, https:\/\/blogg.nykoping.se\/toleransprojektet\/wp-content\/uploads\/sites\/51\/2017\/03\/DSCF0440-1024x768.jpg 1024w\" sizes=\"auto, (max-width: 4608px) 100vw, 4608px\" \/><\/p>\n","protected":false},"excerpt":{"rendered":"<p>Nu befinner sig Toleransprojektets f\u00f6rsta grupp i Polen. Sent ig\u00e5r kv\u00e4ll landade vi i Lublin, en stad i \u00f6stra Polen som kom att bli centrum f\u00f6r F\u00f6rintelsens administration. S\u00e5 h\u00e4r skriver Freja och Nelly i dagens resedagbok: &#8221;P\u00e5 f\u00f6rmiddagen kom vi till koncentrationsl\u00e4gret Majdanek i Lublin. Det var chockerande att se det vi tidigare bara &hellip; <a href=\"https:\/\/blogg.nykoping.se\/toleransprojektet\/2017\/03\/16\/i-forintelsens-spar-forsta-dagen\/\" class=\"more-link\">Forts\u00e4tt l\u00e4sa <span class=\"screen-reader-text\">Resa 1: I F\u00f6rintelsens sp\u00e5r. F\u00f6rsta dagen<\/span><\/a><\/p>\n","protected":false},"author":203,"featured_media":0,"comment_status":"open","ping_status":"open","sticky":false,"template":"","format":"standard","meta":{"footnotes":""},"categories":[1],"tags":[],"class_list":["post-328","post","type-post","status-publish","format-standard","hentry","category-okategoriserade"],"_links":{"self":[{"href":"https:\/\/blogg.nykoping.se\/toleransprojektet\/wp-json\/wp\/v2\/posts\/328","targetHints":{"allow":["GET"]}}],"collection":[{"href":"https:\/\/blogg.nykoping.se\/toleransprojektet\/wp-json\/wp\/v2\/posts"}],"about":[{"href":"https:\/\/blogg.nykoping.se\/toleransprojektet\/wp-json\/wp\/v2\/types\/post"}],"author":[{"embeddable":true,"href":"https:\/\/blogg.nykoping.se\/toleransprojektet\/wp-json\/wp\/v2\/users\/203"}],"replies":[{"embeddable":true,"href":"https:\/\/blogg.nykoping.se\/toleransprojektet\/wp-json\/wp\/v2\/comments?post=328"}],"version-history":[{"count":7,"href":"https:\/\/blogg.nykoping.se\/toleransprojektet\/wp-json\/wp\/v2\/posts\/328\/revisions"}],"predecessor-version":[{"id":3327,"href":"https:\/\/blogg.nykoping.se\/toleransprojektet\/wp-json\/wp\/v2\/posts\/328\/revisions\/3327"}],"wp:attachment":[{"href":"https:\/\/blogg.nykoping.se\/toleransprojektet\/wp-json\/wp\/v2\/media?parent=328"}],"wp:term":[{"taxonomy":"category","embeddable":true,"href":"https:\/\/blogg.nykoping.se\/toleransprojektet\/wp-json\/wp\/v2\/categories?post=328"},{"taxonomy":"post_tag","embeddable":true,"href":"https:\/\/blogg.nykoping.se\/toleransprojektet\/wp-json\/wp\/v2\/tags?post=328"}],"curies":[{"name":"wp","href":"https:\/\/api.w.org\/{rel}","templated":true}]}}