{"id":3237,"date":"2020-11-27T12:54:31","date_gmt":"2020-11-27T11:54:31","guid":{"rendered":"https:\/\/blogg.nykoping.se\/toleransprojektet\/?p=3237"},"modified":"2020-11-27T12:54:32","modified_gmt":"2020-11-27T11:54:32","slug":"pandemipaus-aret-ut","status":"publish","type":"post","link":"https:\/\/blogg.nykoping.se\/toleransprojektet\/2020\/11\/27\/pandemipaus-aret-ut\/","title":{"rendered":"Pandemipaus \u00e5ret ut"},"content":{"rendered":"\n<figure class=\"wp-block-image size-large\"><img loading=\"lazy\" decoding=\"async\" width=\"1024\" height=\"768\" src=\"https:\/\/blogg.nykoping.se\/toleransprojektet\/wp-content\/uploads\/sites\/51\/2020\/11\/IMG_0962-1024x768.jpg\" alt=\"\" class=\"wp-image-3239\" srcset=\"https:\/\/blogg.nykoping.se\/toleransprojektet\/wp-content\/uploads\/sites\/51\/2020\/11\/IMG_0962-1024x768.jpg 1024w, https:\/\/blogg.nykoping.se\/toleransprojektet\/wp-content\/uploads\/sites\/51\/2020\/11\/IMG_0962-768x576.jpg 768w, https:\/\/blogg.nykoping.se\/toleransprojektet\/wp-content\/uploads\/sites\/51\/2020\/11\/IMG_0962-1536x1152.jpg 1536w, https:\/\/blogg.nykoping.se\/toleransprojektet\/wp-content\/uploads\/sites\/51\/2020\/11\/IMG_0962-2048x1536.jpg 2048w\" sizes=\"auto, (max-width: 1024px) 100vw, 1024px\" \/><\/figure>\n\n\n\n<p>Pandemin och smittspridningen forts\u00e4tter och Toleransprojektet kommer d\u00e4rf\u00f6r att f\u00f6rl\u00e4nga sin paus l\u00e4s\u00e5ret ut. Det \u00e4r viktigt f\u00f6r oss att vara del i att ta ansvar och nu mer \u00e4n n\u00e5gonsin blir v\u00e5rt motto: Tillsammans, st\u00e4llt p\u00e5 sin spets.<\/p>\n\n\n\n<p>F\u00f6r, hur kan man vara tillsammans p\u00e5 avst\u00e5nd? Det har vi verkligen f\u00e5tt fundera \u00f6ver och sedan v\u00e5r paus inleddes 5 november har vi ledare tillsammans med \u00e5rets och tidigare elever \u00e4gnat oss \u00e5t kontakt och gemensamma aktiviteter via digitala m\u00f6tesplatser &#8211; framf\u00f6rallt Instagram. Syftet med dessa aktiviteter \u00e4r i f\u00f6rsta hand att bibeh\u00e5lla k\u00e4nslan av gemenskap och motivation. N\u00e4r man inte kan ses \u00e4r det l\u00e4tt att tappa just detta.<\/p>\n\n\n\n<figure class=\"wp-block-image size-large\"><img loading=\"lazy\" decoding=\"async\" width=\"640\" height=\"884\" src=\"https:\/\/blogg.nykoping.se\/toleransprojektet\/wp-content\/uploads\/sites\/51\/2020\/11\/IMG_E0977.jpg\" alt=\"\" class=\"wp-image-3240\" \/><\/figure>\n\n\n\n<p>Vi ledare har gjort och delat filmer och p\u00e5 \u00f6nskem\u00e5l fr\u00e5n elever skapat &#8221;Veckans utmaning&#8221;. I dessa har alla som velat kunnat bidra med exempel p\u00e5 hur de l\u00f6st utmaningen via foto, text och film. Den f\u00f6rsta utmaningen bestod i att g\u00f6ra n\u00e5got fint, sn\u00e4llt eller modigt f\u00f6r n\u00e5gon annan.<\/p>\n\n\n\n<figure class=\"wp-block-gallery columns-3 is-cropped wp-block-gallery-1 is-layout-flex wp-block-gallery-is-layout-flex\"><ul class=\"blocks-gallery-grid\"><li class=\"blocks-gallery-item\"><figure><img loading=\"lazy\" decoding=\"async\" width=\"640\" height=\"857\" src=\"https:\/\/blogg.nykoping.se\/toleransprojektet\/wp-content\/uploads\/sites\/51\/2020\/11\/IMG_E0976.jpg\" alt=\"\" data-id=\"3241\" data-link=\"https:\/\/blogg.nykoping.se\/toleransprojektet\/?attachment_id=3241\" class=\"wp-image-3241\" \/><\/figure><\/li><li class=\"blocks-gallery-item\"><figure><img loading=\"lazy\" decoding=\"async\" width=\"640\" height=\"896\" src=\"https:\/\/blogg.nykoping.se\/toleransprojektet\/wp-content\/uploads\/sites\/51\/2020\/11\/IMG_E0978.jpg\" alt=\"\" data-id=\"3242\" data-link=\"https:\/\/blogg.nykoping.se\/toleransprojektet\/?attachment_id=3242\" class=\"wp-image-3242\" \/><\/figure><\/li><li class=\"blocks-gallery-item\"><figure><img loading=\"lazy\" decoding=\"async\" width=\"640\" height=\"884\" src=\"https:\/\/blogg.nykoping.se\/toleransprojektet\/wp-content\/uploads\/sites\/51\/2020\/11\/IMG_E0980.jpg\" alt=\"\" data-id=\"3243\" data-link=\"https:\/\/blogg.nykoping.se\/toleransprojektet\/?attachment_id=3243\" class=\"wp-image-3243\" \/><\/figure><\/li><\/ul><\/figure>\n\n\n\n<figure class=\"wp-block-gallery columns-2 is-cropped wp-block-gallery-2 is-layout-flex wp-block-gallery-is-layout-flex\"><ul class=\"blocks-gallery-grid\"><li class=\"blocks-gallery-item\"><figure><img loading=\"lazy\" decoding=\"async\" width=\"640\" height=\"914\" src=\"https:\/\/blogg.nykoping.se\/toleransprojektet\/wp-content\/uploads\/sites\/51\/2020\/11\/IMG_E0979-1.jpg\" alt=\"\" data-id=\"3246\" data-link=\"https:\/\/blogg.nykoping.se\/toleransprojektet\/?attachment_id=3246\" class=\"wp-image-3246\" \/><\/figure><\/li><li class=\"blocks-gallery-item\"><figure><img loading=\"lazy\" decoding=\"async\" width=\"640\" height=\"902\" src=\"https:\/\/blogg.nykoping.se\/toleransprojektet\/wp-content\/uploads\/sites\/51\/2020\/11\/IMG_E0982.jpg\" alt=\"\" data-id=\"3247\" data-full-url=\"https:\/\/blogg.nykoping.se\/toleransprojektet\/wp-content\/uploads\/sites\/51\/2020\/11\/IMG_E0982.jpg\" data-link=\"https:\/\/blogg.nykoping.se\/toleransprojektet\/?attachment_id=3247\" class=\"wp-image-3247\" \/><\/figure><\/li><\/ul><\/figure>\n\n\n\n<p>Den andra innebar att man skulle skapa n\u00e5got valfritt &#8211; m\u00e5la, pyssla, baka, skriva, bygga, rita &#8230; &#8211; p\u00e5 temat &#8221;gemenskap&#8221; eller &#8221;ensamhet&#8221;. Varje vecka h\u00e4r fram\u00f6ver kommer en ny utmaning.<\/p>\n\n\n\n<figure class=\"wp-block-gallery columns-2 is-cropped wp-block-gallery-3 is-layout-flex wp-block-gallery-is-layout-flex\"><ul class=\"blocks-gallery-grid\"><li class=\"blocks-gallery-item\"><figure><img loading=\"lazy\" decoding=\"async\" width=\"640\" height=\"869\" src=\"https:\/\/blogg.nykoping.se\/toleransprojektet\/wp-content\/uploads\/sites\/51\/2020\/11\/IMG_E0983.jpg\" alt=\"\" data-id=\"3248\" data-link=\"https:\/\/blogg.nykoping.se\/toleransprojektet\/?attachment_id=3248\" class=\"wp-image-3248\" \/><\/figure><\/li><li class=\"blocks-gallery-item\"><figure><img loading=\"lazy\" decoding=\"async\" width=\"640\" height=\"777\" src=\"https:\/\/blogg.nykoping.se\/toleransprojektet\/wp-content\/uploads\/sites\/51\/2020\/11\/IMG_E0984.jpg\" alt=\"\" data-id=\"3249\" data-full-url=\"https:\/\/blogg.nykoping.se\/toleransprojektet\/wp-content\/uploads\/sites\/51\/2020\/11\/IMG_E0984.jpg\" data-link=\"https:\/\/blogg.nykoping.se\/toleransprojektet\/?attachment_id=3249\" class=\"wp-image-3249\" \/><\/figure><\/li><\/ul><\/figure>\n\n\n\n<figure class=\"wp-block-image size-large\"><img loading=\"lazy\" decoding=\"async\" width=\"618\" height=\"887\" src=\"https:\/\/blogg.nykoping.se\/toleransprojektet\/wp-content\/uploads\/sites\/51\/2020\/11\/IMG_E0981.jpg\" alt=\"\" class=\"wp-image-3250\" \/><\/figure>\n\n\n\n<p>F\u00f6rutom dessa digitala aktiviteter deltar ocks\u00e5 n\u00e5gra av Toleransprojektets ledare i regelbundna vuxenvandringar p\u00e5 stan tillsammans med andra verksamheter inom kommunen, Svenska kyrkan samt olika f\u00f6reningar, till exempel Tjejjouren Mira. P\u00e5 eftermiddagen efter skolan finns vuxna p\u00e5 stan som trygga, fasta punkter. Flera av Toleransprojektets elever har vi, trots pandemipausen, kunnat heja p\u00e5 och kolla l\u00e4get med tack vare dessa vandringar.<\/p>\n\n\n\n<figure class=\"wp-block-image size-large\"><img loading=\"lazy\" decoding=\"async\" width=\"1024\" height=\"768\" src=\"https:\/\/blogg.nykoping.se\/toleransprojektet\/wp-content\/uploads\/sites\/51\/2020\/11\/IMG_0900-1024x768.jpg\" alt=\"\" class=\"wp-image-3251\" srcset=\"https:\/\/blogg.nykoping.se\/toleransprojektet\/wp-content\/uploads\/sites\/51\/2020\/11\/IMG_0900-1024x768.jpg 1024w, https:\/\/blogg.nykoping.se\/toleransprojektet\/wp-content\/uploads\/sites\/51\/2020\/11\/IMG_0900-768x576.jpg 768w, https:\/\/blogg.nykoping.se\/toleransprojektet\/wp-content\/uploads\/sites\/51\/2020\/11\/IMG_0900-1536x1152.jpg 1536w, https:\/\/blogg.nykoping.se\/toleransprojektet\/wp-content\/uploads\/sites\/51\/2020\/11\/IMG_0900-2048x1536.jpg 2048w\" sizes=\"auto, (max-width: 1024px) 100vw, 1024px\" \/><\/figure>\n\n\n\n<p>Toleransprojektet planerar att \u00e5teruppta tr\u00e4ffarna p\u00e5 S\u00f6ra den f\u00f6rsta skolveckan i januari. Men, det \u00e4r naturligtvis under f\u00f6ruts\u00e4ttning att det allm\u00e4nna smittl\u00e4get g\u00f6r det m\u00f6jligt. Vi forts\u00e4tter h\u00e5lla alla elever, v\u00e5rdnadshavare och skolor informerade.<\/p>\n\n\n\n<p>Vi har visserligen paus men vi finns h\u00e4r och forts\u00e4tter g\u00f6ra vad vi kan f\u00f6r v\u00e5ra elever!<\/p>\n","protected":false},"excerpt":{"rendered":"<p>Pandemin och smittspridningen forts\u00e4tter och Toleransprojektet kommer d\u00e4rf\u00f6r att f\u00f6rl\u00e4nga sin paus l\u00e4s\u00e5ret ut. Det \u00e4r viktigt f\u00f6r oss att vara del i att ta ansvar och nu mer \u00e4n n\u00e5gonsin blir v\u00e5rt motto: Tillsammans, st\u00e4llt p\u00e5 sin spets. F\u00f6r, hur kan man vara tillsammans p\u00e5 avst\u00e5nd? Det har vi verkligen f\u00e5tt fundera \u00f6ver och &hellip; <a href=\"https:\/\/blogg.nykoping.se\/toleransprojektet\/2020\/11\/27\/pandemipaus-aret-ut\/\" class=\"more-link\">Forts\u00e4tt l\u00e4sa <span class=\"screen-reader-text\">Pandemipaus \u00e5ret ut<\/span><\/a><\/p>\n","protected":false},"author":203,"featured_media":0,"comment_status":"open","ping_status":"open","sticky":false,"template":"","format":"standard","meta":{"footnotes":""},"categories":[1],"tags":[],"class_list":["post-3237","post","type-post","status-publish","format-standard","hentry","category-okategoriserade"],"_links":{"self":[{"href":"https:\/\/blogg.nykoping.se\/toleransprojektet\/wp-json\/wp\/v2\/posts\/3237","targetHints":{"allow":["GET"]}}],"collection":[{"href":"https:\/\/blogg.nykoping.se\/toleransprojektet\/wp-json\/wp\/v2\/posts"}],"about":[{"href":"https:\/\/blogg.nykoping.se\/toleransprojektet\/wp-json\/wp\/v2\/types\/post"}],"author":[{"embeddable":true,"href":"https:\/\/blogg.nykoping.se\/toleransprojektet\/wp-json\/wp\/v2\/users\/203"}],"replies":[{"embeddable":true,"href":"https:\/\/blogg.nykoping.se\/toleransprojektet\/wp-json\/wp\/v2\/comments?post=3237"}],"version-history":[{"count":5,"href":"https:\/\/blogg.nykoping.se\/toleransprojektet\/wp-json\/wp\/v2\/posts\/3237\/revisions"}],"predecessor-version":[{"id":3254,"href":"https:\/\/blogg.nykoping.se\/toleransprojektet\/wp-json\/wp\/v2\/posts\/3237\/revisions\/3254"}],"wp:attachment":[{"href":"https:\/\/blogg.nykoping.se\/toleransprojektet\/wp-json\/wp\/v2\/media?parent=3237"}],"wp:term":[{"taxonomy":"category","embeddable":true,"href":"https:\/\/blogg.nykoping.se\/toleransprojektet\/wp-json\/wp\/v2\/categories?post=3237"},{"taxonomy":"post_tag","embeddable":true,"href":"https:\/\/blogg.nykoping.se\/toleransprojektet\/wp-json\/wp\/v2\/tags?post=3237"}],"curies":[{"name":"wp","href":"https:\/\/api.w.org\/{rel}","templated":true}]}}