{"id":3159,"date":"2020-10-23T09:54:40","date_gmt":"2020-10-23T07:54:40","guid":{"rendered":"https:\/\/blogg.nykoping.se\/toleransprojektet\/?p=3159"},"modified":"2020-10-23T09:54:41","modified_gmt":"2020-10-23T07:54:41","slug":"andra-traffen-vem-ar-jag-5","status":"publish","type":"post","link":"https:\/\/blogg.nykoping.se\/toleransprojektet\/2020\/10\/23\/andra-traffen-vem-ar-jag-5\/","title":{"rendered":"Andra tr\u00e4ffen: Vem \u00e4r jag?"},"content":{"rendered":"\n<figure class=\"wp-block-image size-large\"><img loading=\"lazy\" decoding=\"async\" width=\"1024\" height=\"1024\" src=\"https:\/\/blogg.nykoping.se\/toleransprojektet\/wp-content\/uploads\/sites\/51\/2020\/10\/TEFZ7602-1024x1024.jpg\" alt=\"\" class=\"wp-image-3208\" srcset=\"https:\/\/blogg.nykoping.se\/toleransprojektet\/wp-content\/uploads\/sites\/51\/2020\/10\/TEFZ7602-1024x1024.jpg 1024w, https:\/\/blogg.nykoping.se\/toleransprojektet\/wp-content\/uploads\/sites\/51\/2020\/10\/TEFZ7602-150x150.jpg 150w, https:\/\/blogg.nykoping.se\/toleransprojektet\/wp-content\/uploads\/sites\/51\/2020\/10\/TEFZ7602-768x768.jpg 768w, https:\/\/blogg.nykoping.se\/toleransprojektet\/wp-content\/uploads\/sites\/51\/2020\/10\/TEFZ7602-1536x1536.jpg 1536w, https:\/\/blogg.nykoping.se\/toleransprojektet\/wp-content\/uploads\/sites\/51\/2020\/10\/TEFZ7602.jpg 2048w\" sizes=\"auto, (max-width: 1024px) 100vw, 1024px\" \/><\/figure>\n\n\n\n<p id=\"block-8a8df153-f614-41a6-ae08-4e5ada5e6b5e\">Vid v\u00e5r andra tr\u00e4ff var alla lite varmare i kl\u00e4derna och fj\u00e4rilarna i magen fladdrade inte lika mycket. Vi b\u00f6rjade med att titta tillbaka p\u00e5 f\u00f6rsta g\u00e5ngen med hj\u00e4lp av exempel ur allas skrivb\u00f6cker. Den f\u00f6rsta l\u00e4xan, med rubriken &#8221;Vad \u00e4r en m\u00e4nniska?&#8221;, l\u00e4mnades in och s\u00e5 h\u00e4r skriver n\u00e5gra av eleverna:<\/p>\n\n\n\n<p><em>Till skillnad fr\u00e5n djur s\u00e5 vill vi m\u00e4nniskor ha bekr\u00e4ftelse s\u00e5 att vi k\u00e4nner att vi duger som vi \u00e4r.<\/em><\/p>\n\n\n\n<p><em>Jag tror inte att det finns en enda m\u00e4nniska som aldrig har gjort n\u00e5got d\u00e5ligt.<\/em><\/p>\n\n\n\n<p><em>F\u00f6r mig \u00e4r m\u00e4nniskor levande organismer som utvecklats genom \u00e5ren och hittat svar p\u00e5 fr\u00e5gor vi har.<\/em><\/p>\n\n\n\n<p><em>Det \u00e4r en lite sp\u00e4nnande tanke att vissa m\u00e4nniskor inte ens kan skada en myra utan att f\u00e5 d\u00e5ligt samvete medan andra kan d\u00f6da en medm\u00e4nniska som ingenting.<\/em><\/p>\n\n\n\n<p><em>En m\u00e4nniska \u00e4r allts\u00e5 ett djur som kan f\u00f6rb\u00e4ttra men \u00e4ven f\u00f6rs\u00e4mra sin omgivning med hj\u00e4lp av sina utvecklade kunskaper. Med en utvecklad kunskap kommer ocks\u00e5 nackdelar som avundsjuka, st\u00e4ndigt behov av mer och beroendet av makt.<\/em><\/p>\n\n\n\n<p><em>F\u00f6r mig \u00e4r en m\u00e4nniska del av n\u00e5got st\u00f6rre.<\/em><\/p>\n\n\n\n<figure class=\"wp-block-gallery columns-2 is-cropped wp-block-gallery-1 is-layout-flex wp-block-gallery-is-layout-flex\"><ul class=\"blocks-gallery-grid\"><li class=\"blocks-gallery-item\"><figure><img loading=\"lazy\" decoding=\"async\" width=\"1024\" height=\"768\" src=\"https:\/\/blogg.nykoping.se\/toleransprojektet\/wp-content\/uploads\/sites\/51\/2020\/10\/IMG_0270-1024x768.jpg\" alt=\"\" data-id=\"3203\" data-full-url=\"https:\/\/blogg.nykoping.se\/toleransprojektet\/wp-content\/uploads\/sites\/51\/2020\/10\/IMG_0270-scaled.jpg\" data-link=\"https:\/\/blogg.nykoping.se\/toleransprojektet\/img_0270\/\" class=\"wp-image-3203\" srcset=\"https:\/\/blogg.nykoping.se\/toleransprojektet\/wp-content\/uploads\/sites\/51\/2020\/10\/IMG_0270-1024x768.jpg 1024w, https:\/\/blogg.nykoping.se\/toleransprojektet\/wp-content\/uploads\/sites\/51\/2020\/10\/IMG_0270-768x576.jpg 768w, https:\/\/blogg.nykoping.se\/toleransprojektet\/wp-content\/uploads\/sites\/51\/2020\/10\/IMG_0270-1536x1152.jpg 1536w, https:\/\/blogg.nykoping.se\/toleransprojektet\/wp-content\/uploads\/sites\/51\/2020\/10\/IMG_0270-2048x1536.jpg 2048w\" sizes=\"auto, (max-width: 1024px) 100vw, 1024px\" \/><\/figure><\/li><li class=\"blocks-gallery-item\"><figure><img loading=\"lazy\" decoding=\"async\" width=\"1024\" height=\"768\" src=\"https:\/\/blogg.nykoping.se\/toleransprojektet\/wp-content\/uploads\/sites\/51\/2020\/10\/IMG_E0041-1024x768.jpg\" alt=\"\" data-id=\"3200\" data-full-url=\"https:\/\/blogg.nykoping.se\/toleransprojektet\/wp-content\/uploads\/sites\/51\/2020\/10\/IMG_E0041-scaled.jpg\" data-link=\"https:\/\/blogg.nykoping.se\/toleransprojektet\/img_e0041\/\" class=\"wp-image-3200\" srcset=\"https:\/\/blogg.nykoping.se\/toleransprojektet\/wp-content\/uploads\/sites\/51\/2020\/10\/IMG_E0041-1024x768.jpg 1024w, https:\/\/blogg.nykoping.se\/toleransprojektet\/wp-content\/uploads\/sites\/51\/2020\/10\/IMG_E0041-768x576.jpg 768w, https:\/\/blogg.nykoping.se\/toleransprojektet\/wp-content\/uploads\/sites\/51\/2020\/10\/IMG_E0041-1536x1152.jpg 1536w, https:\/\/blogg.nykoping.se\/toleransprojektet\/wp-content\/uploads\/sites\/51\/2020\/10\/IMG_E0041-2048x1536.jpg 2048w\" sizes=\"auto, (max-width: 1024px) 100vw, 1024px\" \/><\/figure><\/li><\/ul><\/figure>\n\n\n\n<figure class=\"wp-block-image size-large\"><img loading=\"lazy\" decoding=\"async\" width=\"1024\" height=\"768\" src=\"https:\/\/blogg.nykoping.se\/toleransprojektet\/wp-content\/uploads\/sites\/51\/2020\/10\/IMG_E9995-1024x768.jpg\" alt=\"\" class=\"wp-image-3201\" srcset=\"https:\/\/blogg.nykoping.se\/toleransprojektet\/wp-content\/uploads\/sites\/51\/2020\/10\/IMG_E9995-1024x768.jpg 1024w, https:\/\/blogg.nykoping.se\/toleransprojektet\/wp-content\/uploads\/sites\/51\/2020\/10\/IMG_E9995-768x576.jpg 768w, https:\/\/blogg.nykoping.se\/toleransprojektet\/wp-content\/uploads\/sites\/51\/2020\/10\/IMG_E9995-1536x1152.jpg 1536w, https:\/\/blogg.nykoping.se\/toleransprojektet\/wp-content\/uploads\/sites\/51\/2020\/10\/IMG_E9995-2048x1536.jpg 2048w\" sizes=\"auto, (max-width: 1024px) 100vw, 1024px\" \/><\/figure>\n\n\n\n<p id=\"block-ef6231a8-f18e-44bc-ad85-3008b97a0ee9\">V\u00e5rt tema f\u00f6r andra tr\u00e4ffen var: VEM \u00c4R JAG? Vi definierade det viktiga ordet &#8221;identitet&#8221; och alla fick f\u00f6rs\u00f6ka ringa in lite av sin identitet genom tre meningar som b\u00f6rjade &#8221;Jag \u00e4r &#8230;&#8221;. Alla ins\u00e5g att vi beskriver vilka vi \u00e4r p\u00e5 olika s\u00e4tt beroende p\u00e5 vilka vi talar med och i vilket sammanhang vi befinner oss.<\/p>\n\n\n\n<figure class=\"wp-block-image size-large\"><img loading=\"lazy\" decoding=\"async\" width=\"1024\" height=\"768\" src=\"https:\/\/blogg.nykoping.se\/toleransprojektet\/wp-content\/uploads\/sites\/51\/2020\/10\/IMG_9999-1024x768.jpg\" alt=\"\" class=\"wp-image-3199\" srcset=\"https:\/\/blogg.nykoping.se\/toleransprojektet\/wp-content\/uploads\/sites\/51\/2020\/10\/IMG_9999-1024x768.jpg 1024w, https:\/\/blogg.nykoping.se\/toleransprojektet\/wp-content\/uploads\/sites\/51\/2020\/10\/IMG_9999-768x576.jpg 768w, https:\/\/blogg.nykoping.se\/toleransprojektet\/wp-content\/uploads\/sites\/51\/2020\/10\/IMG_9999-1536x1152.jpg 1536w, https:\/\/blogg.nykoping.se\/toleransprojektet\/wp-content\/uploads\/sites\/51\/2020\/10\/IMG_9999-2048x1536.jpg 2048w\" sizes=\"auto, (max-width: 1024px) 100vw, 1024px\" \/><\/figure>\n\n\n\n<p id=\"block-e0cf100f-d9f4-43e3-bf49-928461ddebf3\">Vi arbetade med begreppet identitet med hj\u00e4lp av ber\u00e4ttelsen om Jackie Arkl\u00f6v. Vi f\u00f6ljde honom fr\u00e5n barndom fram till f\u00e4ngelset d\u00e4r han nu sitter p\u00e5 livstid efter polismorden i Malexander. Eleverna funderade kring fr\u00e5gor som: Hur blev Jackie den han blev? Hur kunde det blivit annorlunda f\u00f6r honom? Vilket st\u00f6d hade han beh\u00f6vt under sin uppv\u00e4xt? P\u00e5 vilket s\u00e4tt formas vi av v\u00e5ra val? Vad betyder m\u00e4nniskor runt omkring oss f\u00f6r vilka vi blir?<\/p>\n\n\n\n<figure class=\"wp-block-image size-large\"><img loading=\"lazy\" decoding=\"async\" width=\"1024\" height=\"576\" src=\"https:\/\/blogg.nykoping.se\/toleransprojektet\/wp-content\/uploads\/sites\/51\/2020\/10\/IMG_0277-1024x576.jpg\" alt=\"\" class=\"wp-image-3207\" srcset=\"https:\/\/blogg.nykoping.se\/toleransprojektet\/wp-content\/uploads\/sites\/51\/2020\/10\/IMG_0277-1024x576.jpg 1024w, https:\/\/blogg.nykoping.se\/toleransprojektet\/wp-content\/uploads\/sites\/51\/2020\/10\/IMG_0277-768x432.jpg 768w, https:\/\/blogg.nykoping.se\/toleransprojektet\/wp-content\/uploads\/sites\/51\/2020\/10\/IMG_0277-1536x864.jpg 1536w, https:\/\/blogg.nykoping.se\/toleransprojektet\/wp-content\/uploads\/sites\/51\/2020\/10\/IMG_0277-2048x1152.jpg 2048w\" sizes=\"auto, (max-width: 1024px) 100vw, 1024px\" \/><\/figure>\n\n\n\n<p id=\"block-9f162dc9-cd3b-47d9-a8c2-84bab1e90d46\">Toleransprojektets ungdomsst\u00f6djare Maja ber\u00e4ttade om hur Jackies handlingar konkret kom att p\u00e5verka hennes livsval i samband med att hon best\u00e4mde sig f\u00f6r att bli polis.<\/p>\n\n\n\n<figure class=\"wp-block-image size-large\"><img loading=\"lazy\" decoding=\"async\" width=\"1024\" height=\"768\" src=\"https:\/\/blogg.nykoping.se\/toleransprojektet\/wp-content\/uploads\/sites\/51\/2020\/10\/IMG_0058-1024x768.jpg\" alt=\"\" class=\"wp-image-3193\" srcset=\"https:\/\/blogg.nykoping.se\/toleransprojektet\/wp-content\/uploads\/sites\/51\/2020\/10\/IMG_0058-1024x768.jpg 1024w, https:\/\/blogg.nykoping.se\/toleransprojektet\/wp-content\/uploads\/sites\/51\/2020\/10\/IMG_0058-768x576.jpg 768w, https:\/\/blogg.nykoping.se\/toleransprojektet\/wp-content\/uploads\/sites\/51\/2020\/10\/IMG_0058-1536x1152.jpg 1536w, https:\/\/blogg.nykoping.se\/toleransprojektet\/wp-content\/uploads\/sites\/51\/2020\/10\/IMG_0058-2048x1536.jpg 2048w\" sizes=\"auto, (max-width: 1024px) 100vw, 1024px\" \/><\/figure>\n\n\n\n<p id=\"block-3375c36f-ee2a-42f8-8e29-b119bf870054\">I grupper fick eleverna ocks\u00e5 skapa \u00f6gonblicksbilder &#8211; scener ur ber\u00e4ttelsen om Jackie Arkl\u00f6v &#8211; som de tyckte var s\u00e4rskilt viktiga i hans identitetsutveckling. Utan att r\u00f6ra sig eller prata visade eleverna med sina kroppar scenen och \u00f6vriga fick gissa vilket \u00f6gonblick de valt. N\u00e5gra valde \u00f6gonblick ur Jackies barndom, d\u00e5 han k\u00e4nde sig ensam och o\u00e4lskad, andra h\u00e4ndelserna fr\u00e5n polismorden, n\u00e5gra n\u00e4r han klev \u00f6ver sin m\u00e4nskliga gr\u00e4ns n\u00e4r han deltog som soldat i kriget i Balkan och n\u00e5gra n\u00e4r hans biologiska pappa st\u00e4ller in det m\u00f6te Jackie l\u00e4ngtar s\u00e5 mycket efter. Eleverna visade en oerh\u00f6rd inlevelse n\u00e4r det kommer till att f\u00f6rst\u00e5 hur olika erfarenheter tillsammans formar en m\u00e4nniska. <\/p>\n\n\n\n<figure class=\"wp-block-image size-large\"><img loading=\"lazy\" decoding=\"async\" width=\"1024\" height=\"768\" src=\"https:\/\/blogg.nykoping.se\/toleransprojektet\/wp-content\/uploads\/sites\/51\/2020\/10\/IMG_0271-1024x768.jpg\" alt=\"\" class=\"wp-image-3204\" srcset=\"https:\/\/blogg.nykoping.se\/toleransprojektet\/wp-content\/uploads\/sites\/51\/2020\/10\/IMG_0271-1024x768.jpg 1024w, https:\/\/blogg.nykoping.se\/toleransprojektet\/wp-content\/uploads\/sites\/51\/2020\/10\/IMG_0271-768x576.jpg 768w, https:\/\/blogg.nykoping.se\/toleransprojektet\/wp-content\/uploads\/sites\/51\/2020\/10\/IMG_0271-1536x1152.jpg 1536w, https:\/\/blogg.nykoping.se\/toleransprojektet\/wp-content\/uploads\/sites\/51\/2020\/10\/IMG_0271-2048x1536.jpg 2048w\" sizes=\"auto, (max-width: 1024px) 100vw, 1024px\" \/><\/figure>\n\n\n\n<figure class=\"wp-block-gallery columns-2 is-cropped wp-block-gallery-2 is-layout-flex wp-block-gallery-is-layout-flex\"><ul class=\"blocks-gallery-grid\"><li class=\"blocks-gallery-item\"><figure><img loading=\"lazy\" decoding=\"async\" width=\"1024\" height=\"768\" src=\"https:\/\/blogg.nykoping.se\/toleransprojektet\/wp-content\/uploads\/sites\/51\/2020\/10\/IMG_0068-1024x768.jpg\" alt=\"\" data-id=\"3195\" data-full-url=\"https:\/\/blogg.nykoping.se\/toleransprojektet\/wp-content\/uploads\/sites\/51\/2020\/10\/IMG_0068-scaled.jpg\" data-link=\"https:\/\/blogg.nykoping.se\/toleransprojektet\/img_0068\/\" class=\"wp-image-3195\" srcset=\"https:\/\/blogg.nykoping.se\/toleransprojektet\/wp-content\/uploads\/sites\/51\/2020\/10\/IMG_0068-1024x768.jpg 1024w, https:\/\/blogg.nykoping.se\/toleransprojektet\/wp-content\/uploads\/sites\/51\/2020\/10\/IMG_0068-768x576.jpg 768w, https:\/\/blogg.nykoping.se\/toleransprojektet\/wp-content\/uploads\/sites\/51\/2020\/10\/IMG_0068-1536x1152.jpg 1536w, https:\/\/blogg.nykoping.se\/toleransprojektet\/wp-content\/uploads\/sites\/51\/2020\/10\/IMG_0068-2048x1536.jpg 2048w\" sizes=\"auto, (max-width: 1024px) 100vw, 1024px\" \/><\/figure><\/li><li class=\"blocks-gallery-item\"><figure><img loading=\"lazy\" decoding=\"async\" width=\"1024\" height=\"768\" src=\"https:\/\/blogg.nykoping.se\/toleransprojektet\/wp-content\/uploads\/sites\/51\/2020\/10\/IMG_0071-1024x768.jpg\" alt=\"\" data-id=\"3194\" data-full-url=\"https:\/\/blogg.nykoping.se\/toleransprojektet\/wp-content\/uploads\/sites\/51\/2020\/10\/IMG_0071-scaled.jpg\" data-link=\"https:\/\/blogg.nykoping.se\/toleransprojektet\/img_0071\/\" class=\"wp-image-3194\" srcset=\"https:\/\/blogg.nykoping.se\/toleransprojektet\/wp-content\/uploads\/sites\/51\/2020\/10\/IMG_0071-1024x768.jpg 1024w, https:\/\/blogg.nykoping.se\/toleransprojektet\/wp-content\/uploads\/sites\/51\/2020\/10\/IMG_0071-768x576.jpg 768w, https:\/\/blogg.nykoping.se\/toleransprojektet\/wp-content\/uploads\/sites\/51\/2020\/10\/IMG_0071-1536x1152.jpg 1536w, https:\/\/blogg.nykoping.se\/toleransprojektet\/wp-content\/uploads\/sites\/51\/2020\/10\/IMG_0071-2048x1536.jpg 2048w\" sizes=\"auto, (max-width: 1024px) 100vw, 1024px\" \/><\/figure><\/li><\/ul><\/figure>\n\n\n\n<figure class=\"wp-block-image size-large\"><img loading=\"lazy\" decoding=\"async\" width=\"1024\" height=\"576\" src=\"https:\/\/blogg.nykoping.se\/toleransprojektet\/wp-content\/uploads\/sites\/51\/2020\/10\/IMG_0272-1024x576.jpg\" alt=\"\" class=\"wp-image-3205\" srcset=\"https:\/\/blogg.nykoping.se\/toleransprojektet\/wp-content\/uploads\/sites\/51\/2020\/10\/IMG_0272-1024x576.jpg 1024w, https:\/\/blogg.nykoping.se\/toleransprojektet\/wp-content\/uploads\/sites\/51\/2020\/10\/IMG_0272-768x432.jpg 768w, https:\/\/blogg.nykoping.se\/toleransprojektet\/wp-content\/uploads\/sites\/51\/2020\/10\/IMG_0272-1536x864.jpg 1536w, https:\/\/blogg.nykoping.se\/toleransprojektet\/wp-content\/uploads\/sites\/51\/2020\/10\/IMG_0272-2048x1152.jpg 2048w\" sizes=\"auto, (max-width: 1024px) 100vw, 1024px\" \/><\/figure>\n\n\n\n<p id=\"block-8dae6794-8e72-44a1-9d5d-ac7b3266e037\">Tv\u00e5 elever skriver s\u00e5 h\u00e4r om dagens ber\u00e4ttelse:<\/p>\n\n\n\n<p><em>Genom att vi fick h\u00f6ra hela ber\u00e4ttelsen, fr\u00e5n n\u00e4r Jackie gick sina f\u00f6rsta steg i Sverige till nu, fick jag en st\u00f6rre bild av att alla m\u00e4nniskor &#8211; du, jag, &#8221;m\u00f6rdare&#8221;, l\u00e4rare och s\u00e5 vidare &#8211; vi har alla v\u00e5r egen historia som gjort oss till den vi \u00e4r. Vi \u00e4r alla m\u00e4nskliga och ska inte bara d\u00f6mas f\u00f6r en h\u00e4ndelse utan att andra vet hela ens historia.<\/em><\/p>\n\n\n\n<p><em>Ber\u00e4ttelsen var v\u00e4ldigt tuff och tr\u00e4ffade mig h\u00e5rt. Den handlade om mord och om Jugoslavien. Min mamma och pappa var med i kriget och min morfar och farfar slogs i kriget.<\/em><\/p>\n\n\n\n<figure class=\"wp-block-image size-large\"><img loading=\"lazy\" decoding=\"async\" width=\"1024\" height=\"768\" src=\"https:\/\/blogg.nykoping.se\/toleransprojektet\/wp-content\/uploads\/sites\/51\/2020\/10\/IMG_E0011-1024x768.jpg\" alt=\"\" class=\"wp-image-3198\" srcset=\"https:\/\/blogg.nykoping.se\/toleransprojektet\/wp-content\/uploads\/sites\/51\/2020\/10\/IMG_E0011-1024x768.jpg 1024w, https:\/\/blogg.nykoping.se\/toleransprojektet\/wp-content\/uploads\/sites\/51\/2020\/10\/IMG_E0011-768x576.jpg 768w, https:\/\/blogg.nykoping.se\/toleransprojektet\/wp-content\/uploads\/sites\/51\/2020\/10\/IMG_E0011-1536x1152.jpg 1536w, https:\/\/blogg.nykoping.se\/toleransprojektet\/wp-content\/uploads\/sites\/51\/2020\/10\/IMG_E0011-2048x1536.jpg 2048w\" sizes=\"auto, (max-width: 1024px) 100vw, 1024px\" \/><\/figure>\n\n\n\n<p id=\"block-5d9aeea2-062e-4d8a-97e3-ba047d7e742b\">Genom \u00f6vningen Flygande mattan fick eleverna tr\u00e4na samarbete och kommunikation. Dagens skapandeuppgift bestod i att dekorera och p\u00e5b\u00f6rja en glasburk som ska symbolisera dig sj\u00e4lv, vem du \u00e4r. L\u00e4xuppgiften till n\u00e4sta g\u00e5ng blir att skriva under rubriken: Vem \u00e4r jag? och att ta med en sak som ber\u00e4ttar n\u00e5got viktigt om dig sj\u00e4lv. Saken ska l\u00e4ggas i burken.<\/p>\n\n\n\n<figure class=\"wp-block-gallery columns-2 is-cropped wp-block-gallery-3 is-layout-flex wp-block-gallery-is-layout-flex\"><ul class=\"blocks-gallery-grid\"><li class=\"blocks-gallery-item\"><figure><img loading=\"lazy\" decoding=\"async\" width=\"1024\" height=\"768\" src=\"https:\/\/blogg.nykoping.se\/toleransprojektet\/wp-content\/uploads\/sites\/51\/2020\/10\/IMG_0079-1024x768.jpg\" alt=\"\" data-id=\"3196\" data-full-url=\"https:\/\/blogg.nykoping.se\/toleransprojektet\/wp-content\/uploads\/sites\/51\/2020\/10\/IMG_0079-scaled.jpg\" data-link=\"https:\/\/blogg.nykoping.se\/toleransprojektet\/img_0079\/\" class=\"wp-image-3196\" srcset=\"https:\/\/blogg.nykoping.se\/toleransprojektet\/wp-content\/uploads\/sites\/51\/2020\/10\/IMG_0079-1024x768.jpg 1024w, https:\/\/blogg.nykoping.se\/toleransprojektet\/wp-content\/uploads\/sites\/51\/2020\/10\/IMG_0079-768x576.jpg 768w, https:\/\/blogg.nykoping.se\/toleransprojektet\/wp-content\/uploads\/sites\/51\/2020\/10\/IMG_0079-1536x1152.jpg 1536w, https:\/\/blogg.nykoping.se\/toleransprojektet\/wp-content\/uploads\/sites\/51\/2020\/10\/IMG_0079-2048x1536.jpg 2048w\" sizes=\"auto, (max-width: 1024px) 100vw, 1024px\" \/><\/figure><\/li><li class=\"blocks-gallery-item\"><figure><img loading=\"lazy\" decoding=\"async\" width=\"1024\" height=\"768\" src=\"https:\/\/blogg.nykoping.se\/toleransprojektet\/wp-content\/uploads\/sites\/51\/2020\/10\/IMG_0081-1024x768.jpg\" alt=\"\" data-id=\"3197\" data-full-url=\"https:\/\/blogg.nykoping.se\/toleransprojektet\/wp-content\/uploads\/sites\/51\/2020\/10\/IMG_0081-scaled.jpg\" data-link=\"https:\/\/blogg.nykoping.se\/toleransprojektet\/img_0081\/\" class=\"wp-image-3197\" srcset=\"https:\/\/blogg.nykoping.se\/toleransprojektet\/wp-content\/uploads\/sites\/51\/2020\/10\/IMG_0081-1024x768.jpg 1024w, https:\/\/blogg.nykoping.se\/toleransprojektet\/wp-content\/uploads\/sites\/51\/2020\/10\/IMG_0081-768x576.jpg 768w, https:\/\/blogg.nykoping.se\/toleransprojektet\/wp-content\/uploads\/sites\/51\/2020\/10\/IMG_0081-1536x1152.jpg 1536w, https:\/\/blogg.nykoping.se\/toleransprojektet\/wp-content\/uploads\/sites\/51\/2020\/10\/IMG_0081-2048x1536.jpg 2048w\" sizes=\"auto, (max-width: 1024px) 100vw, 1024px\" \/><\/figure><\/li><\/ul><\/figure>\n\n\n\n<p id=\"block-e9b1acc9-e29a-4a66-a05d-c57b95cb8163\">Att l\u00e5ta eleverna skriva den h\u00e4r typen av texter \u00f6var dem i att v\u00e4nda blicken in\u00e5t och fundera \u00f6ver sin egen identitet, sina egna styrkor och utvecklingsm\u00f6jligheter, sina egna val och moraliska utg\u00e5ngspunkter.<\/p>\n\n\n\n<p id=\"block-73dda861-6478-41bf-a89d-5f346f65ff62\">Som vanligt skrev eleverna reflektioner fr\u00e5n dagen i sina skrivb\u00f6cker. S\u00e5 h\u00e4r skrev en av dem:<\/p>\n\n\n\n<p><em>Denna dag har varit riktigt kul, med m\u00e5nga tankar som jag m\u00e5ste processa f\u00f6r mig sj\u00e4lv n\u00e4r jag kommer hem. &#8221;Vem \u00e4r jag?&#8221; \u00e4r en fr\u00e5ga jag st\u00e4ller mig ofta eftersom jag sj\u00e4lv inte vet. Jag vet inte vad jag ska f\u00f6rv\u00e4nta mig av framtiden, vilket \u00e4r b\u00e5de sp\u00e4nnande och l\u00e4skigt.<\/em><\/p>\n\n\n\n<p id=\"block-d89e0d0e-a2b8-4514-af10-93908ce46f0d\">Efter rast var det dags f\u00f6r l\u00e4xtimmen. Varje tr\u00e4ff har eleverna med sig l\u00e4xor att arbeta med och regeln \u00e4r att den stillsamma pianomusik som ljuder i rummet hela tiden ska kunna h\u00f6ras &#8211; annars \u00e4r ljudniv\u00e5n f\u00f6r h\u00f6g. Denna regel h\u00e5lls v\u00e4ldigt fint.<\/p>\n\n\n\n<p>Allra sist p\u00e5 dagen blev det ytterligare en lek som gjorde att gruppen fick avsluta med skratt i magen och hj\u00e4rtat. <\/p>\n\n\n\n<figure class=\"wp-block-image size-large\"><img loading=\"lazy\" decoding=\"async\" width=\"1024\" height=\"768\" src=\"https:\/\/blogg.nykoping.se\/toleransprojektet\/wp-content\/uploads\/sites\/51\/2020\/10\/IMG_0274-1024x768.jpg\" alt=\"\" class=\"wp-image-3206\" srcset=\"https:\/\/blogg.nykoping.se\/toleransprojektet\/wp-content\/uploads\/sites\/51\/2020\/10\/IMG_0274-1024x768.jpg 1024w, https:\/\/blogg.nykoping.se\/toleransprojektet\/wp-content\/uploads\/sites\/51\/2020\/10\/IMG_0274-768x576.jpg 768w, https:\/\/blogg.nykoping.se\/toleransprojektet\/wp-content\/uploads\/sites\/51\/2020\/10\/IMG_0274-1536x1152.jpg 1536w, https:\/\/blogg.nykoping.se\/toleransprojektet\/wp-content\/uploads\/sites\/51\/2020\/10\/IMG_0274-2048x1536.jpg 2048w\" sizes=\"auto, (max-width: 1024px) 100vw, 1024px\" \/><\/figure>\n\n\n\n<p id=\"block-9a3a9560-a9a4-4ee5-bf04-a627b016f13d\">Nu v\u00e4ntar ett h\u00f6stlov innan det \u00e4r dags f\u00f6r den tredje tr\u00e4ffen, med ett nytt tema och en ny ber\u00e4ttelse. Det ser vi fram emot!<\/p>\n","protected":false},"excerpt":{"rendered":"<p>Vid v\u00e5r andra tr\u00e4ff var alla lite varmare i kl\u00e4derna och fj\u00e4rilarna i magen fladdrade inte lika mycket. Vi b\u00f6rjade med att titta tillbaka p\u00e5 f\u00f6rsta g\u00e5ngen med hj\u00e4lp av exempel ur allas skrivb\u00f6cker. Den f\u00f6rsta l\u00e4xan, med rubriken &#8221;Vad \u00e4r en m\u00e4nniska?&#8221;, l\u00e4mnades in och s\u00e5 h\u00e4r skriver n\u00e5gra av eleverna: Till skillnad fr\u00e5n &hellip; <a href=\"https:\/\/blogg.nykoping.se\/toleransprojektet\/2020\/10\/23\/andra-traffen-vem-ar-jag-5\/\" class=\"more-link\">Forts\u00e4tt l\u00e4sa <span class=\"screen-reader-text\">Andra tr\u00e4ffen: Vem \u00e4r jag?<\/span><\/a><\/p>\n","protected":false},"author":203,"featured_media":0,"comment_status":"open","ping_status":"open","sticky":false,"template":"","format":"standard","meta":{"footnotes":""},"categories":[1],"tags":[],"class_list":["post-3159","post","type-post","status-publish","format-standard","hentry","category-okategoriserade"],"_links":{"self":[{"href":"https:\/\/blogg.nykoping.se\/toleransprojektet\/wp-json\/wp\/v2\/posts\/3159","targetHints":{"allow":["GET"]}}],"collection":[{"href":"https:\/\/blogg.nykoping.se\/toleransprojektet\/wp-json\/wp\/v2\/posts"}],"about":[{"href":"https:\/\/blogg.nykoping.se\/toleransprojektet\/wp-json\/wp\/v2\/types\/post"}],"author":[{"embeddable":true,"href":"https:\/\/blogg.nykoping.se\/toleransprojektet\/wp-json\/wp\/v2\/users\/203"}],"replies":[{"embeddable":true,"href":"https:\/\/blogg.nykoping.se\/toleransprojektet\/wp-json\/wp\/v2\/comments?post=3159"}],"version-history":[{"count":10,"href":"https:\/\/blogg.nykoping.se\/toleransprojektet\/wp-json\/wp\/v2\/posts\/3159\/revisions"}],"predecessor-version":[{"id":3210,"href":"https:\/\/blogg.nykoping.se\/toleransprojektet\/wp-json\/wp\/v2\/posts\/3159\/revisions\/3210"}],"wp:attachment":[{"href":"https:\/\/blogg.nykoping.se\/toleransprojektet\/wp-json\/wp\/v2\/media?parent=3159"}],"wp:term":[{"taxonomy":"category","embeddable":true,"href":"https:\/\/blogg.nykoping.se\/toleransprojektet\/wp-json\/wp\/v2\/categories?post=3159"},{"taxonomy":"post_tag","embeddable":true,"href":"https:\/\/blogg.nykoping.se\/toleransprojektet\/wp-json\/wp\/v2\/tags?post=3159"}],"curies":[{"name":"wp","href":"https:\/\/api.w.org\/{rel}","templated":true}]}}