{"id":285,"date":"2017-03-08T18:57:08","date_gmt":"2017-03-08T17:57:08","guid":{"rendered":"http:\/\/blogg.nykoping.se\/toleransprojektet\/?p=285"},"modified":"2017-03-09T07:37:26","modified_gmt":"2017-03-09T06:37:26","slug":"nionde-traffen-infor-resan-till-polen","status":"publish","type":"post","link":"https:\/\/blogg.nykoping.se\/toleransprojektet\/2017\/03\/08\/nionde-traffen-infor-resan-till-polen\/","title":{"rendered":"Nionde tr\u00e4ffen: Inf\u00f6r resan till Polen"},"content":{"rendered":"<p><img loading=\"lazy\" decoding=\"async\" class=\"alignnone size-full wp-image-304\" src=\"http:\/\/blogg.nykoping.se\/toleransprojektet\/wp-content\/uploads\/sites\/51\/2017\/03\/f\u00f6rv\u00e4ntning-1-1.jpg\" alt=\"\" width=\"3024\" height=\"4032\" srcset=\"https:\/\/blogg.nykoping.se\/toleransprojektet\/wp-content\/uploads\/sites\/51\/2017\/03\/f\u00f6rv\u00e4ntning-1-1.jpg 3024w, https:\/\/blogg.nykoping.se\/toleransprojektet\/wp-content\/uploads\/sites\/51\/2017\/03\/f\u00f6rv\u00e4ntning-1-1-225x300.jpg 225w, https:\/\/blogg.nykoping.se\/toleransprojektet\/wp-content\/uploads\/sites\/51\/2017\/03\/f\u00f6rv\u00e4ntning-1-1-768x1024.jpg 768w\" sizes=\"auto, (max-width: 3024px) 100vw, 3024px\" \/><\/p>\n<p>Nu \u00e4r det \u00e4ntligen mars och snart dags f\u00f6r resorna till Polen. Grupp 1 g\u00f6r sin resa 15-22 mars och grupp 2 \u00e5ker 29 mars-5 april. Ni kommer sj\u00e4lvklart att kunna f\u00f6lja b\u00e5da dessa resor h\u00e4r p\u00e5 bloggen. Eleverna kommer att hj\u00e4lpa till med att skriva resedagbok.<\/p>\n<p>Det var f\u00f6rv\u00e4ntansfulla elever som kom till S\u00f6ra f\u00f6r den sista tr\u00e4ffen inf\u00f6r resan. Eftersom l\u00e4rare fr\u00e5n Nyk\u00f6pings h\u00f6gstadium och Fokusskolan kommer att f\u00f6lja med p\u00e5 resan &#8211; b\u00e5de i egenskap av extra vuxna och i fortbildningssyfte &#8211; var dessa med under v\u00e5r dag. Vi hade massor av viktiga f\u00f6rberedelser att g\u00e5 igenom.<\/p>\n<div id='gallery-1' class='gallery galleryid-285 gallery-columns-3 gallery-size-thumbnail'><figure class='gallery-item'>\n\t\t\t<div class='gallery-icon landscape'>\n\t\t\t\t<a href='https:\/\/blogg.nykoping.se\/toleransprojektet\/spegling\/'><img loading=\"lazy\" decoding=\"async\" width=\"150\" height=\"150\" src=\"https:\/\/blogg.nykoping.se\/toleransprojektet\/wp-content\/uploads\/sites\/51\/2017\/03\/spegling-150x150.jpg\" class=\"attachment-thumbnail size-thumbnail\" alt=\"\" \/><\/a>\n\t\t\t<\/div><\/figure><figure class='gallery-item'>\n\t\t\t<div class='gallery-icon landscape'>\n\t\t\t\t<a href='https:\/\/blogg.nykoping.se\/toleransprojektet\/mera-spegling\/'><img loading=\"lazy\" decoding=\"async\" width=\"150\" height=\"150\" src=\"https:\/\/blogg.nykoping.se\/toleransprojektet\/wp-content\/uploads\/sites\/51\/2017\/03\/mera-spegling-150x150.jpg\" class=\"attachment-thumbnail size-thumbnail\" alt=\"\" \/><\/a>\n\t\t\t<\/div><\/figure><figure class='gallery-item'>\n\t\t\t<div class='gallery-icon landscape'>\n\t\t\t\t<a href='https:\/\/blogg.nykoping.se\/toleransprojektet\/vi-lyssnar-pa-golvet\/'><img loading=\"lazy\" decoding=\"async\" width=\"150\" height=\"150\" src=\"https:\/\/blogg.nykoping.se\/toleransprojektet\/wp-content\/uploads\/sites\/51\/2017\/03\/vi-lyssnar-p\u00e5-golvet-150x150.jpg\" class=\"attachment-thumbnail size-thumbnail\" alt=\"\" \/><\/a>\n\t\t\t<\/div><\/figure>\n\t\t<\/div>\n\n<p>Dagen s\u00e5g lite annorlunda ut eftersom det var viktigt att eleverna fick med sig vissa grundl\u00e4ggande kunskaper f\u00f6r att resans inneh\u00e5ll ska kunna &#8221;landa&#8221; p\u00e5 ett bra s\u00e4tt. D\u00e4rf\u00f6r stod inte n\u00e5gon ber\u00e4ttelse i centrum utan ist\u00e4llet hade vi en lektion om judendomens grunder, symboler, begravningsritualer och vad man b\u00f6r veta om judiska begravningsplatser. Vi kommer att m\u00f6ta det judiska p\u00e5 olika platser i Polen och d\u00e4rf\u00f6r \u00e4r det viktigt att eleverna kan k\u00e4nna igen och f\u00f6rst\u00e5 det vi ser. Alla antecknade i sina b\u00f6cker f\u00f6r att kunna ta fram anteckningarna och repetera under resan.<\/p>\n<p><img loading=\"lazy\" decoding=\"async\" class=\"alignnone size-full wp-image-311\" src=\"http:\/\/blogg.nykoping.se\/toleransprojektet\/wp-content\/uploads\/sites\/51\/2017\/03\/tabata.jpg\" alt=\"\" width=\"4032\" height=\"3024\" srcset=\"https:\/\/blogg.nykoping.se\/toleransprojektet\/wp-content\/uploads\/sites\/51\/2017\/03\/tabata.jpg 4032w, https:\/\/blogg.nykoping.se\/toleransprojektet\/wp-content\/uploads\/sites\/51\/2017\/03\/tabata-300x225.jpg 300w, https:\/\/blogg.nykoping.se\/toleransprojektet\/wp-content\/uploads\/sites\/51\/2017\/03\/tabata-768x576.jpg 768w, https:\/\/blogg.nykoping.se\/toleransprojektet\/wp-content\/uploads\/sites\/51\/2017\/03\/tabata-1024x768.jpg 1024w\" sizes=\"auto, (max-width: 4032px) 100vw, 4032px\" \/><\/p>\n<p>Efter att vi &#8221;skakat loss&#8221; i en omg\u00e5ng Tabata fortsatte vi med en genomg\u00e5ng i historiska fakta kring antisemitismen, F\u00f6rintelsens viktigaste \u00e5rtal, Generalguvernementet (den del av det ockuperade Polen som nazisterna gjorde till &#8221;avstj\u00e4lpningsplats&#8221; f\u00f6r judarna och d\u00e4r d\u00f6dsl\u00e4gren Treblinka, Sobibor och Belzec byggdes f\u00f6r att m\u00f6rda Polens judar) och folkmordet p\u00e5 romer under F\u00f6rintelsen. Vi kommer bland annat att bes\u00f6ka f\u00f6rintelsel\u00e4gret Belzec (d\u00e4r 500 000 judar m\u00f6rdades, tv\u00e5 \u00f6verlevde) och Auschwitz Birkenau (som hade en s\u00e4rskild avdelning f\u00f6r romer och d\u00e4r ca 21 000 romer m\u00f6rdades).<\/p>\n<p>Dagens burkuppgift blev att skriva f\u00f6rv\u00e4ntningar inf\u00f6r resan och vi fortsatte p\u00e5 samma tema i dagens samarbetslunch och gruppuppgift. Alla, b\u00e5de elever och ledare, skrev och ber\u00e4ttade om sina f\u00f6rv\u00e4ntningar inf\u00f6r Polenresan.\u00a0Eleverna fick ocks\u00e5 fundera \u00f6ver viktiga saker att t\u00e4nka p\u00e5 f\u00f6r att alla i gruppen ska trivas och m\u00e5 bra tillsammans under resan. &#8221;Vi m\u00e5ste respektera varandra och se till att ingen hamnar utanf\u00f6r&#8221; och &#8221;Vi ska t\u00e4nka p\u00e5 hur viktigt det \u00e4r att sova ordentligt&#8221;, var n\u00e5gra av de kloka f\u00f6rslag de kom fram till.<\/p>\n<div id='gallery-2' class='gallery galleryid-285 gallery-columns-3 gallery-size-thumbnail'><figure class='gallery-item'>\n\t\t\t<div class='gallery-icon landscape'>\n\t\t\t\t<a href='https:\/\/blogg.nykoping.se\/toleransprojektet\/grupperna-diskuterar\/'><img loading=\"lazy\" decoding=\"async\" width=\"150\" height=\"150\" src=\"https:\/\/blogg.nykoping.se\/toleransprojektet\/wp-content\/uploads\/sites\/51\/2017\/03\/grupperna-diskuterar-150x150.jpg\" class=\"attachment-thumbnail size-thumbnail\" alt=\"\" \/><\/a>\n\t\t\t<\/div><\/figure><figure class='gallery-item'>\n\t\t\t<div class='gallery-icon landscape'>\n\t\t\t\t<a href='https:\/\/blogg.nykoping.se\/toleransprojektet\/forvantning-1\/'><img loading=\"lazy\" decoding=\"async\" width=\"150\" height=\"150\" src=\"https:\/\/blogg.nykoping.se\/toleransprojektet\/wp-content\/uploads\/sites\/51\/2017\/03\/f\u00f6rv\u00e4ntning-1-150x150.jpg\" class=\"attachment-thumbnail size-thumbnail\" alt=\"\" \/><\/a>\n\t\t\t<\/div><\/figure><figure class='gallery-item'>\n\t\t\t<div class='gallery-icon landscape'>\n\t\t\t\t<a href='https:\/\/blogg.nykoping.se\/toleransprojektet\/forvantningsovning\/'><img loading=\"lazy\" decoding=\"async\" width=\"150\" height=\"150\" src=\"https:\/\/blogg.nykoping.se\/toleransprojektet\/wp-content\/uploads\/sites\/51\/2017\/03\/f\u00f6rv\u00e4ntnings\u00f6vning-150x150.jpg\" class=\"attachment-thumbnail size-thumbnail\" alt=\"\" \/><\/a>\n\t\t\t<\/div><\/figure>\n\t\t<\/div>\n\n<div id='gallery-3' class='gallery galleryid-285 gallery-columns-3 gallery-size-thumbnail'><figure class='gallery-item'>\n\t\t\t<div class='gallery-icon landscape'>\n\t\t\t\t<a href='https:\/\/blogg.nykoping.se\/toleransprojektet\/mera-forvantningar-redovisas\/'><img loading=\"lazy\" decoding=\"async\" width=\"150\" height=\"150\" src=\"https:\/\/blogg.nykoping.se\/toleransprojektet\/wp-content\/uploads\/sites\/51\/2017\/03\/mera-f\u00f6rv\u00e4ntningar-redovisas-150x150.jpg\" class=\"attachment-thumbnail size-thumbnail\" alt=\"\" \/><\/a>\n\t\t\t<\/div><\/figure><figure class='gallery-item'>\n\t\t\t<div class='gallery-icon landscape'>\n\t\t\t\t<a href='https:\/\/blogg.nykoping.se\/toleransprojektet\/lararnas-forvantningar\/'><img loading=\"lazy\" decoding=\"async\" width=\"150\" height=\"150\" src=\"https:\/\/blogg.nykoping.se\/toleransprojektet\/wp-content\/uploads\/sites\/51\/2017\/03\/l\u00e4rarnas-f\u00f6rv\u00e4ntningar-150x150.jpg\" class=\"attachment-thumbnail size-thumbnail\" alt=\"\" \/><\/a>\n\t\t\t<\/div><\/figure><figure class='gallery-item'>\n\t\t\t<div class='gallery-icon landscape'>\n\t\t\t\t<a href='https:\/\/blogg.nykoping.se\/toleransprojektet\/2017\/03\/08\/nionde-traffen-infor-resan-till-polen\/redovisning\/'><img loading=\"lazy\" decoding=\"async\" width=\"150\" height=\"150\" src=\"https:\/\/blogg.nykoping.se\/toleransprojektet\/wp-content\/uploads\/sites\/51\/2017\/03\/redovisning-150x150.jpg\" class=\"attachment-thumbnail size-thumbnail\" alt=\"\" \/><\/a>\n\t\t\t<\/div><\/figure>\n\t\t<\/div>\n\n<p>Reflektionsskrivandet i skrivb\u00f6ckerna kom ocks\u00e5 att handla om tankar och f\u00f6rv\u00e4ntningar inf\u00f6r resan. S\u00e5 h\u00e4r skrev n\u00e5gra:<\/p>\n<p>&#8221;Jag hoppas och tror att den h\u00e4r resan kommer att bli den b\u00e4sta i mitt liv. L\u00e4ngtan efter resan \u00e4r enorm.&#8221;<\/p>\n<p>&#8221;Det ska bli sp\u00e4nnande att bes\u00f6ka platser som vi har jobbat med och vi vet historierna bakom varje plats. &#8221;<\/p>\n<p>&#8221;Jag \u00e4r s\u00e5 f\u00f6rv\u00e4ntansfull inf\u00f6r resan och kunna \u00e5ka med den h\u00e4r gruppen av fantastiska personer. Under alla de h\u00e4r TP-dagarna har jag haft s\u00e5 kul med massor av personerna omkring mig. Det k\u00e4nns som om jag kommer att bli v\u00e4n med dem \u00e4ven efter att Toleransprojektet \u00e4r avslutat.&#8221;<\/p>\n<p>&#8221;Det enda som oroar mig \u00e4r hur jag kommer att reagera eller inte reagera. Det k\u00e4nns som att jag kommer att v\u00e4lja att inte greppa vissa saker (inte t\u00e4nka igenom) eftersom det kan bli s\u00e5 kraftfullt just d\u00e5.&#8221;<\/p>\n<p>&#8221;Jag hoppas att jag kommer att f\u00f6r\u00e4ndras som person och respektera livet mer. Det h\u00e4r \u00e4r ett stort steg i mitt liv och jag hoppas att jag kan v\u00e4xa som m\u00e4nniska.&#8221;<\/p>\n<p><img loading=\"lazy\" decoding=\"async\" class=\"alignnone size-full wp-image-297\" src=\"http:\/\/blogg.nykoping.se\/toleransprojektet\/wp-content\/uploads\/sites\/51\/2017\/03\/reflektionsskrivande.jpg\" alt=\"\" width=\"4032\" height=\"3024\" srcset=\"https:\/\/blogg.nykoping.se\/toleransprojektet\/wp-content\/uploads\/sites\/51\/2017\/03\/reflektionsskrivande.jpg 4032w, https:\/\/blogg.nykoping.se\/toleransprojektet\/wp-content\/uploads\/sites\/51\/2017\/03\/reflektionsskrivande-300x225.jpg 300w, https:\/\/blogg.nykoping.se\/toleransprojektet\/wp-content\/uploads\/sites\/51\/2017\/03\/reflektionsskrivande-768x576.jpg 768w, https:\/\/blogg.nykoping.se\/toleransprojektet\/wp-content\/uploads\/sites\/51\/2017\/03\/reflektionsskrivande-1024x768.jpg 1024w\" sizes=\"auto, (max-width: 4032px) 100vw, 4032px\" \/><\/p>\n<p>N\u00e4r alla skrivit klart kom en liten \u00f6verraskning. Alla elever fick varsitt svartvitt fotografi p\u00e5 barn i olika \u00e5ldrar, i olika sammanhang, mitt i livet. Alla dessa barn m\u00f6rdades under F\u00f6rintelsen och p\u00e5 en alldeles speciell plats i Polen kommer eleverna att &#8221;tr\u00e4ffa&#8221; sitt barn. Eleverna klistrade in &#8221;sitt barn&#8221; i anteckningsboken och varje dag kommer alla att f\u00e5 en uppgift kopplad till detta barn.<\/p>\n<div id='gallery-4' class='gallery galleryid-285 gallery-columns-3 gallery-size-thumbnail'><figure class='gallery-item'>\n\t\t\t<div class='gallery-icon landscape'>\n\t\t\t\t<a href='https:\/\/blogg.nykoping.se\/toleransprojektet\/mitt-barn\/'><img loading=\"lazy\" decoding=\"async\" width=\"150\" height=\"150\" src=\"https:\/\/blogg.nykoping.se\/toleransprojektet\/wp-content\/uploads\/sites\/51\/2017\/03\/mitt-barn-150x150.jpg\" class=\"attachment-thumbnail size-thumbnail\" alt=\"\" \/><\/a>\n\t\t\t<\/div><\/figure><figure class='gallery-item'>\n\t\t\t<div class='gallery-icon landscape'>\n\t\t\t\t<a href='https:\/\/blogg.nykoping.se\/toleransprojektet\/lararna-redovisar\/'><img loading=\"lazy\" decoding=\"async\" width=\"150\" height=\"150\" src=\"https:\/\/blogg.nykoping.se\/toleransprojektet\/wp-content\/uploads\/sites\/51\/2017\/03\/l\u00e4rarna-redovisar-150x150.jpg\" class=\"attachment-thumbnail size-thumbnail\" alt=\"\" \/><\/a>\n\t\t\t<\/div><\/figure><figure class='gallery-item'>\n\t\t\t<div class='gallery-icon landscape'>\n\t\t\t\t<a href='https:\/\/blogg.nykoping.se\/toleransprojektet\/vara-barn\/'><img loading=\"lazy\" decoding=\"async\" width=\"150\" height=\"150\" src=\"https:\/\/blogg.nykoping.se\/toleransprojektet\/wp-content\/uploads\/sites\/51\/2017\/03\/v\u00e5ra-barn-150x150.jpg\" class=\"attachment-thumbnail size-thumbnail\" alt=\"\" \/><\/a>\n\t\t\t<\/div><\/figure>\n\t\t<\/div>\n\n<p>Vi avslutade dagen med packlista, resplan och annan viktig information innan det var dags att samlas f\u00f6r ordfl\u00e4ta (alla s\u00e4ger n\u00e5got de b\u00e4r med sig fr\u00e5n dagen) och gruppfoto. N\u00e4sta g\u00e5ng vi ses st\u00e5r vi redo med v\u00e5ra resv\u00e4skor f\u00f6r en vecka tillsammans i Polen!<\/p>\n<p><img loading=\"lazy\" decoding=\"async\" class=\"alignnone size-full wp-image-292\" src=\"http:\/\/blogg.nykoping.se\/toleransprojektet\/wp-content\/uploads\/sites\/51\/2017\/03\/gruppfoto.jpg\" alt=\"\" width=\"4032\" height=\"3024\" srcset=\"https:\/\/blogg.nykoping.se\/toleransprojektet\/wp-content\/uploads\/sites\/51\/2017\/03\/gruppfoto.jpg 4032w, https:\/\/blogg.nykoping.se\/toleransprojektet\/wp-content\/uploads\/sites\/51\/2017\/03\/gruppfoto-300x225.jpg 300w, https:\/\/blogg.nykoping.se\/toleransprojektet\/wp-content\/uploads\/sites\/51\/2017\/03\/gruppfoto-768x576.jpg 768w, https:\/\/blogg.nykoping.se\/toleransprojektet\/wp-content\/uploads\/sites\/51\/2017\/03\/gruppfoto-1024x768.jpg 1024w\" sizes=\"auto, (max-width: 4032px) 100vw, 4032px\" \/><\/p>\n<p><img loading=\"lazy\" decoding=\"async\" class=\"alignnone size-full wp-image-307\" src=\"http:\/\/blogg.nykoping.se\/toleransprojektet\/wp-content\/uploads\/sites\/51\/2017\/03\/gruppfoto-1.jpg\" alt=\"\" width=\"4032\" height=\"3024\" srcset=\"https:\/\/blogg.nykoping.se\/toleransprojektet\/wp-content\/uploads\/sites\/51\/2017\/03\/gruppfoto-1.jpg 4032w, https:\/\/blogg.nykoping.se\/toleransprojektet\/wp-content\/uploads\/sites\/51\/2017\/03\/gruppfoto-1-300x225.jpg 300w, https:\/\/blogg.nykoping.se\/toleransprojektet\/wp-content\/uploads\/sites\/51\/2017\/03\/gruppfoto-1-768x576.jpg 768w, https:\/\/blogg.nykoping.se\/toleransprojektet\/wp-content\/uploads\/sites\/51\/2017\/03\/gruppfoto-1-1024x768.jpg 1024w\" sizes=\"auto, (max-width: 4032px) 100vw, 4032px\" \/><\/p>\n","protected":false},"excerpt":{"rendered":"<p>Nu \u00e4r det \u00e4ntligen mars och snart dags f\u00f6r resorna till Polen. Grupp 1 g\u00f6r sin resa 15-22 mars och grupp 2 \u00e5ker 29 mars-5 april. Ni kommer sj\u00e4lvklart att kunna f\u00f6lja b\u00e5da dessa resor h\u00e4r p\u00e5 bloggen. Eleverna kommer att hj\u00e4lpa till med att skriva resedagbok. Det var f\u00f6rv\u00e4ntansfulla elever som kom till S\u00f6ra &hellip; <a href=\"https:\/\/blogg.nykoping.se\/toleransprojektet\/2017\/03\/08\/nionde-traffen-infor-resan-till-polen\/\" class=\"more-link\">Forts\u00e4tt l\u00e4sa <span class=\"screen-reader-text\">Nionde tr\u00e4ffen: Inf\u00f6r resan till Polen<\/span><\/a><\/p>\n","protected":false},"author":203,"featured_media":0,"comment_status":"open","ping_status":"open","sticky":false,"template":"","format":"standard","meta":{"footnotes":""},"categories":[1],"tags":[],"class_list":["post-285","post","type-post","status-publish","format-standard","hentry","category-okategoriserade"],"_links":{"self":[{"href":"https:\/\/blogg.nykoping.se\/toleransprojektet\/wp-json\/wp\/v2\/posts\/285","targetHints":{"allow":["GET"]}}],"collection":[{"href":"https:\/\/blogg.nykoping.se\/toleransprojektet\/wp-json\/wp\/v2\/posts"}],"about":[{"href":"https:\/\/blogg.nykoping.se\/toleransprojektet\/wp-json\/wp\/v2\/types\/post"}],"author":[{"embeddable":true,"href":"https:\/\/blogg.nykoping.se\/toleransprojektet\/wp-json\/wp\/v2\/users\/203"}],"replies":[{"embeddable":true,"href":"https:\/\/blogg.nykoping.se\/toleransprojektet\/wp-json\/wp\/v2\/comments?post=285"}],"version-history":[{"count":9,"href":"https:\/\/blogg.nykoping.se\/toleransprojektet\/wp-json\/wp\/v2\/posts\/285\/revisions"}],"predecessor-version":[{"id":320,"href":"https:\/\/blogg.nykoping.se\/toleransprojektet\/wp-json\/wp\/v2\/posts\/285\/revisions\/320"}],"wp:attachment":[{"href":"https:\/\/blogg.nykoping.se\/toleransprojektet\/wp-json\/wp\/v2\/media?parent=285"}],"wp:term":[{"taxonomy":"category","embeddable":true,"href":"https:\/\/blogg.nykoping.se\/toleransprojektet\/wp-json\/wp\/v2\/categories?post=285"},{"taxonomy":"post_tag","embeddable":true,"href":"https:\/\/blogg.nykoping.se\/toleransprojektet\/wp-json\/wp\/v2\/tags?post=285"}],"curies":[{"name":"wp","href":"https:\/\/api.w.org\/{rel}","templated":true}]}}