{"id":171,"date":"2017-01-19T09:12:31","date_gmt":"2017-01-19T08:12:31","guid":{"rendered":"http:\/\/blogg.nykoping.se\/toleransprojektet\/?p=171"},"modified":"2017-01-19T09:18:24","modified_gmt":"2017-01-19T08:18:24","slug":"femte-traffen-hat","status":"publish","type":"post","link":"https:\/\/blogg.nykoping.se\/toleransprojektet\/2017\/01\/19\/femte-traffen-hat\/","title":{"rendered":"Sj\u00e4tte tr\u00e4ffen: Hat"},"content":{"rendered":"<p><img loading=\"lazy\" decoding=\"async\" class=\"alignnone size-full wp-image-183\" src=\"http:\/\/blogg.nykoping.se\/toleransprojektet\/wp-content\/uploads\/sites\/51\/2017\/01\/Gertifotot.jpg\" alt=\"\" width=\"640\" height=\"356\" srcset=\"https:\/\/blogg.nykoping.se\/toleransprojektet\/wp-content\/uploads\/sites\/51\/2017\/01\/Gertifotot.jpg 640w, https:\/\/blogg.nykoping.se\/toleransprojektet\/wp-content\/uploads\/sites\/51\/2017\/01\/Gertifotot-300x167.jpg 300w\" sizes=\"auto, (max-width: 640px) 100vw, 640px\" \/><\/p>\n<p>Det var v\u00e4ldigt roligt att \u00e4ntligen f\u00e5 tr\u00e4ffas igen efter ett l\u00e5ngt juluppeh\u00e5ll. Vi har nu n\u00e5gra intensiva tr\u00e4ffar framf\u00f6r oss innan vi i mars reser till Polen. Dagen inleddes med att f\u00f6lja upp den senaste l\u00e4xan och temat &#8211; om k\u00e4rlek. S\u00e5 h\u00e4r s\u00e5g n\u00e5gra av guldkornen ur elevtexterna ut:<\/p>\n<p>&#8221;K\u00e4rlek kan vara att g\u00e5 ut med soporna \u00a0eller s\u00e4ga hej till n\u00e5gon.&#8221;<br \/>\n&#8221;K\u00e4rlek f\u00e5r mig att st\u00e5 upp f\u00f6r andra vid olika situationer.&#8221;<br \/>\n&#8221;Om en person inte f\u00e5r k\u00e4rlek blir den os\u00e4ker p\u00e5 sig sj\u00e4lv.&#8221;<br \/>\n&#8221;K\u00e4rlek \u00e4r att gilla n\u00e5gon f\u00f6r vem den \u00e4r.&#8221;<br \/>\n&#8221;K\u00e4rlek \u00e4r ett av de starkaste vapen som finns f\u00f6r den har s\u00e5 mycket makt, den kostar inget och den tar aldrig slut.&#8221;<br \/>\n&#8221;Alla m\u00e4nniskor har k\u00e4rlek i sig.&#8221;<\/p>\n<p>Temat f\u00f6r v\u00e5r sj\u00e4tte tr\u00e4ff var: HAT. Vad h\u00e4nder i oss n\u00e4r vi ser p\u00e5 v\u00e4rlden med v\u00e5r hatblick, n\u00e4r de m\u00f6rkaste sidorna inom oss p\u00e5verkar hur vi t\u00e4nker och k\u00e4nner inf\u00f6r andra m\u00e4nniskor? F\u00f6r att f\u00e5 ig\u00e5ng dessa tankar lyssnade vi till ber\u00e4ttelsen om ett v\u00e4lk\u00e4nt fotografi. P\u00e5 fotografiet ser man en grupp ungerska judar som den 27 maj 1944 anl\u00e4nde med en t\u00e5gtransport till koncentrationsl\u00e4gret Auschwitz Birkenau. Varf\u00f6r har de kommit dit? Hur ser vi att de \u00e4r judar? Vilka personer f\u00e5ngar s\u00e4rskilt din blick?<\/p>\n<p>F\u00f6r dessa m\u00e4nniskor, lilla Gerti, hennes syster, mamma, kusiner, farmor och de andra sl\u00e4ktingarna och grannarna, blev F\u00f6rintelsen bokstavlig. Deras identiteter reducerades till en enda sak &#8211; de var judar och judar skulle m\u00f6rdas. 24 timmar efter att fotot togs var de inte bara m\u00f6rdade utan f\u00f6rintade. Hur ska vi f\u00f6rst\u00e5 detta? Vad h\u00e4nder n\u00e4r vi kategoriserar varandra och best\u00e4mmer vilka delar av en m\u00e4nniskas identitet som \u00e4r fel eller r\u00e4tt?<\/p>\n<div id='gallery-1' class='gallery galleryid-171 gallery-columns-3 gallery-size-thumbnail'><figure class='gallery-item'>\n\t\t\t<div class='gallery-icon landscape'>\n\t\t\t\t<a href='https:\/\/blogg.nykoping.se\/toleransprojektet\/gerti-och-de-ungerska-judarna\/'><img loading=\"lazy\" decoding=\"async\" width=\"150\" height=\"150\" src=\"https:\/\/blogg.nykoping.se\/toleransprojektet\/wp-content\/uploads\/sites\/51\/2017\/01\/Gerti-och-de-ungerska-judarna-150x150.jpg\" class=\"attachment-thumbnail size-thumbnail\" alt=\"\" \/><\/a>\n\t\t\t<\/div><\/figure><figure class='gallery-item'>\n\t\t\t<div class='gallery-icon landscape'>\n\t\t\t\t<a href='https:\/\/blogg.nykoping.se\/toleransprojektet\/diskussionsgrupper\/'><img loading=\"lazy\" decoding=\"async\" width=\"150\" height=\"150\" src=\"https:\/\/blogg.nykoping.se\/toleransprojektet\/wp-content\/uploads\/sites\/51\/2017\/01\/diskussionsgrupper-150x150.jpg\" class=\"attachment-thumbnail size-thumbnail\" alt=\"\" \/><\/a>\n\t\t\t<\/div><\/figure><figure class='gallery-item'>\n\t\t\t<div class='gallery-icon landscape'>\n\t\t\t\t<a href='https:\/\/blogg.nykoping.se\/toleransprojektet\/diskussionsgrupperna-arbetar\/'><img loading=\"lazy\" decoding=\"async\" width=\"150\" height=\"150\" src=\"https:\/\/blogg.nykoping.se\/toleransprojektet\/wp-content\/uploads\/sites\/51\/2017\/01\/Diskussionsgrupperna-arbetar-150x150.jpg\" class=\"attachment-thumbnail size-thumbnail\" alt=\"\" \/><\/a>\n\t\t\t<\/div><\/figure>\n\t\t<\/div>\n\n<p>Detta ledde oss in p\u00e5 dagens l\u00e5nga och utmanande progressiva v\u00e4rderings\u00f6vning. Steg f\u00f6r steg tog sig eleverna igenom fr\u00e5gor som alla handlade om exempelvis begrepp som identitet, etnicitet, religion och sexuell l\u00e4ggning. Vad kan man v\u00e4lja och inte v\u00e4lja i sin identitet? G\u00e5r det att vara 100% eritreansk och 100 % svensk? M\u00e5let var att alla i diskussionsgruppen skulle yttra sig och att gruppen skulle vara \u00f6verens om sina svar. F\u00f6r varje steg knuffades nya och lite provocerande tankar in f\u00f6r att grupperna skulle komma vidare och pr\u00f6va sig fram bland alla sv\u00e5ra och komplexa begrepp. Eleverna tyckte att fr\u00e5gorna var jobbiga och f\u00f6rvirrande men sp\u00e4nnande. Vi pausade diskussionerna med lite v\u00e4lbeh\u00f6vliga kropps\u00f6vningar i en danceoki, dans till musikvideos.<\/p>\n<div id='gallery-2' class='gallery galleryid-171 gallery-columns-3 gallery-size-thumbnail'><figure class='gallery-item'>\n\t\t\t<div class='gallery-icon landscape'>\n\t\t\t\t<a href='https:\/\/blogg.nykoping.se\/toleransprojektet\/danceoke\/'><img loading=\"lazy\" decoding=\"async\" width=\"150\" height=\"150\" src=\"https:\/\/blogg.nykoping.se\/toleransprojektet\/wp-content\/uploads\/sites\/51\/2017\/01\/danceoke-150x150.jpg\" class=\"attachment-thumbnail size-thumbnail\" alt=\"\" \/><\/a>\n\t\t\t<\/div><\/figure><figure class='gallery-item'>\n\t\t\t<div class='gallery-icon landscape'>\n\t\t\t\t<a href='https:\/\/blogg.nykoping.se\/toleransprojektet\/diskussionsovning-pagar\/'><img loading=\"lazy\" decoding=\"async\" width=\"150\" height=\"150\" src=\"https:\/\/blogg.nykoping.se\/toleransprojektet\/wp-content\/uploads\/sites\/51\/2017\/01\/Diskussions\u00f6vning-p\u00e5g\u00e5r-150x150.jpg\" class=\"attachment-thumbnail size-thumbnail\" alt=\"\" \/><\/a>\n\t\t\t<\/div><\/figure><figure class='gallery-item'>\n\t\t\t<div class='gallery-icon landscape'>\n\t\t\t\t<a href='https:\/\/blogg.nykoping.se\/toleransprojektet\/i-myshornan-med-putte\/'><img loading=\"lazy\" decoding=\"async\" width=\"150\" height=\"150\" src=\"https:\/\/blogg.nykoping.se\/toleransprojektet\/wp-content\/uploads\/sites\/51\/2017\/01\/I-mysh\u00f6rnan-med-Putte-150x150.jpg\" class=\"attachment-thumbnail size-thumbnail\" alt=\"\" \/><\/a>\n\t\t\t<\/div><\/figure>\n\t\t<\/div>\n\n<p>Hur det kan k\u00e4nnas att bli bed\u00f6md och misst\u00e4nkliggjord p\u00e5 grund av hur man ser ut, ens bakgrund och namn fick Jonas Hassen Khemiris text &#8221;Jag ringer mina br\u00f6der&#8221; beskriva. Efter h\u00f6gl\u00e4sningen samtalade eleverna om n\u00e4r \u00a0de sj\u00e4lva t\u00e4nker p\u00e5 och bed\u00f6mer andra negativt och hur texten h\u00e4ngde ihop med v\u00e4rderings\u00f6vningens diskussioner.<\/p>\n<p><img loading=\"lazy\" decoding=\"async\" class=\"alignnone size-full wp-image-190\" src=\"http:\/\/blogg.nykoping.se\/toleransprojektet\/wp-content\/uploads\/sites\/51\/2017\/01\/Jag-ringer-mina-br\u00f6der.jpg\" alt=\"\" width=\"4032\" height=\"3024\" srcset=\"https:\/\/blogg.nykoping.se\/toleransprojektet\/wp-content\/uploads\/sites\/51\/2017\/01\/Jag-ringer-mina-br\u00f6der.jpg 4032w, https:\/\/blogg.nykoping.se\/toleransprojektet\/wp-content\/uploads\/sites\/51\/2017\/01\/Jag-ringer-mina-br\u00f6der-300x225.jpg 300w, https:\/\/blogg.nykoping.se\/toleransprojektet\/wp-content\/uploads\/sites\/51\/2017\/01\/Jag-ringer-mina-br\u00f6der-768x576.jpg 768w, https:\/\/blogg.nykoping.se\/toleransprojektet\/wp-content\/uploads\/sites\/51\/2017\/01\/Jag-ringer-mina-br\u00f6der-1024x768.jpg 1024w\" sizes=\"auto, (max-width: 4032px) 100vw, 4032px\" \/><\/p>\n<p>Som sammanfattning av dagens tema och inneh\u00e5ll skrev eleverna reflektioner i sina anteckningsb\u00f6cker under rubriken. &#8221;Mina tankar efter dagen med temat hat&#8221;. S\u00e5 h\u00e4r formulerade sig n\u00e5gra av dem:<\/p>\n<p>&#8221;Jag tyckte dagens lektion var en av de viktigaste vi haft f\u00f6r vi gick igenom k\u00e4nsliga omr\u00e5den, till exempel att om man \u00e4r annorlunda \u00e4r man farlig eller skum, att om man \u00e4r utl\u00e4nning \u00e4r man automatiskt en tjuv eller terrorist. Men det funkar ju inte s\u00e5. Kan man inte bara acceptera att alla \u00e4r annorlunda!&#8221;<\/p>\n<p>&#8221;N\u00e4r jag \u00e5ker h\u00e4rifr\u00e5n h\u00e4r idag kommer jag att komma ih\u00e5g alla de diskussioner vi hade i v\u00e5r grupp. Inte bara dem som vi hade om identitet, etniska grupper och ursprung, sexuell l\u00e4ggning och f\u00f6rdomar. Jag kommer \u00e4ven att komma ih\u00e5g v\u00e5ra fina samtal om allt ifr\u00e5n kaffe och hj\u00e4rtsjukdomar till Ikeas k\u00f6ttbullar. Jag kommer \u00e4ven att b\u00e4ra med mig de saker vi pratade om f\u00f6r det kan vara viktiga saker att kunna i vissa sammanhang.&#8221;<\/p>\n<p>&#8221;Jag kommer att komma ih\u00e5g bilden p\u00e5 den fem\u00e5riga flickan som aldrig fick leva. Hur kan man ha s\u00e5 mycket hat f\u00f6r en folkgrupp? Hur kan man ha s\u00e5 mycket hat mot en liten flicka?&#8221;<\/p>\n<p>&#8221;Idag har jag l\u00e4rt mig om hur sv\u00e5rt det \u00e4r att diskutera om vissa saker. Till exempel om man kan byta identitet utan vidare eller byta religion bara s\u00e5 d\u00e4r.&#8221;<\/p>\n<p>&#8221;Fr\u00e5gorna fick en verkligen att t\u00e4nka \u00f6ver en sak som man inte riktigt t\u00e4nkt \u00f6ver. Som till exempel det d\u00e4r om jag \u00e4r svensk eller eritrean. Jag hade aldrig t\u00e4nkt \u00f6ver det men det fick mig att inse att jag kan vara b\u00e5de och. Tanken gjorde mig glad.&#8221;<\/p>\n<div id='gallery-3' class='gallery galleryid-171 gallery-columns-3 gallery-size-thumbnail'><figure class='gallery-item'>\n\t\t\t<div class='gallery-icon landscape'>\n\t\t\t\t<a href='https:\/\/blogg.nykoping.se\/toleransprojektet\/over-pirayahavet\/'><img loading=\"lazy\" decoding=\"async\" width=\"150\" height=\"150\" src=\"https:\/\/blogg.nykoping.se\/toleransprojektet\/wp-content\/uploads\/sites\/51\/2017\/01\/\u00d6ver-pirayahavet-150x150.jpg\" class=\"attachment-thumbnail size-thumbnail\" alt=\"\" \/><\/a>\n\t\t\t<\/div><\/figure><figure class='gallery-item'>\n\t\t\t<div class='gallery-icon landscape'>\n\t\t\t\t<a href='https:\/\/blogg.nykoping.se\/toleransprojektet\/2017\/01\/19\/femte-traffen-hat\/reflektioner-efter-samarbete\/'><img loading=\"lazy\" decoding=\"async\" width=\"150\" height=\"150\" src=\"https:\/\/blogg.nykoping.se\/toleransprojektet\/wp-content\/uploads\/sites\/51\/2017\/01\/Reflektioner-efter-samarbete-150x150.jpg\" class=\"attachment-thumbnail size-thumbnail\" alt=\"\" \/><\/a>\n\t\t\t<\/div><\/figure><figure class='gallery-item'>\n\t\t\t<div class='gallery-icon landscape'>\n\t\t\t\t<a href='https:\/\/blogg.nykoping.se\/toleransprojektet\/2017\/01\/19\/femte-traffen-hat\/informationsstund-pa-golvet\/'><img loading=\"lazy\" decoding=\"async\" width=\"150\" height=\"150\" src=\"https:\/\/blogg.nykoping.se\/toleransprojektet\/wp-content\/uploads\/sites\/51\/2017\/01\/informationsstund-p\u00e5-golvet-150x150.jpg\" class=\"attachment-thumbnail size-thumbnail\" alt=\"\" \/><\/a>\n\t\t\t<\/div><\/figure>\n\t\t<\/div>\n\n<p>F\u00f6re l\u00e4xl\u00e4sningen f\u00f6rvandlade vi golvet till ett pirayahav som det kr\u00e4vdes samarbete och flytstenar f\u00f6r att ta sig \u00f6ver. Minsta felkliv resulterade i att stenar f\u00f6rsvann och att sv\u00e5righetsgraden \u00f6kade, men grupperna klarade det bra och efter\u00e5t fick de fundera kring hur samarbetet gick och vilka olika roller som uppstod i gruppen.<\/p>\n<p>Samarbets\u00f6vningar kommer vi att \u00e4gna mycket tid till n\u00e4r vi i februari kommer att ha en \u00f6vernattning i scoutg\u00e5rden p\u00e5 S\u00f6ra. Det blir en bra och trevlig \u00f6vning inf\u00f6r Polenresan.<\/p>\n<p><img loading=\"lazy\" decoding=\"async\" class=\"alignnone size-full wp-image-191\" src=\"http:\/\/blogg.nykoping.se\/toleransprojektet\/wp-content\/uploads\/sites\/51\/2017\/01\/samarbete-pirayahavet.jpg\" alt=\"\" width=\"4032\" height=\"3024\" srcset=\"https:\/\/blogg.nykoping.se\/toleransprojektet\/wp-content\/uploads\/sites\/51\/2017\/01\/samarbete-pirayahavet.jpg 4032w, https:\/\/blogg.nykoping.se\/toleransprojektet\/wp-content\/uploads\/sites\/51\/2017\/01\/samarbete-pirayahavet-300x225.jpg 300w, https:\/\/blogg.nykoping.se\/toleransprojektet\/wp-content\/uploads\/sites\/51\/2017\/01\/samarbete-pirayahavet-768x576.jpg 768w, https:\/\/blogg.nykoping.se\/toleransprojektet\/wp-content\/uploads\/sites\/51\/2017\/01\/samarbete-pirayahavet-1024x768.jpg 1024w\" sizes=\"auto, (max-width: 4032px) 100vw, 4032px\" \/><\/p>\n<p>&nbsp;<\/p>\n","protected":false},"excerpt":{"rendered":"<p>Det var v\u00e4ldigt roligt att \u00e4ntligen f\u00e5 tr\u00e4ffas igen efter ett l\u00e5ngt juluppeh\u00e5ll. Vi har nu n\u00e5gra intensiva tr\u00e4ffar framf\u00f6r oss innan vi i mars reser till Polen. Dagen inleddes med att f\u00f6lja upp den senaste l\u00e4xan och temat &#8211; om k\u00e4rlek. S\u00e5 h\u00e4r s\u00e5g n\u00e5gra av guldkornen ur elevtexterna ut: &#8221;K\u00e4rlek kan vara att &hellip; <a href=\"https:\/\/blogg.nykoping.se\/toleransprojektet\/2017\/01\/19\/femte-traffen-hat\/\" class=\"more-link\">Forts\u00e4tt l\u00e4sa <span class=\"screen-reader-text\">Sj\u00e4tte tr\u00e4ffen: Hat<\/span><\/a><\/p>\n","protected":false},"author":203,"featured_media":0,"comment_status":"open","ping_status":"open","sticky":false,"template":"","format":"standard","meta":{"footnotes":""},"categories":[1],"tags":[],"class_list":["post-171","post","type-post","status-publish","format-standard","hentry","category-okategoriserade"],"_links":{"self":[{"href":"https:\/\/blogg.nykoping.se\/toleransprojektet\/wp-json\/wp\/v2\/posts\/171","targetHints":{"allow":["GET"]}}],"collection":[{"href":"https:\/\/blogg.nykoping.se\/toleransprojektet\/wp-json\/wp\/v2\/posts"}],"about":[{"href":"https:\/\/blogg.nykoping.se\/toleransprojektet\/wp-json\/wp\/v2\/types\/post"}],"author":[{"embeddable":true,"href":"https:\/\/blogg.nykoping.se\/toleransprojektet\/wp-json\/wp\/v2\/users\/203"}],"replies":[{"embeddable":true,"href":"https:\/\/blogg.nykoping.se\/toleransprojektet\/wp-json\/wp\/v2\/comments?post=171"}],"version-history":[{"count":11,"href":"https:\/\/blogg.nykoping.se\/toleransprojektet\/wp-json\/wp\/v2\/posts\/171\/revisions"}],"predecessor-version":[{"id":200,"href":"https:\/\/blogg.nykoping.se\/toleransprojektet\/wp-json\/wp\/v2\/posts\/171\/revisions\/200"}],"wp:attachment":[{"href":"https:\/\/blogg.nykoping.se\/toleransprojektet\/wp-json\/wp\/v2\/media?parent=171"}],"wp:term":[{"taxonomy":"category","embeddable":true,"href":"https:\/\/blogg.nykoping.se\/toleransprojektet\/wp-json\/wp\/v2\/categories?post=171"},{"taxonomy":"post_tag","embeddable":true,"href":"https:\/\/blogg.nykoping.se\/toleransprojektet\/wp-json\/wp\/v2\/tags?post=171"}],"curies":[{"name":"wp","href":"https:\/\/api.w.org\/{rel}","templated":true}]}}