{"id":146,"date":"2016-12-14T19:40:50","date_gmt":"2016-12-14T18:40:50","guid":{"rendered":"http:\/\/blogg.nykoping.se\/toleransprojektet\/?p=146"},"modified":"2016-12-14T19:40:50","modified_gmt":"2016-12-14T18:40:50","slug":"femte-traffen-karlek","status":"publish","type":"post","link":"https:\/\/blogg.nykoping.se\/toleransprojektet\/2016\/12\/14\/femte-traffen-karlek\/","title":{"rendered":"Femte tr\u00e4ffen: K\u00e4rlek"},"content":{"rendered":"<p><img loading=\"lazy\" decoding=\"async\" class=\"alignnone size-full wp-image-153\" src=\"http:\/\/blogg.nykoping.se\/toleransprojektet\/wp-content\/uploads\/sites\/51\/2016\/12\/Tema-k\u00e4rlek.jpg\" alt=\"\" width=\"4032\" height=\"3024\" srcset=\"https:\/\/blogg.nykoping.se\/toleransprojektet\/wp-content\/uploads\/sites\/51\/2016\/12\/Tema-k\u00e4rlek.jpg 4032w, https:\/\/blogg.nykoping.se\/toleransprojektet\/wp-content\/uploads\/sites\/51\/2016\/12\/Tema-k\u00e4rlek-300x225.jpg 300w, https:\/\/blogg.nykoping.se\/toleransprojektet\/wp-content\/uploads\/sites\/51\/2016\/12\/Tema-k\u00e4rlek-768x576.jpg 768w, https:\/\/blogg.nykoping.se\/toleransprojektet\/wp-content\/uploads\/sites\/51\/2016\/12\/Tema-k\u00e4rlek-1024x768.jpg 1024w\" sizes=\"auto, (max-width: 4032px) 100vw, 4032px\" \/><\/p>\n<p>Det sista temat f\u00f6re julledigheten var: K\u00c4RLEK. Eleverna kom f\u00f6rberedda eftersom dagens l\u00e4xa var att skriva en text som handlade om just k\u00e4rlek.<\/p>\n<p>Tv\u00e5 ber\u00e4ttelser fick p\u00e5 olika s\u00e4tt belysa k\u00e4rlek och altruism (att handla osj\u00e4lviskt). Vi f\u00f6rflyttade oss med hj\u00e4lp av Benny Gr\u00fcnfelts tavla till torget i hans lilla hemstad n\u00e4r den judiska befolkningen skulle deporteras till Auschwitz. I tavlans ena h\u00f6rn l\u00e4mnar en judisk kvinna \u00f6ver sitt lilla barn till en kristen kvinna. Varf\u00f6r g\u00f6r mamman s\u00e5? Vad f\u00e5r den andra kvinnan att ta emot ett fr\u00e4mmande barn?<\/p>\n<div id='gallery-1' class='gallery galleryid-146 gallery-columns-3 gallery-size-thumbnail'><figure class='gallery-item'>\n\t\t\t<div class='gallery-icon landscape'>\n\t\t\t\t<a href='https:\/\/blogg.nykoping.se\/toleransprojektet\/benny-grunfelts-tavla\/'><img loading=\"lazy\" decoding=\"async\" width=\"150\" height=\"150\" src=\"https:\/\/blogg.nykoping.se\/toleransprojektet\/wp-content\/uploads\/sites\/51\/2016\/12\/Benny-Gr\u00fcnfelts-tavla-150x150.jpg\" class=\"attachment-thumbnail size-thumbnail\" alt=\"\" \/><\/a>\n\t\t\t<\/div><\/figure><figure class='gallery-item'>\n\t\t\t<div class='gallery-icon landscape'>\n\t\t\t\t<a href='https:\/\/blogg.nykoping.se\/toleransprojektet\/en-av-dagens-berattelsefragor\/'><img loading=\"lazy\" decoding=\"async\" width=\"150\" height=\"150\" src=\"https:\/\/blogg.nykoping.se\/toleransprojektet\/wp-content\/uploads\/sites\/51\/2016\/12\/En-av-dagens-ber\u00e4ttelsefr\u00e5gor-150x150.jpg\" class=\"attachment-thumbnail size-thumbnail\" alt=\"\" \/><\/a>\n\t\t\t<\/div><\/figure><figure class='gallery-item'>\n\t\t\t<div class='gallery-icon landscape'>\n\t\t\t\t<a href='https:\/\/blogg.nykoping.se\/toleransprojektet\/berattelsen-om-esther-och-fru-zucker\/'><img loading=\"lazy\" decoding=\"async\" width=\"150\" height=\"150\" src=\"https:\/\/blogg.nykoping.se\/toleransprojektet\/wp-content\/uploads\/sites\/51\/2016\/12\/ber\u00e4ttelsen-om-Esther-och-fru-Zucker-150x150.jpg\" class=\"attachment-thumbnail size-thumbnail\" alt=\"\" \/><\/a>\n\t\t\t<\/div><\/figure>\n\t\t<\/div>\n\n<p>I den andra ber\u00e4ttelsen m\u00f6tte vi fru Zucker och hennes femton\u00e5riga dotter Esther d\u00e4r de just klivit ut ur en av t\u00e5gvagnarna i Auschwitz II Birkenau. Pl\u00f6tsligt l\u00f6sg\u00f6r sig fru Zucker fr\u00e5n sin dotter och f\u00f6rsvinner iv\u00e4g? Varf\u00f6r?<\/p>\n<p>Efter diskussioner kring ber\u00e4ttelsernas kopplingar till k\u00e4rlek och altruism gick vi \u00f6ver till fakta kring hur nazisterna gick till v\u00e4ga f\u00f6r att kunna genomf\u00f6ra massmordet p\u00e5 Europas judar. Raul Hilbergs modell, fr\u00e5n identifikation till f\u00f6rintelse, presenterades och \u00e5terigen gl\u00f6dde det i anteckningsb\u00f6ckerna.<\/p>\n<div id='gallery-2' class='gallery galleryid-146 gallery-columns-3 gallery-size-thumbnail'><figure class='gallery-item'>\n\t\t\t<div class='gallery-icon landscape'>\n\t\t\t\t<a href='https:\/\/blogg.nykoping.se\/toleransprojektet\/nojda-skapare\/'><img loading=\"lazy\" decoding=\"async\" width=\"150\" height=\"150\" src=\"https:\/\/blogg.nykoping.se\/toleransprojektet\/wp-content\/uploads\/sites\/51\/2016\/12\/n\u00f6jda-skapare-150x150.jpg\" class=\"attachment-thumbnail size-thumbnail\" alt=\"\" \/><\/a>\n\t\t\t<\/div><\/figure><figure class='gallery-item'>\n\t\t\t<div class='gallery-icon landscape'>\n\t\t\t\t<a href='https:\/\/blogg.nykoping.se\/toleransprojektet\/romeo-och-julia\/'><img loading=\"lazy\" decoding=\"async\" width=\"150\" height=\"150\" src=\"https:\/\/blogg.nykoping.se\/toleransprojektet\/wp-content\/uploads\/sites\/51\/2016\/12\/Romeo-och-Julia-150x150.jpg\" class=\"attachment-thumbnail size-thumbnail\" alt=\"\" \/><\/a>\n\t\t\t<\/div><\/figure><figure class='gallery-item'>\n\t\t\t<div class='gallery-icon landscape'>\n\t\t\t\t<a href='https:\/\/blogg.nykoping.se\/toleransprojektet\/redo-for-redovisningar\/'><img loading=\"lazy\" decoding=\"async\" width=\"150\" height=\"150\" src=\"https:\/\/blogg.nykoping.se\/toleransprojektet\/wp-content\/uploads\/sites\/51\/2016\/12\/Redo-f\u00f6r-redovisningar-150x150.jpg\" class=\"attachment-thumbnail size-thumbnail\" alt=\"\" \/><\/a>\n\t\t\t<\/div><\/figure>\n\t\t<\/div>\n\n<p>Dagens kreativa samarbets\u00f6vning i grupper blev diktpussel p\u00e5 dagens k\u00e4rlekstema. Alla fick skriva ord och meningar p\u00e5 lappar som sedan pusslades ihop till en dikt.<\/p>\n<p>&#8221;K\u00e4rlek finns \u00f6verallt<br \/>\nK\u00e4rlek \u00e4r underbart<br \/>\nMan bryr sig om andra<br \/>\nMan kan \u00e4lska en v\u00e4n<br \/>\nMan blir blyg och nerv\u00f6s<br \/>\nK\u00e4rlek \u00e4r broderskap<br \/>\nMan f\u00e5r fj\u00e4rilar i magen<br \/>\nK\u00e4rlek kan vara sv\u00e5rt; f\u00f6rvirrande och konstigt<br \/>\nK\u00e4rlek \u00e4r guld v\u00e4rt&#8221;<\/p>\n<div id='gallery-3' class='gallery galleryid-146 gallery-columns-3 gallery-size-thumbnail'><figure class='gallery-item'>\n\t\t\t<div class='gallery-icon landscape'>\n\t\t\t\t<a href='https:\/\/blogg.nykoping.se\/toleransprojektet\/leker-om-du-alskar-mig-baby\/'><img loading=\"lazy\" decoding=\"async\" width=\"150\" height=\"150\" src=\"https:\/\/blogg.nykoping.se\/toleransprojektet\/wp-content\/uploads\/sites\/51\/2016\/12\/Leker-Om-du-\u00e4lskar-mig-baby-150x150.jpg\" class=\"attachment-thumbnail size-thumbnail\" alt=\"\" \/><\/a>\n\t\t\t<\/div><\/figure><figure class='gallery-item'>\n\t\t\t<div class='gallery-icon landscape'>\n\t\t\t\t<a href='https:\/\/blogg.nykoping.se\/toleransprojektet\/om-du-alskar-mig-baby\/'><img loading=\"lazy\" decoding=\"async\" width=\"150\" height=\"150\" src=\"https:\/\/blogg.nykoping.se\/toleransprojektet\/wp-content\/uploads\/sites\/51\/2016\/12\/Om-du-\u00e4lskar-mig-baby-150x150.jpg\" class=\"attachment-thumbnail size-thumbnail\" alt=\"\" \/><\/a>\n\t\t\t<\/div><\/figure><figure class='gallery-item'>\n\t\t\t<div class='gallery-icon landscape'>\n\t\t\t\t<a href='https:\/\/blogg.nykoping.se\/toleransprojektet\/2016\/12\/14\/femte-traffen-karlek\/julklappsutdelning\/'><img loading=\"lazy\" decoding=\"async\" width=\"150\" height=\"150\" src=\"https:\/\/blogg.nykoping.se\/toleransprojektet\/wp-content\/uploads\/sites\/51\/2016\/12\/julklappsutdelning-150x150.jpg\" class=\"attachment-thumbnail size-thumbnail\" alt=\"\" \/><\/a>\n\t\t\t<\/div><\/figure>\n\t\t<\/div>\n\n<p>Vi sl\u00e4ppte sedan loss fniss, fl\u00f6rtande och mod i leken &#8221;Om du \u00e4lskar mig baby&#8221; innan vi efter l\u00e4xtiden avslutade dagen med att samlas i ring. Vi genomf\u00f6rde tillsammans en k\u00e4rleksljushyllning till tonerna av U2:s &#8221;One&#8221; och innan vi skiljdes \u00e5t fick alla en liten julklapp.<\/p>\n<p><img loading=\"lazy\" decoding=\"async\" class=\"alignnone size-full wp-image-151\" src=\"http:\/\/blogg.nykoping.se\/toleransprojektet\/wp-content\/uploads\/sites\/51\/2016\/12\/k\u00e4rleksljus.jpg\" alt=\"\" width=\"4032\" height=\"3024\" srcset=\"https:\/\/blogg.nykoping.se\/toleransprojektet\/wp-content\/uploads\/sites\/51\/2016\/12\/k\u00e4rleksljus.jpg 4032w, https:\/\/blogg.nykoping.se\/toleransprojektet\/wp-content\/uploads\/sites\/51\/2016\/12\/k\u00e4rleksljus-300x225.jpg 300w, https:\/\/blogg.nykoping.se\/toleransprojektet\/wp-content\/uploads\/sites\/51\/2016\/12\/k\u00e4rleksljus-768x576.jpg 768w, https:\/\/blogg.nykoping.se\/toleransprojektet\/wp-content\/uploads\/sites\/51\/2016\/12\/k\u00e4rleksljus-1024x768.jpg 1024w\" sizes=\"auto, (max-width: 4032px) 100vw, 4032px\" \/><\/p>\n<p>&nbsp;<\/p>\n<p>&nbsp;<\/p>\n","protected":false},"excerpt":{"rendered":"<p>Det sista temat f\u00f6re julledigheten var: K\u00c4RLEK. Eleverna kom f\u00f6rberedda eftersom dagens l\u00e4xa var att skriva en text som handlade om just k\u00e4rlek. Tv\u00e5 ber\u00e4ttelser fick p\u00e5 olika s\u00e4tt belysa k\u00e4rlek och altruism (att handla osj\u00e4lviskt). Vi f\u00f6rflyttade oss med hj\u00e4lp av Benny Gr\u00fcnfelts tavla till torget i hans lilla hemstad n\u00e4r den judiska befolkningen &hellip; <a href=\"https:\/\/blogg.nykoping.se\/toleransprojektet\/2016\/12\/14\/femte-traffen-karlek\/\" class=\"more-link\">Forts\u00e4tt l\u00e4sa <span class=\"screen-reader-text\">Femte tr\u00e4ffen: K\u00e4rlek<\/span><\/a><\/p>\n","protected":false},"author":203,"featured_media":0,"comment_status":"open","ping_status":"open","sticky":false,"template":"","format":"standard","meta":{"footnotes":""},"categories":[1],"tags":[],"class_list":["post-146","post","type-post","status-publish","format-standard","hentry","category-okategoriserade"],"_links":{"self":[{"href":"https:\/\/blogg.nykoping.se\/toleransprojektet\/wp-json\/wp\/v2\/posts\/146","targetHints":{"allow":["GET"]}}],"collection":[{"href":"https:\/\/blogg.nykoping.se\/toleransprojektet\/wp-json\/wp\/v2\/posts"}],"about":[{"href":"https:\/\/blogg.nykoping.se\/toleransprojektet\/wp-json\/wp\/v2\/types\/post"}],"author":[{"embeddable":true,"href":"https:\/\/blogg.nykoping.se\/toleransprojektet\/wp-json\/wp\/v2\/users\/203"}],"replies":[{"embeddable":true,"href":"https:\/\/blogg.nykoping.se\/toleransprojektet\/wp-json\/wp\/v2\/comments?post=146"}],"version-history":[{"count":5,"href":"https:\/\/blogg.nykoping.se\/toleransprojektet\/wp-json\/wp\/v2\/posts\/146\/revisions"}],"predecessor-version":[{"id":168,"href":"https:\/\/blogg.nykoping.se\/toleransprojektet\/wp-json\/wp\/v2\/posts\/146\/revisions\/168"}],"wp:attachment":[{"href":"https:\/\/blogg.nykoping.se\/toleransprojektet\/wp-json\/wp\/v2\/media?parent=146"}],"wp:term":[{"taxonomy":"category","embeddable":true,"href":"https:\/\/blogg.nykoping.se\/toleransprojektet\/wp-json\/wp\/v2\/categories?post=146"},{"taxonomy":"post_tag","embeddable":true,"href":"https:\/\/blogg.nykoping.se\/toleransprojektet\/wp-json\/wp\/v2\/tags?post=146"}],"curies":[{"name":"wp","href":"https:\/\/api.w.org\/{rel}","templated":true}]}}