{"id":1338,"date":"2018-03-10T22:26:31","date_gmt":"2018-03-10T21:26:31","guid":{"rendered":"http:\/\/blogg.nykoping.se\/toleransprojektet\/?p=1338"},"modified":"2018-03-10T22:27:30","modified_gmt":"2018-03-10T21:27:30","slug":"resa-1-i-forintelsens-spar-i-det-som-var-krakows-getto-och-lagret-plaszow","status":"publish","type":"post","link":"https:\/\/blogg.nykoping.se\/toleransprojektet\/2018\/03\/10\/resa-1-i-forintelsens-spar-i-det-som-var-krakows-getto-och-lagret-plaszow\/","title":{"rendered":"Resa 1: I F\u00f6rintelsens sp\u00e5r i det som var Krakows getto och l\u00e4gret Plaszow"},"content":{"rendered":"<p><img loading=\"lazy\" decoding=\"async\" class=\"alignnone size-full wp-image-1348\" src=\"http:\/\/blogg.nykoping.se\/toleransprojektet\/wp-content\/uploads\/sites\/51\/2018\/03\/DSCF8359.jpg\" alt=\"\" width=\"4608\" height=\"3456\" srcset=\"https:\/\/blogg.nykoping.se\/toleransprojektet\/wp-content\/uploads\/sites\/51\/2018\/03\/DSCF8359.jpg 4608w, https:\/\/blogg.nykoping.se\/toleransprojektet\/wp-content\/uploads\/sites\/51\/2018\/03\/DSCF8359-1024x768.jpg 1024w, https:\/\/blogg.nykoping.se\/toleransprojektet\/wp-content\/uploads\/sites\/51\/2018\/03\/DSCF8359-768x576.jpg 768w\" sizes=\"auto, (max-width: 4608px) 100vw, 4608px\" \/><\/p>\n<p>Den resa i F\u00f6rintelsens sp\u00e5r som grupp 1 gav sig iv\u00e4g p\u00e5 f\u00f6rra l\u00f6rdagen kom s\u00e5 till sin sista dag. Temat var: N\u00e4r m\u00e4nniskorna \u00e4r borta men husen st\u00e5r kvar. Vi \u00e4gnade oss \u00e5t olika platser i Krakow som p\u00e5minner om det judiska livet som fanns h\u00e4r och hur det f\u00f6rsvann.<\/p>\n<p><img loading=\"lazy\" decoding=\"async\" class=\"alignnone size-full wp-image-1344\" src=\"http:\/\/blogg.nykoping.se\/toleransprojektet\/wp-content\/uploads\/sites\/51\/2018\/03\/DSCF8299.jpg\" alt=\"\" width=\"4608\" height=\"3456\" srcset=\"https:\/\/blogg.nykoping.se\/toleransprojektet\/wp-content\/uploads\/sites\/51\/2018\/03\/DSCF8299.jpg 4608w, https:\/\/blogg.nykoping.se\/toleransprojektet\/wp-content\/uploads\/sites\/51\/2018\/03\/DSCF8299-1024x768.jpg 1024w, https:\/\/blogg.nykoping.se\/toleransprojektet\/wp-content\/uploads\/sites\/51\/2018\/03\/DSCF8299-768x576.jpg 768w\" sizes=\"auto, (max-width: 4608px) 100vw, 4608px\" \/><\/p>\n<p>Vi gick p\u00e5 uppt\u00e4cksf\u00e4rd fr\u00e5n det f\u00f6re detta judiska gettot Podgorze vidare till det som var koncentrationsl\u00e4gret Plaszow. I detta l\u00e4ger styrde Amon G\u00f6th med sadistiska metoder och k\u00e4nslokyla. Under resan har vi sett filmen &#8221;Schindler&#8217;s list&#8221; som b\u00e5de handlar om Krakows judar under F\u00f6rintelsen och \u00e4ven \u00e4r inspelad p\u00e5 de autentiska platserna h\u00e4r.<\/p>\n<div id='gallery-1' class='gallery galleryid-1338 gallery-columns-3 gallery-size-thumbnail'><figure class='gallery-item'>\n\t\t\t<div class='gallery-icon landscape'>\n\t\t\t\t<a href='https:\/\/blogg.nykoping.se\/toleransprojektet\/dscf8436\/'><img loading=\"lazy\" decoding=\"async\" width=\"150\" height=\"150\" src=\"https:\/\/blogg.nykoping.se\/toleransprojektet\/wp-content\/uploads\/sites\/51\/2018\/03\/DSCF8436-150x150.jpg\" class=\"attachment-thumbnail size-thumbnail\" alt=\"\" \/><\/a>\n\t\t\t<\/div><\/figure><figure class='gallery-item'>\n\t\t\t<div class='gallery-icon portrait'>\n\t\t\t\t<a href='https:\/\/blogg.nykoping.se\/toleransprojektet\/dscf8451\/'><img loading=\"lazy\" decoding=\"async\" width=\"150\" height=\"150\" src=\"https:\/\/blogg.nykoping.se\/toleransprojektet\/wp-content\/uploads\/sites\/51\/2018\/03\/DSCF8451-150x150.jpg\" class=\"attachment-thumbnail size-thumbnail\" alt=\"\" \/><\/a>\n\t\t\t<\/div><\/figure><figure class='gallery-item'>\n\t\t\t<div class='gallery-icon landscape'>\n\t\t\t\t<a href='https:\/\/blogg.nykoping.se\/toleransprojektet\/dscf8345\/'><img loading=\"lazy\" decoding=\"async\" width=\"150\" height=\"150\" src=\"https:\/\/blogg.nykoping.se\/toleransprojektet\/wp-content\/uploads\/sites\/51\/2018\/03\/DSCF8345-150x150.jpg\" class=\"attachment-thumbnail size-thumbnail\" alt=\"\" \/><\/a>\n\t\t\t<\/div><\/figure>\n\t\t<\/div>\n\n<p><img loading=\"lazy\" decoding=\"async\" class=\"alignnone size-full wp-image-1352\" src=\"http:\/\/blogg.nykoping.se\/toleransprojektet\/wp-content\/uploads\/sites\/51\/2018\/03\/DSCF8575.jpg\" alt=\"\" width=\"4608\" height=\"3456\" srcset=\"https:\/\/blogg.nykoping.se\/toleransprojektet\/wp-content\/uploads\/sites\/51\/2018\/03\/DSCF8575.jpg 4608w, https:\/\/blogg.nykoping.se\/toleransprojektet\/wp-content\/uploads\/sites\/51\/2018\/03\/DSCF8575-1024x768.jpg 1024w, https:\/\/blogg.nykoping.se\/toleransprojektet\/wp-content\/uploads\/sites\/51\/2018\/03\/DSCF8575-768x576.jpg 768w\" sizes=\"auto, (max-width: 4608px) 100vw, 4608px\" \/><\/p>\n<p>Det som \u00e4r sl\u00e5ende p\u00e5 m\u00e5nga av de platser vi kommer till \u00e4r tomheten efter alla de m\u00e4nniskor som en g\u00e5ng fanns h\u00e4r. I Plaszow avslutade vi v\u00e5r resa med att l\u00e4mna sp\u00e5r efter oss och att tillsammans sjunga med Coldplay i deras l\u00e5t &#8221;Fix you&#8221;.<\/p>\n<div id='gallery-2' class='gallery galleryid-1338 gallery-columns-3 gallery-size-thumbnail'><figure class='gallery-item'>\n\t\t\t<div class='gallery-icon landscape'>\n\t\t\t\t<a href='https:\/\/blogg.nykoping.se\/toleransprojektet\/dscf8673\/'><img loading=\"lazy\" decoding=\"async\" width=\"150\" height=\"150\" src=\"https:\/\/blogg.nykoping.se\/toleransprojektet\/wp-content\/uploads\/sites\/51\/2018\/03\/DSCF8673-150x150.jpg\" class=\"attachment-thumbnail size-thumbnail\" alt=\"\" \/><\/a>\n\t\t\t<\/div><\/figure><figure class='gallery-item'>\n\t\t\t<div class='gallery-icon landscape'>\n\t\t\t\t<a href='https:\/\/blogg.nykoping.se\/toleransprojektet\/dscf8747\/'><img loading=\"lazy\" decoding=\"async\" width=\"150\" height=\"150\" src=\"https:\/\/blogg.nykoping.se\/toleransprojektet\/wp-content\/uploads\/sites\/51\/2018\/03\/DSCF8747-150x150.jpg\" class=\"attachment-thumbnail size-thumbnail\" alt=\"\" \/><\/a>\n\t\t\t<\/div><\/figure><figure class='gallery-item'>\n\t\t\t<div class='gallery-icon landscape'>\n\t\t\t\t<a href='https:\/\/blogg.nykoping.se\/toleransprojektet\/dscf8751\/'><img loading=\"lazy\" decoding=\"async\" width=\"150\" height=\"150\" src=\"https:\/\/blogg.nykoping.se\/toleransprojektet\/wp-content\/uploads\/sites\/51\/2018\/03\/DSCF8751-150x150.jpg\" class=\"attachment-thumbnail size-thumbnail\" alt=\"\" \/><\/a>\n\t\t\t<\/div><\/figure>\n\t\t<\/div>\n\n<p><img loading=\"lazy\" decoding=\"async\" class=\"alignnone size-full wp-image-1359\" src=\"http:\/\/blogg.nykoping.se\/toleransprojektet\/wp-content\/uploads\/sites\/51\/2018\/03\/DSCF8758.jpg\" alt=\"\" width=\"4608\" height=\"3456\" srcset=\"https:\/\/blogg.nykoping.se\/toleransprojektet\/wp-content\/uploads\/sites\/51\/2018\/03\/DSCF8758.jpg 4608w, https:\/\/blogg.nykoping.se\/toleransprojektet\/wp-content\/uploads\/sites\/51\/2018\/03\/DSCF8758-1024x768.jpg 1024w, https:\/\/blogg.nykoping.se\/toleransprojektet\/wp-content\/uploads\/sites\/51\/2018\/03\/DSCF8758-768x576.jpg 768w\" sizes=\"auto, (max-width: 4608px) 100vw, 4608px\" \/><\/p>\n<p>Den sista kv\u00e4llssamlingen k\u00e4ndes vemodig men v\u00e4ldigt fin. Eleverna delade med sig av tankar kring resans betydelse f\u00f6r dem och kring hur platserna vi bes\u00f6kt p\u00e5verkat dem. H\u00e4r f\u00f6ljer utdrag ur en rad elevers kloka och viktiga tankar:<\/p>\n<p><em>Det viktigaste med den h\u00e4r resan har varit att man l\u00e4r sig f\u00f6rst\u00e5 allt vad det inneb\u00e4r att vara m\u00e4nniska och vad som \u00e4r m\u00e4nskligt. <\/em>(Ville)<\/p>\n<p><em>Ibland har jag bara velat l\u00e4gga mig ner och f\u00f6rsvinna f\u00f6r att alla hemskheter bara sl\u00e5r en och bankar i ens huvud. Trots det s\u00e5 \u00e5ngrar jag INGET och nu \u00e4r jag en helt ny person. D\u00e4rf\u00f6r ska du \u00e5ka p\u00e5 denna resa. <\/em>(Emma)<\/p>\n<p><em>Jag tycker att man ska g\u00f6ra en s\u00e5dan h\u00e4r resa f\u00f6r att verkligen f\u00f6rst\u00e5 hela F\u00f6rintelsen men ocks\u00e5 f\u00f6r att m\u00e4nniskorna hade ett liv innan som n\u00e4stan ingen pratar om. [&#8230;] Man ska verkligen f\u00f6rst\u00e5 att ett s\u00e5dant folkmord aldrig har h\u00e4nt f\u00f6rut och de som gjorde detta var inte dumma i huvudet utan hade ett inbillat problem som de m\u00e5ste l\u00f6sa. De var som vilka andra m\u00e4nniskor som helst, med barn och familjer. <\/em>(Elisabeth)<\/p>\n<p><em>Det \u00e4r inte bara viktigt hur m\u00e4nniskorna dog utan ocks\u00e5 att bry sig om dem och f\u00f6rst\u00e5 att de var exakt som du och jag. Vi f\u00e5r aldrig l\u00e5ta historien upprepas och det kommer jag aldrig till\u00e5ta. Aldrig. <\/em>(Pontus)<\/p>\n<p><img loading=\"lazy\" decoding=\"async\" class=\"alignnone size-full wp-image-1346\" src=\"http:\/\/blogg.nykoping.se\/toleransprojektet\/wp-content\/uploads\/sites\/51\/2018\/03\/DSCF8508.jpg\" alt=\"\" width=\"4608\" height=\"3456\" srcset=\"https:\/\/blogg.nykoping.se\/toleransprojektet\/wp-content\/uploads\/sites\/51\/2018\/03\/DSCF8508.jpg 4608w, https:\/\/blogg.nykoping.se\/toleransprojektet\/wp-content\/uploads\/sites\/51\/2018\/03\/DSCF8508-1024x768.jpg 1024w, https:\/\/blogg.nykoping.se\/toleransprojektet\/wp-content\/uploads\/sites\/51\/2018\/03\/DSCF8508-768x576.jpg 768w\" sizes=\"auto, (max-width: 4608px) 100vw, 4608px\" \/><\/p>\n<p>Nu v\u00e4ntar tidig hemf\u00e4rd imorgon bitti &#8211; och vi kommer hem med m\u00e5nga intryck och k\u00e4nslor. Kanske kommer vi hem som andra m\u00e4nniskor \u00e4n n\u00e4r vi reste.<\/p>\n<div id='gallery-3' class='gallery galleryid-1338 gallery-columns-3 gallery-size-thumbnail'><figure class='gallery-item'>\n\t\t\t<div class='gallery-icon landscape'>\n\t\t\t\t<a href='https:\/\/blogg.nykoping.se\/toleransprojektet\/2018\/03\/10\/resa-1-i-forintelsens-spar-i-det-som-var-krakows-getto-och-lagret-plaszow\/dscf8540\/'><img loading=\"lazy\" decoding=\"async\" width=\"150\" height=\"150\" src=\"https:\/\/blogg.nykoping.se\/toleransprojektet\/wp-content\/uploads\/sites\/51\/2018\/03\/DSCF8540-150x150.jpg\" class=\"attachment-thumbnail size-thumbnail\" alt=\"\" \/><\/a>\n\t\t\t<\/div><\/figure><figure class='gallery-item'>\n\t\t\t<div class='gallery-icon landscape'>\n\t\t\t\t<a href='https:\/\/blogg.nykoping.se\/toleransprojektet\/dscf8516\/'><img loading=\"lazy\" decoding=\"async\" width=\"150\" height=\"150\" src=\"https:\/\/blogg.nykoping.se\/toleransprojektet\/wp-content\/uploads\/sites\/51\/2018\/03\/DSCF8516-150x150.jpg\" class=\"attachment-thumbnail size-thumbnail\" alt=\"\" \/><\/a>\n\t\t\t<\/div><\/figure><figure class='gallery-item'>\n\t\t\t<div class='gallery-icon landscape'>\n\t\t\t\t<a href='https:\/\/blogg.nykoping.se\/toleransprojektet\/dscf8742\/'><img loading=\"lazy\" decoding=\"async\" width=\"150\" height=\"150\" src=\"https:\/\/blogg.nykoping.se\/toleransprojektet\/wp-content\/uploads\/sites\/51\/2018\/03\/DSCF8742-150x150.jpg\" class=\"attachment-thumbnail size-thumbnail\" alt=\"\" \/><\/a>\n\t\t\t<\/div><\/figure>\n\t\t<\/div>\n\n<p>Frejas ord om meningsfullhet i livet f\u00e5r avsluta v\u00e5r resa:<\/p>\n<p><em>Jag vet precis lika lite om min framtid som alla andra och det \u00e4r nog d\u00e4rf\u00f6r s\u00e5 m\u00e5nga k\u00e4mpar p\u00e5. Att f\u00e5 uppleva saker som ger dig n\u00e5got att leva f\u00f6r. Det finns alltid n\u00e5got att k\u00e4mpa f\u00f6r. Alltid.<\/em><\/p>\n<p><img loading=\"lazy\" decoding=\"async\" class=\"alignnone size-full wp-image-1358\" src=\"http:\/\/blogg.nykoping.se\/toleransprojektet\/wp-content\/uploads\/sites\/51\/2018\/03\/DSCF8765.jpg\" alt=\"\" width=\"4608\" height=\"3456\" srcset=\"https:\/\/blogg.nykoping.se\/toleransprojektet\/wp-content\/uploads\/sites\/51\/2018\/03\/DSCF8765.jpg 4608w, https:\/\/blogg.nykoping.se\/toleransprojektet\/wp-content\/uploads\/sites\/51\/2018\/03\/DSCF8765-1024x768.jpg 1024w, https:\/\/blogg.nykoping.se\/toleransprojektet\/wp-content\/uploads\/sites\/51\/2018\/03\/DSCF8765-768x576.jpg 768w\" sizes=\"auto, (max-width: 4608px) 100vw, 4608px\" \/><\/p>\n","protected":false},"excerpt":{"rendered":"<p>Den resa i F\u00f6rintelsens sp\u00e5r som grupp 1 gav sig iv\u00e4g p\u00e5 f\u00f6rra l\u00f6rdagen kom s\u00e5 till sin sista dag. Temat var: N\u00e4r m\u00e4nniskorna \u00e4r borta men husen st\u00e5r kvar. Vi \u00e4gnade oss \u00e5t olika platser i Krakow som p\u00e5minner om det judiska livet som fanns h\u00e4r och hur det f\u00f6rsvann. Vi gick p\u00e5 uppt\u00e4cksf\u00e4rd &hellip; <a href=\"https:\/\/blogg.nykoping.se\/toleransprojektet\/2018\/03\/10\/resa-1-i-forintelsens-spar-i-det-som-var-krakows-getto-och-lagret-plaszow\/\" class=\"more-link\">Forts\u00e4tt l\u00e4sa <span class=\"screen-reader-text\">Resa 1: I F\u00f6rintelsens sp\u00e5r i det som var Krakows getto och l\u00e4gret Plaszow<\/span><\/a><\/p>\n","protected":false},"author":203,"featured_media":0,"comment_status":"open","ping_status":"open","sticky":false,"template":"","format":"standard","meta":{"footnotes":""},"categories":[1],"tags":[],"class_list":["post-1338","post","type-post","status-publish","format-standard","hentry","category-okategoriserade"],"_links":{"self":[{"href":"https:\/\/blogg.nykoping.se\/toleransprojektet\/wp-json\/wp\/v2\/posts\/1338","targetHints":{"allow":["GET"]}}],"collection":[{"href":"https:\/\/blogg.nykoping.se\/toleransprojektet\/wp-json\/wp\/v2\/posts"}],"about":[{"href":"https:\/\/blogg.nykoping.se\/toleransprojektet\/wp-json\/wp\/v2\/types\/post"}],"author":[{"embeddable":true,"href":"https:\/\/blogg.nykoping.se\/toleransprojektet\/wp-json\/wp\/v2\/users\/203"}],"replies":[{"embeddable":true,"href":"https:\/\/blogg.nykoping.se\/toleransprojektet\/wp-json\/wp\/v2\/comments?post=1338"}],"version-history":[{"count":7,"href":"https:\/\/blogg.nykoping.se\/toleransprojektet\/wp-json\/wp\/v2\/posts\/1338\/revisions"}],"predecessor-version":[{"id":1361,"href":"https:\/\/blogg.nykoping.se\/toleransprojektet\/wp-json\/wp\/v2\/posts\/1338\/revisions\/1361"}],"wp:attachment":[{"href":"https:\/\/blogg.nykoping.se\/toleransprojektet\/wp-json\/wp\/v2\/media?parent=1338"}],"wp:term":[{"taxonomy":"category","embeddable":true,"href":"https:\/\/blogg.nykoping.se\/toleransprojektet\/wp-json\/wp\/v2\/categories?post=1338"},{"taxonomy":"post_tag","embeddable":true,"href":"https:\/\/blogg.nykoping.se\/toleransprojektet\/wp-json\/wp\/v2\/tags?post=1338"}],"curies":[{"name":"wp","href":"https:\/\/api.w.org\/{rel}","templated":true}]}}