{"id":1320,"date":"2018-03-09T22:08:13","date_gmt":"2018-03-09T21:08:13","guid":{"rendered":"http:\/\/blogg.nykoping.se\/toleransprojektet\/?p=1320"},"modified":"2018-03-09T22:09:06","modified_gmt":"2018-03-09T21:09:06","slug":"resa-1-i-forintelsens-spar-i-det-som-var-krakows-judiska-kvarter","status":"publish","type":"post","link":"https:\/\/blogg.nykoping.se\/toleransprojektet\/2018\/03\/09\/resa-1-i-forintelsens-spar-i-det-som-var-krakows-judiska-kvarter\/","title":{"rendered":"Resa 1: I F\u00f6rintelsens sp\u00e5r i det som en g\u00e5ng var Krakows judiska kvarter"},"content":{"rendered":"<p><img loading=\"lazy\" decoding=\"async\" class=\"alignnone size-full wp-image-1328\" src=\"http:\/\/blogg.nykoping.se\/toleransprojektet\/wp-content\/uploads\/sites\/51\/2018\/03\/DSCF8087.jpg\" alt=\"\" width=\"4608\" height=\"3456\" srcset=\"https:\/\/blogg.nykoping.se\/toleransprojektet\/wp-content\/uploads\/sites\/51\/2018\/03\/DSCF8087.jpg 4608w, https:\/\/blogg.nykoping.se\/toleransprojektet\/wp-content\/uploads\/sites\/51\/2018\/03\/DSCF8087-1024x768.jpg 1024w, https:\/\/blogg.nykoping.se\/toleransprojektet\/wp-content\/uploads\/sites\/51\/2018\/03\/DSCF8087-768x576.jpg 768w\" sizes=\"auto, (max-width: 4608px) 100vw, 4608px\" \/><\/p>\n<p>Efter en v\u00e4lbeh\u00f6vlig sovmorgon reste v\u00e5r grupp vidare mot den vackra staden Krakow &#8211; Polens historiska hj\u00e4rta. I de f\u00f6re detta\u00a0 judiska kvarteren, Kazimierz presenterades en klurig och ganska kr\u00e4vande samarbetsuppgift som basgrupperna skulle utf\u00f6ra. Det var en energisk och fokuserad skara som vandrade runt bland hus och kullerstensgator.<\/p>\n<p><img loading=\"lazy\" decoding=\"async\" class=\"alignnone size-full wp-image-1325\" src=\"http:\/\/blogg.nykoping.se\/toleransprojektet\/wp-content\/uploads\/sites\/51\/2018\/03\/DSCF7988.jpg\" alt=\"\" width=\"4608\" height=\"3456\" srcset=\"https:\/\/blogg.nykoping.se\/toleransprojektet\/wp-content\/uploads\/sites\/51\/2018\/03\/DSCF7988.jpg 4608w, https:\/\/blogg.nykoping.se\/toleransprojektet\/wp-content\/uploads\/sites\/51\/2018\/03\/DSCF7988-1024x768.jpg 1024w, https:\/\/blogg.nykoping.se\/toleransprojektet\/wp-content\/uploads\/sites\/51\/2018\/03\/DSCF7988-768x576.jpg 768w\" sizes=\"auto, (max-width: 4608px) 100vw, 4608px\" \/><\/p>\n<p>Vi bes\u00f6kte ocks\u00e5 den lilla och fortfarande aktiva synagogan Remuh. F\u00f6rsamlingen best\u00e5r idag av endast ett hundratal medlemmar. F\u00f6re kriget fanns omkring 60 000 judar i Krakow.<\/p>\n<p><img loading=\"lazy\" decoding=\"async\" class=\"alignnone size-full wp-image-1330\" src=\"http:\/\/blogg.nykoping.se\/toleransprojektet\/wp-content\/uploads\/sites\/51\/2018\/03\/DSCF8144.jpg\" alt=\"\" width=\"4608\" height=\"3456\" srcset=\"https:\/\/blogg.nykoping.se\/toleransprojektet\/wp-content\/uploads\/sites\/51\/2018\/03\/DSCF8144.jpg 4608w, https:\/\/blogg.nykoping.se\/toleransprojektet\/wp-content\/uploads\/sites\/51\/2018\/03\/DSCF8144-1024x768.jpg 1024w, https:\/\/blogg.nykoping.se\/toleransprojektet\/wp-content\/uploads\/sites\/51\/2018\/03\/DSCF8144-768x576.jpg 768w\" sizes=\"auto, (max-width: 4608px) 100vw, 4608px\" \/><\/p>\n<div id='gallery-1' class='gallery galleryid-1320 gallery-columns-3 gallery-size-thumbnail'><figure class='gallery-item'>\n\t\t\t<div class='gallery-icon landscape'>\n\t\t\t\t<a href='https:\/\/blogg.nykoping.se\/toleransprojektet\/dscf7902\/'><img loading=\"lazy\" decoding=\"async\" width=\"150\" height=\"150\" src=\"https:\/\/blogg.nykoping.se\/toleransprojektet\/wp-content\/uploads\/sites\/51\/2018\/03\/DSCF7902-150x150.jpg\" class=\"attachment-thumbnail size-thumbnail\" alt=\"\" \/><\/a>\n\t\t\t<\/div><\/figure><figure class='gallery-item'>\n\t\t\t<div class='gallery-icon landscape'>\n\t\t\t\t<a href='https:\/\/blogg.nykoping.se\/toleransprojektet\/dscf8050\/'><img loading=\"lazy\" decoding=\"async\" width=\"150\" height=\"150\" src=\"https:\/\/blogg.nykoping.se\/toleransprojektet\/wp-content\/uploads\/sites\/51\/2018\/03\/DSCF8050-150x150.jpg\" class=\"attachment-thumbnail size-thumbnail\" alt=\"\" \/><\/a>\n\t\t\t<\/div><\/figure><figure class='gallery-item'>\n\t\t\t<div class='gallery-icon landscape'>\n\t\t\t\t<a href='https:\/\/blogg.nykoping.se\/toleransprojektet\/dscf8137\/'><img loading=\"lazy\" decoding=\"async\" width=\"150\" height=\"150\" src=\"https:\/\/blogg.nykoping.se\/toleransprojektet\/wp-content\/uploads\/sites\/51\/2018\/03\/DSCF8137-150x150.jpg\" class=\"attachment-thumbnail size-thumbnail\" alt=\"\" \/><\/a>\n\t\t\t<\/div><\/figure>\n\t\t<\/div>\n\n<p>P\u00e5 Remuhs begravningsplats fick eleverna en skrivuppgift och vi samlades vid den s\u00e5 kallade &#8221;Lilla klagomuren&#8221; f\u00f6r att avsluta dagens judiska tema. Efter det v\u00e4ntade n\u00e5gra timmar med m\u00f6jlighet till shopping och strosande runt i det vackra gamla Krakow.<\/p>\n<p><img loading=\"lazy\" decoding=\"async\" class=\"alignnone size-full wp-image-1331\" src=\"http:\/\/blogg.nykoping.se\/toleransprojektet\/wp-content\/uploads\/sites\/51\/2018\/03\/DSCF8117.jpg\" alt=\"\" width=\"4608\" height=\"3456\" srcset=\"https:\/\/blogg.nykoping.se\/toleransprojektet\/wp-content\/uploads\/sites\/51\/2018\/03\/DSCF8117.jpg 4608w, https:\/\/blogg.nykoping.se\/toleransprojektet\/wp-content\/uploads\/sites\/51\/2018\/03\/DSCF8117-1024x768.jpg 1024w, https:\/\/blogg.nykoping.se\/toleransprojektet\/wp-content\/uploads\/sites\/51\/2018\/03\/DSCF8117-768x576.jpg 768w\" sizes=\"auto, (max-width: 4608px) 100vw, 4608px\" \/><\/p>\n<p>Under kv\u00e4llssamlingen lekte vi med ballonger och alla h\u00f6gl\u00e4ste en valfri text bland alla de texter som skrivits under resan. H\u00e4r f\u00f6ljer n\u00e5gra av dessa:<\/p>\n<p><em>M\u00e4nniskov\u00e4rde menas med att alla m\u00e4nniskor \u00e4r lika mycket v\u00e4rda och alla m\u00e4nniskor har lika mycket v\u00e4rde. Jag vet inte vem det kommer ifr\u00e5n men jag vet vilka det kommer fr\u00e5n &#8211; oss m\u00e4nniskor kommer ordet m\u00e4nniskov\u00e4rde ifr\u00e5n. <\/em>(Pontus om m\u00e4nniskov\u00e4rde)<\/p>\n<p><em>Mitt radhus (som jag fortfarande bor i) \u00e4r omringat av skog. I skogen en bit ifr\u00e5n huset tillbringade jag l\u00e5nga tider. D\u00e4r brukade jag, min mamma och systrar g\u00e5 p\u00e5 promenad. D\u00e4r v\u00e4xte det alla m\u00f6jliga sorters b\u00e4r och dem plockade vi och hade i en t\u00e5rta om det var n\u00e5gons f\u00f6delsedag eller en paj om det fanns tillr\u00e4ckligt. D\u00e4r plockade vi ocks\u00e5 blommor. Denna plats \u00e4r viktig f\u00f6r mig f\u00f6r d\u00e4r skapade jag of\u00f6rgl\u00f6mliga minnen med min familj och d\u00e4r k\u00e4nde jag mig som friast.<br \/>\n<\/em>(Elsa om en viktig plats i min barndom)<\/p>\n<p><img loading=\"lazy\" decoding=\"async\" class=\"alignnone size-full wp-image-1333\" src=\"http:\/\/blogg.nykoping.se\/toleransprojektet\/wp-content\/uploads\/sites\/51\/2018\/03\/DSCF8196.jpg\" alt=\"\" width=\"4608\" height=\"3456\" srcset=\"https:\/\/blogg.nykoping.se\/toleransprojektet\/wp-content\/uploads\/sites\/51\/2018\/03\/DSCF8196.jpg 4608w, https:\/\/blogg.nykoping.se\/toleransprojektet\/wp-content\/uploads\/sites\/51\/2018\/03\/DSCF8196-1024x768.jpg 1024w, https:\/\/blogg.nykoping.se\/toleransprojektet\/wp-content\/uploads\/sites\/51\/2018\/03\/DSCF8196-768x576.jpg 768w\" sizes=\"auto, (max-width: 4608px) 100vw, 4608px\" \/><\/p>\n","protected":false},"excerpt":{"rendered":"<p>Efter en v\u00e4lbeh\u00f6vlig sovmorgon reste v\u00e5r grupp vidare mot den vackra staden Krakow &#8211; Polens historiska hj\u00e4rta. I de f\u00f6re detta\u00a0 judiska kvarteren, Kazimierz presenterades en klurig och ganska kr\u00e4vande samarbetsuppgift som basgrupperna skulle utf\u00f6ra. Det var en energisk och fokuserad skara som vandrade runt bland hus och kullerstensgator. Vi bes\u00f6kte ocks\u00e5 den lilla och &hellip; <a href=\"https:\/\/blogg.nykoping.se\/toleransprojektet\/2018\/03\/09\/resa-1-i-forintelsens-spar-i-det-som-var-krakows-judiska-kvarter\/\" class=\"more-link\">Forts\u00e4tt l\u00e4sa <span class=\"screen-reader-text\">Resa 1: I F\u00f6rintelsens sp\u00e5r i det som en g\u00e5ng var Krakows judiska kvarter<\/span><\/a><\/p>\n","protected":false},"author":203,"featured_media":0,"comment_status":"open","ping_status":"open","sticky":false,"template":"","format":"standard","meta":{"footnotes":""},"categories":[1],"tags":[],"class_list":["post-1320","post","type-post","status-publish","format-standard","hentry","category-okategoriserade"],"_links":{"self":[{"href":"https:\/\/blogg.nykoping.se\/toleransprojektet\/wp-json\/wp\/v2\/posts\/1320","targetHints":{"allow":["GET"]}}],"collection":[{"href":"https:\/\/blogg.nykoping.se\/toleransprojektet\/wp-json\/wp\/v2\/posts"}],"about":[{"href":"https:\/\/blogg.nykoping.se\/toleransprojektet\/wp-json\/wp\/v2\/types\/post"}],"author":[{"embeddable":true,"href":"https:\/\/blogg.nykoping.se\/toleransprojektet\/wp-json\/wp\/v2\/users\/203"}],"replies":[{"embeddable":true,"href":"https:\/\/blogg.nykoping.se\/toleransprojektet\/wp-json\/wp\/v2\/comments?post=1320"}],"version-history":[{"count":7,"href":"https:\/\/blogg.nykoping.se\/toleransprojektet\/wp-json\/wp\/v2\/posts\/1320\/revisions"}],"predecessor-version":[{"id":1337,"href":"https:\/\/blogg.nykoping.se\/toleransprojektet\/wp-json\/wp\/v2\/posts\/1320\/revisions\/1337"}],"wp:attachment":[{"href":"https:\/\/blogg.nykoping.se\/toleransprojektet\/wp-json\/wp\/v2\/media?parent=1320"}],"wp:term":[{"taxonomy":"category","embeddable":true,"href":"https:\/\/blogg.nykoping.se\/toleransprojektet\/wp-json\/wp\/v2\/categories?post=1320"},{"taxonomy":"post_tag","embeddable":true,"href":"https:\/\/blogg.nykoping.se\/toleransprojektet\/wp-json\/wp\/v2\/tags?post=1320"}],"curies":[{"name":"wp","href":"https:\/\/api.w.org\/{rel}","templated":true}]}}