{"id":1301,"date":"2018-03-08T21:50:23","date_gmt":"2018-03-08T20:50:23","guid":{"rendered":"http:\/\/blogg.nykoping.se\/toleransprojektet\/?p=1301"},"modified":"2018-03-08T21:50:23","modified_gmt":"2018-03-08T20:50:23","slug":"resa-1-i-forintelsens-spar-i-auschwitz-och-det-judiska-oswiecim","status":"publish","type":"post","link":"https:\/\/blogg.nykoping.se\/toleransprojektet\/2018\/03\/08\/resa-1-i-forintelsens-spar-i-auschwitz-och-det-judiska-oswiecim\/","title":{"rendered":"Resa 1: I F\u00f6rintelsens sp\u00e5r i Auschwitz och det judiska Oswiecim"},"content":{"rendered":"<p><img loading=\"lazy\" decoding=\"async\" class=\"alignnone size-full wp-image-1305\" src=\"http:\/\/blogg.nykoping.se\/toleransprojektet\/wp-content\/uploads\/sites\/51\/2018\/03\/DSCF7348.jpg\" alt=\"\" width=\"4608\" height=\"3456\" srcset=\"https:\/\/blogg.nykoping.se\/toleransprojektet\/wp-content\/uploads\/sites\/51\/2018\/03\/DSCF7348.jpg 4608w, https:\/\/blogg.nykoping.se\/toleransprojektet\/wp-content\/uploads\/sites\/51\/2018\/03\/DSCF7348-1024x768.jpg 1024w, https:\/\/blogg.nykoping.se\/toleransprojektet\/wp-content\/uploads\/sites\/51\/2018\/03\/DSCF7348-768x576.jpg 768w\" sizes=\"auto, (max-width: 4608px) 100vw, 4608px\" \/><\/p>\n<p>Idag har v\u00e5r dag haft tv\u00e5 v\u00e4ldigt olika teman. Vi \u00e5terv\u00e4nde f\u00f6rst till Auschwitz Birkenau f\u00f6r att se och uppleva den del av l\u00e4gret som \u00e4gnade sig \u00e5t sj\u00e4lva f\u00f6rintelsen av de m\u00e4nniskor som kom hit. Vi var en av de f\u00f6rsta grupperna in genom D\u00f6dens port.<\/p>\n<div id='gallery-1' class='gallery galleryid-1301 gallery-columns-3 gallery-size-thumbnail'><figure class='gallery-item'>\n\t\t\t<div class='gallery-icon landscape'>\n\t\t\t\t<a href='https:\/\/blogg.nykoping.se\/toleransprojektet\/dscf7380\/'><img loading=\"lazy\" decoding=\"async\" width=\"150\" height=\"150\" src=\"https:\/\/blogg.nykoping.se\/toleransprojektet\/wp-content\/uploads\/sites\/51\/2018\/03\/DSCF7380-150x150.jpg\" class=\"attachment-thumbnail size-thumbnail\" alt=\"\" \/><\/a>\n\t\t\t<\/div><\/figure><figure class='gallery-item'>\n\t\t\t<div class='gallery-icon landscape'>\n\t\t\t\t<a href='https:\/\/blogg.nykoping.se\/toleransprojektet\/dscf7391\/'><img loading=\"lazy\" decoding=\"async\" width=\"150\" height=\"150\" src=\"https:\/\/blogg.nykoping.se\/toleransprojektet\/wp-content\/uploads\/sites\/51\/2018\/03\/DSCF7391-150x150.jpg\" class=\"attachment-thumbnail size-thumbnail\" alt=\"\" \/><\/a>\n\t\t\t<\/div><\/figure><figure class='gallery-item'>\n\t\t\t<div class='gallery-icon landscape'>\n\t\t\t\t<a href='https:\/\/blogg.nykoping.se\/toleransprojektet\/dscf7419\/'><img loading=\"lazy\" decoding=\"async\" width=\"150\" height=\"150\" src=\"https:\/\/blogg.nykoping.se\/toleransprojektet\/wp-content\/uploads\/sites\/51\/2018\/03\/DSCF7419-150x150.jpg\" class=\"attachment-thumbnail size-thumbnail\" alt=\"\" \/><\/a>\n\t\t\t<\/div><\/figure>\n\t\t<\/div>\n\n<p>Vi stod p\u00e5 rampen och gjorde en tanke\u00f6vning kring hur m\u00e5nga m\u00e4nniskor som m\u00f6rdades h\u00e4r varje dag i maj 1944. Vi vandrade till den romska delen av l\u00e4gret d\u00e4r vi fick veta mer om hur f\u00f6rh\u00e5llandena var f\u00f6r de romer som fanns h\u00e4r. Vi stod i den bj\u00f6rkdunge d\u00e4r Gerti, Ruben och deras sl\u00e4ktingar stod p\u00e5 det d\u00e4r fotografiet vi m\u00f6tt s\u00e5 m\u00e5nga g\u00e5nger.<\/p>\n<p><img loading=\"lazy\" decoding=\"async\" class=\"alignnone size-full wp-image-1306\" src=\"http:\/\/blogg.nykoping.se\/toleransprojektet\/wp-content\/uploads\/sites\/51\/2018\/03\/DSCF7415.jpg\" alt=\"\" width=\"4608\" height=\"3456\" srcset=\"https:\/\/blogg.nykoping.se\/toleransprojektet\/wp-content\/uploads\/sites\/51\/2018\/03\/DSCF7415.jpg 4608w, https:\/\/blogg.nykoping.se\/toleransprojektet\/wp-content\/uploads\/sites\/51\/2018\/03\/DSCF7415-1024x768.jpg 1024w, https:\/\/blogg.nykoping.se\/toleransprojektet\/wp-content\/uploads\/sites\/51\/2018\/03\/DSCF7415-768x576.jpg 768w\" sizes=\"auto, (max-width: 4608px) 100vw, 4608px\" \/><\/p>\n<p>Vi passerade genom den s\u00e5 kallade saunan d\u00e4r f\u00e5ngar togs ifr\u00e5n sina kl\u00e4der, rakades, tatuerades och gjordes till ett nummer.<\/p>\n<p><img loading=\"lazy\" decoding=\"async\" class=\"alignnone size-full wp-image-1309\" src=\"http:\/\/blogg.nykoping.se\/toleransprojektet\/wp-content\/uploads\/sites\/51\/2018\/03\/DSCF7538.jpg\" alt=\"\" width=\"4608\" height=\"3456\" srcset=\"https:\/\/blogg.nykoping.se\/toleransprojektet\/wp-content\/uploads\/sites\/51\/2018\/03\/DSCF7538.jpg 4608w, https:\/\/blogg.nykoping.se\/toleransprojektet\/wp-content\/uploads\/sites\/51\/2018\/03\/DSCF7538-1024x768.jpg 1024w, https:\/\/blogg.nykoping.se\/toleransprojektet\/wp-content\/uploads\/sites\/51\/2018\/03\/DSCF7538-768x576.jpg 768w\" sizes=\"auto, (max-width: 4608px) 100vw, 4608px\" \/><\/p>\n<p>Vid slutet av rampen hade vi en minnesstund d\u00e5 Pontus och Linus tillsammans l\u00e4ste en dikt och d\u00e4r vi lade ner stenar och hade en tyst minut f\u00f6r de m\u00e4nniskor som m\u00f6rdades h\u00e4r.<\/p>\n<p><img loading=\"lazy\" decoding=\"async\" class=\"alignnone size-full wp-image-1311\" src=\"http:\/\/blogg.nykoping.se\/toleransprojektet\/wp-content\/uploads\/sites\/51\/2018\/03\/DSCF7676.jpg\" alt=\"\" width=\"4608\" height=\"3456\" srcset=\"https:\/\/blogg.nykoping.se\/toleransprojektet\/wp-content\/uploads\/sites\/51\/2018\/03\/DSCF7676.jpg 4608w, https:\/\/blogg.nykoping.se\/toleransprojektet\/wp-content\/uploads\/sites\/51\/2018\/03\/DSCF7676-1024x768.jpg 1024w, https:\/\/blogg.nykoping.se\/toleransprojektet\/wp-content\/uploads\/sites\/51\/2018\/03\/DSCF7676-768x576.jpg 768w\" sizes=\"auto, (max-width: 4608px) 100vw, 4608px\" \/><\/p>\n<p>P\u00e5 eftermiddagen bytte vi tema. Vi f\u00f6ljde sp\u00e5ren av det rika och myllrande judiska liv som f\u00f6re F\u00f6rintelsen fanns i Oswiecim. Idag finns inga judar i staden, endast enstaka p\u00e5minnelser om att de fanns.<\/p>\n<p><img loading=\"lazy\" decoding=\"async\" class=\"alignnone size-full wp-image-1314\" src=\"http:\/\/blogg.nykoping.se\/toleransprojektet\/wp-content\/uploads\/sites\/51\/2018\/03\/DSCF7834.jpg\" alt=\"\" width=\"4608\" height=\"3456\" srcset=\"https:\/\/blogg.nykoping.se\/toleransprojektet\/wp-content\/uploads\/sites\/51\/2018\/03\/DSCF7834.jpg 4608w, https:\/\/blogg.nykoping.se\/toleransprojektet\/wp-content\/uploads\/sites\/51\/2018\/03\/DSCF7834-1024x768.jpg 1024w, https:\/\/blogg.nykoping.se\/toleransprojektet\/wp-content\/uploads\/sites\/51\/2018\/03\/DSCF7834-768x576.jpg 768w\" sizes=\"auto, (max-width: 4608px) 100vw, 4608px\" \/><\/p>\n<p>Imorgon f\u00e5r vi sovmorgon innan vi l\u00e4mnar Oswiecim f\u00f6r Krakow och de f\u00f6re detta judiska kvarteren Kazimierz.<\/p>\n<p>Dagens elevbidrag n\u00e4r det g\u00e4ller texter kommer f\u00f6rst fr\u00e5n Alessandro, Gustav och Ville som skriver om och till barnet i sin skrivbok &#8211; det barn som vi vet kom till Auschwitz och m\u00f6rdades h\u00e4r:<\/p>\n<p><em>Hej, jag vet ingenting om dig f\u00f6rutom att du var jude och hamnade h\u00e4r. Den enda bilden jag har av dig \u00e4r den jag har i min bok. P\u00e5 den bilden s\u00e5 st\u00e5r du med ett par skidor och du verkar vara en glad tjej. Jag f\u00e5r m\u00e5nga tankar om dig n\u00e4r jag ser p\u00e5 bilden, hur ditt liv var f\u00f6re kriget och hur du hade det hemma och med kompisar, i skolan och sen hur det var f\u00f6r dig p\u00e5 v\u00e4g till l\u00e4gret och inne i l\u00e4gret.<\/em><\/p>\n<p><em>Jag hoppas att dina f\u00f6rsta \u00e5r i livet var lyckliga med s\u00e5 lyckliga minnen s\u00e5 att du t\u00e4nker p\u00e5 dem och \u00e4ven kan k\u00e4nna den lyckan fast du \u00e4r p\u00e5 den m\u00f6rkaste platsen p\u00e5 jorden.<\/em><\/p>\n<p><em>Trots att jag aldrig fick tr\u00e4ffa dig d\u00e5 och aldrig fick tr\u00e4ffa dig nu t\u00e4nker jag p\u00e5 dig. Jag hoppas att ditt liv var fullt av gl\u00e4dje och k\u00e4rlek, trots att det inte varade s\u00e5 l\u00e4nge som det egentligen borde ha gjort. Jag kommer inte att gl\u00f6mma dig.<\/em><\/p>\n<p><img loading=\"lazy\" decoding=\"async\" class=\"alignnone size-full wp-image-1313\" src=\"http:\/\/blogg.nykoping.se\/toleransprojektet\/wp-content\/uploads\/sites\/51\/2018\/03\/DSCF7697.jpg\" alt=\"\" width=\"4608\" height=\"3456\" srcset=\"https:\/\/blogg.nykoping.se\/toleransprojektet\/wp-content\/uploads\/sites\/51\/2018\/03\/DSCF7697.jpg 4608w, https:\/\/blogg.nykoping.se\/toleransprojektet\/wp-content\/uploads\/sites\/51\/2018\/03\/DSCF7697-1024x768.jpg 1024w, https:\/\/blogg.nykoping.se\/toleransprojektet\/wp-content\/uploads\/sites\/51\/2018\/03\/DSCF7697-768x576.jpg 768w\" sizes=\"auto, (max-width: 4608px) 100vw, 4608px\" \/><\/p>\n<p>Under rubriken &#8221;Minnen fr\u00e5n Auschwitz&#8221; skriver Mariam s\u00e5 h\u00e4r:<\/p>\n<p><em>Jag kommer att komma ih\u00e5g d\u00f6dsblocket och hur kvinnorna var bokstavligen zombies. De var f\u00f6r tr\u00f6tta f\u00f6r att leva men samtidigt kunde de inte d\u00f6. De st\u00e4ngdes in i d\u00f6dsblocket d\u00e4r de blev \u00e4tna p\u00e5 av r\u00e5ttor medan de fortfarande levde. Jag f\u00f6rst\u00e5r varf\u00f6r vakterna och de \u00f6vriga soldaterna kallade dem f\u00f6r &#8221;stycken&#8221;. Det var f\u00f6r att de skulle kunna leva med sig sj\u00e4lva om de f\u00f6rstod att de judiska kvinnorna var m\u00e4nniskor.<\/em><\/p>\n<p><img loading=\"lazy\" decoding=\"async\" class=\"alignnone size-full wp-image-1310\" src=\"http:\/\/blogg.nykoping.se\/toleransprojektet\/wp-content\/uploads\/sites\/51\/2018\/03\/DSCF7630.jpg\" alt=\"\" width=\"4608\" height=\"3456\" srcset=\"https:\/\/blogg.nykoping.se\/toleransprojektet\/wp-content\/uploads\/sites\/51\/2018\/03\/DSCF7630.jpg 4608w, https:\/\/blogg.nykoping.se\/toleransprojektet\/wp-content\/uploads\/sites\/51\/2018\/03\/DSCF7630-1024x768.jpg 1024w, https:\/\/blogg.nykoping.se\/toleransprojektet\/wp-content\/uploads\/sites\/51\/2018\/03\/DSCF7630-768x576.jpg 768w\" sizes=\"auto, (max-width: 4608px) 100vw, 4608px\" \/><\/p>\n","protected":false},"excerpt":{"rendered":"<p>Idag har v\u00e5r dag haft tv\u00e5 v\u00e4ldigt olika teman. Vi \u00e5terv\u00e4nde f\u00f6rst till Auschwitz Birkenau f\u00f6r att se och uppleva den del av l\u00e4gret som \u00e4gnade sig \u00e5t sj\u00e4lva f\u00f6rintelsen av de m\u00e4nniskor som kom hit. Vi var en av de f\u00f6rsta grupperna in genom D\u00f6dens port. Vi stod p\u00e5 rampen och gjorde en tanke\u00f6vning &hellip; <a href=\"https:\/\/blogg.nykoping.se\/toleransprojektet\/2018\/03\/08\/resa-1-i-forintelsens-spar-i-auschwitz-och-det-judiska-oswiecim\/\" class=\"more-link\">Forts\u00e4tt l\u00e4sa <span class=\"screen-reader-text\">Resa 1: I F\u00f6rintelsens sp\u00e5r i Auschwitz och det judiska Oswiecim<\/span><\/a><\/p>\n","protected":false},"author":203,"featured_media":0,"comment_status":"open","ping_status":"open","sticky":false,"template":"","format":"standard","meta":{"footnotes":""},"categories":[1],"tags":[],"class_list":["post-1301","post","type-post","status-publish","format-standard","hentry","category-okategoriserade"],"_links":{"self":[{"href":"https:\/\/blogg.nykoping.se\/toleransprojektet\/wp-json\/wp\/v2\/posts\/1301","targetHints":{"allow":["GET"]}}],"collection":[{"href":"https:\/\/blogg.nykoping.se\/toleransprojektet\/wp-json\/wp\/v2\/posts"}],"about":[{"href":"https:\/\/blogg.nykoping.se\/toleransprojektet\/wp-json\/wp\/v2\/types\/post"}],"author":[{"embeddable":true,"href":"https:\/\/blogg.nykoping.se\/toleransprojektet\/wp-json\/wp\/v2\/users\/203"}],"replies":[{"embeddable":true,"href":"https:\/\/blogg.nykoping.se\/toleransprojektet\/wp-json\/wp\/v2\/comments?post=1301"}],"version-history":[{"count":5,"href":"https:\/\/blogg.nykoping.se\/toleransprojektet\/wp-json\/wp\/v2\/posts\/1301\/revisions"}],"predecessor-version":[{"id":1319,"href":"https:\/\/blogg.nykoping.se\/toleransprojektet\/wp-json\/wp\/v2\/posts\/1301\/revisions\/1319"}],"wp:attachment":[{"href":"https:\/\/blogg.nykoping.se\/toleransprojektet\/wp-json\/wp\/v2\/media?parent=1301"}],"wp:term":[{"taxonomy":"category","embeddable":true,"href":"https:\/\/blogg.nykoping.se\/toleransprojektet\/wp-json\/wp\/v2\/categories?post=1301"},{"taxonomy":"post_tag","embeddable":true,"href":"https:\/\/blogg.nykoping.se\/toleransprojektet\/wp-json\/wp\/v2\/tags?post=1301"}],"curies":[{"name":"wp","href":"https:\/\/api.w.org\/{rel}","templated":true}]}}