{"id":1256,"date":"2018-03-06T22:35:58","date_gmt":"2018-03-06T21:35:58","guid":{"rendered":"http:\/\/blogg.nykoping.se\/toleransprojektet\/?p=1256"},"modified":"2018-03-06T22:35:58","modified_gmt":"2018-03-06T21:35:58","slug":"resa-1-i-forintelsens-spar-i-josefow","status":"publish","type":"post","link":"https:\/\/blogg.nykoping.se\/toleransprojektet\/2018\/03\/06\/resa-1-i-forintelsens-spar-i-josefow\/","title":{"rendered":"Resa 1: I F\u00f6rintelsens sp\u00e5r i Josefow"},"content":{"rendered":"<p><img loading=\"lazy\" decoding=\"async\" class=\"alignnone size-full wp-image-1272\" src=\"http:\/\/blogg.nykoping.se\/toleransprojektet\/wp-content\/uploads\/sites\/51\/2018\/03\/DSCF6549.jpg\" alt=\"\" width=\"4608\" height=\"3456\" srcset=\"https:\/\/blogg.nykoping.se\/toleransprojektet\/wp-content\/uploads\/sites\/51\/2018\/03\/DSCF6549.jpg 4608w, https:\/\/blogg.nykoping.se\/toleransprojektet\/wp-content\/uploads\/sites\/51\/2018\/03\/DSCF6549-1024x768.jpg 1024w, https:\/\/blogg.nykoping.se\/toleransprojektet\/wp-content\/uploads\/sites\/51\/2018\/03\/DSCF6549-768x576.jpg 768w\" sizes=\"auto, (max-width: 4608px) 100vw, 4608px\" \/><\/p>\n<p><em>Nu sitter jag i skogen i Josefow och jag k\u00e4nner mig tom. Att en s\u00e5 vacker plats b\u00e4r p\u00e5 en s\u00e5 m\u00f6rk historia. Att en person ger ett barn trygghet innan det ska m\u00f6rdas \u00e4r s\u00e5 brutalt att det blir overkligt. Under mig kanske det vilar ett barn som aldrig fick k\u00f6pa leksaker som hen sparade till, aldrig fick bli k\u00e4r, aldrig fick matr\u00e4tten hen ville smaka. Att n\u00e5gon kan ta det s\u00e5 oskyldiga fr\u00e5n ett barn finner jag inga ord f\u00f6r. Jag hoppas att m\u00e4nniskorna h\u00e4r f\u00e5r vila i frid.<\/em><\/p>\n<p><em>H\u00e4r stod m\u00e4nnen och var nerv\u00f6sa och visste inte vad de skulle g\u00f6ra. De t\u00e4nker att det \u00e4r tungt att h\u00f6ra barnens skrik och att inte h\u00f6ra dem andas mer.<\/em><\/p>\n<p><em>Jag tycker att det \u00e4r hemskt. S\u00e5 m\u00e5nga barn och vuxna som inte har gjort n\u00e5got illa. De har bara varit vanliga m\u00e4nniskor. M\u00e4nniskor som nazisterna tyckte var fel. Barnen hade ju inte gjort n\u00e5got. De hade s\u00e4kert lekt med kompisar dagen innan.<\/em><\/p>\n<p><em>Det k\u00e4nns hemskt att vara p\u00e5 just den platsen allt detta skedde. Det k\u00e4nns overkligt. Det \u00e4r s\u00e5 tyst och det \u00e4r s\u00e5 sv\u00e5rt att f\u00f6rest\u00e4lla sig att 1500 m\u00e4nniskor dog h\u00e4r. Mina tankar g\u00e5r till alla som dog h\u00e4r och jag tycker att v\u00e4rlden inte skulle sett ut s\u00e5 h\u00e4r.<\/em><\/p>\n<p><img loading=\"lazy\" decoding=\"async\" class=\"alignnone size-full wp-image-1270\" src=\"http:\/\/blogg.nykoping.se\/toleransprojektet\/wp-content\/uploads\/sites\/51\/2018\/03\/DSCF6533.jpg\" alt=\"\" width=\"4608\" height=\"3456\" srcset=\"https:\/\/blogg.nykoping.se\/toleransprojektet\/wp-content\/uploads\/sites\/51\/2018\/03\/DSCF6533.jpg 4608w, https:\/\/blogg.nykoping.se\/toleransprojektet\/wp-content\/uploads\/sites\/51\/2018\/03\/DSCF6533-1024x768.jpg 1024w, https:\/\/blogg.nykoping.se\/toleransprojektet\/wp-content\/uploads\/sites\/51\/2018\/03\/DSCF6533-768x576.jpg 768w\" sizes=\"auto, (max-width: 4608px) 100vw, 4608px\" \/><\/p>\n<div id='gallery-1' class='gallery galleryid-1256 gallery-columns-3 gallery-size-thumbnail'><figure class='gallery-item'>\n\t\t\t<div class='gallery-icon landscape'>\n\t\t\t\t<a href='https:\/\/blogg.nykoping.se\/toleransprojektet\/dscf6558\/'><img loading=\"lazy\" decoding=\"async\" width=\"150\" height=\"150\" src=\"https:\/\/blogg.nykoping.se\/toleransprojektet\/wp-content\/uploads\/sites\/51\/2018\/03\/DSCF6558-150x150.jpg\" class=\"attachment-thumbnail size-thumbnail\" alt=\"\" \/><\/a>\n\t\t\t<\/div><\/figure><figure class='gallery-item'>\n\t\t\t<div class='gallery-icon landscape'>\n\t\t\t\t<a href='https:\/\/blogg.nykoping.se\/toleransprojektet\/dscf6563\/'><img loading=\"lazy\" decoding=\"async\" width=\"150\" height=\"150\" src=\"https:\/\/blogg.nykoping.se\/toleransprojektet\/wp-content\/uploads\/sites\/51\/2018\/03\/DSCF6563-150x150.jpg\" class=\"attachment-thumbnail size-thumbnail\" alt=\"\" \/><\/a>\n\t\t\t<\/div><\/figure><figure class='gallery-item'>\n\t\t\t<div class='gallery-icon landscape'>\n\t\t\t\t<a href='https:\/\/blogg.nykoping.se\/toleransprojektet\/dscf6556\/'><img loading=\"lazy\" decoding=\"async\" width=\"150\" height=\"150\" src=\"https:\/\/blogg.nykoping.se\/toleransprojektet\/wp-content\/uploads\/sites\/51\/2018\/03\/DSCF6556-150x150.jpg\" class=\"attachment-thumbnail size-thumbnail\" alt=\"\" \/><\/a>\n\t\t\t<\/div><\/figure>\n\t\t<\/div>\n\n<p>S\u00e5 skriver Freja, Kasper, Linn och Erik d\u00e4r de idag satt i tallskogen strax utanf\u00f6r byn Josefow d\u00e4r en grupp helt vanliga m\u00e4n, polisbataljon 101 fr\u00e5n Hamburg under ledning av major Wilhelm Trapp utf\u00f6rde sin allra f\u00f6rsta order. De fick uppgiften att m\u00f6rda hela den judiska befolkningen i Josefow &#8211; barnen, kvinnorna och m\u00e4nnen. Ettusenfemhundra m\u00e4nniskor skjuts till d\u00f6ds av cirka femhundra familjef\u00e4der fr\u00e5n Hamburg. Hur ska man f\u00f6rst\u00e5 det?<\/p>\n<p><img loading=\"lazy\" decoding=\"async\" class=\"alignnone size-full wp-image-1271\" src=\"http:\/\/blogg.nykoping.se\/toleransprojektet\/wp-content\/uploads\/sites\/51\/2018\/03\/DSCF6541.jpg\" alt=\"\" width=\"4608\" height=\"3456\" srcset=\"https:\/\/blogg.nykoping.se\/toleransprojektet\/wp-content\/uploads\/sites\/51\/2018\/03\/DSCF6541.jpg 4608w, https:\/\/blogg.nykoping.se\/toleransprojektet\/wp-content\/uploads\/sites\/51\/2018\/03\/DSCF6541-1024x768.jpg 1024w, https:\/\/blogg.nykoping.se\/toleransprojektet\/wp-content\/uploads\/sites\/51\/2018\/03\/DSCF6541-768x576.jpg 768w\" sizes=\"auto, (max-width: 4608px) 100vw, 4608px\" \/><\/p>\n<p>Det var ber\u00e4ttelsen om denna h\u00e4ndelse som vi anv\u00e4nde n\u00e4r vi f\u00f6r f\u00f6rsta g\u00e5ngen presenterade Toleransprojektet f\u00f6r eleverna p\u00e5 skolorna.<\/p>\n<p>En flera timmar l\u00e5ng bussresa tog oss fr\u00e5n \u00f6stra till s\u00f6dra Polen och staden Oswiecim &#8211; mer bekant under det tyska namnet Auschwitz. Efter en fin kv\u00e4llssamling med presentationer av dagens gruppuppgift om att skapa en minnestavla och h\u00f6gl\u00e4sning av n\u00e5gra av Josefowtexterna fr\u00e5n idag sover vi nu en st\u00e4rkande s\u00f6mn inf\u00f6r m\u00f6tet med l\u00e4gren Auschwitz Stammlager och Auschwitz Birkenau imorgon.\u00a0Mejas och Mariams Josefowtexter f\u00e5r avsluta denna gr\u00e5kalla men betydelsefulla dag:<\/p>\n<p><em>Det k\u00e4nns helt overkligt. Det ligger som en slags dimma \u00f6ver skogen och ingen v\u00e5gar h\u00f6ja r\u00f6sten. F\u00f6r n\u00e5gon som inte h\u00f6rt historien \u00e4r detta en helt vanlig tallskog men f\u00f6r mig betyder den massor. Att f\u00e5 l\u00e4ra sig om vilka olika instinkter en m\u00e4nniska har \u00e4r skitviktigt f\u00f6r att f\u00f6rst\u00e5 sig sj\u00e4lv och andra.<\/em><\/p>\n<p><em>Jag fastnade f\u00f6r orden som Ola sa: &#8221;Det \u00e4r fysiskt om\u00f6jligt f\u00f6r oss m\u00e4nniskor att m\u00f6rda andra m\u00e4nniskor innan man f\u00f6rst m\u00f6rdar sina m\u00e4nskliga instinkter&#8221;. Det betyder att man f\u00f6rst m\u00e5ste &#8221;m\u00f6rda&#8221; sig sj\u00e4lv innan man kan d\u00f6da andra.\u00a0<\/em><\/p>\n<p><img loading=\"lazy\" decoding=\"async\" class=\"alignnone size-full wp-image-1266\" src=\"http:\/\/blogg.nykoping.se\/toleransprojektet\/wp-content\/uploads\/sites\/51\/2018\/03\/DSCF6623.jpg\" alt=\"\" width=\"4608\" height=\"3456\" srcset=\"https:\/\/blogg.nykoping.se\/toleransprojektet\/wp-content\/uploads\/sites\/51\/2018\/03\/DSCF6623.jpg 4608w, https:\/\/blogg.nykoping.se\/toleransprojektet\/wp-content\/uploads\/sites\/51\/2018\/03\/DSCF6623-1024x768.jpg 1024w, https:\/\/blogg.nykoping.se\/toleransprojektet\/wp-content\/uploads\/sites\/51\/2018\/03\/DSCF6623-768x576.jpg 768w\" sizes=\"auto, (max-width: 4608px) 100vw, 4608px\" \/><\/p>\n<p>&nbsp;<\/p>\n","protected":false},"excerpt":{"rendered":"<p>Nu sitter jag i skogen i Josefow och jag k\u00e4nner mig tom. Att en s\u00e5 vacker plats b\u00e4r p\u00e5 en s\u00e5 m\u00f6rk historia. Att en person ger ett barn trygghet innan det ska m\u00f6rdas \u00e4r s\u00e5 brutalt att det blir overkligt. Under mig kanske det vilar ett barn som aldrig fick k\u00f6pa leksaker som hen &hellip; <a href=\"https:\/\/blogg.nykoping.se\/toleransprojektet\/2018\/03\/06\/resa-1-i-forintelsens-spar-i-josefow\/\" class=\"more-link\">Forts\u00e4tt l\u00e4sa <span class=\"screen-reader-text\">Resa 1: I F\u00f6rintelsens sp\u00e5r i Josefow<\/span><\/a><\/p>\n","protected":false},"author":203,"featured_media":0,"comment_status":"open","ping_status":"open","sticky":false,"template":"","format":"standard","meta":{"footnotes":""},"categories":[1],"tags":[],"class_list":["post-1256","post","type-post","status-publish","format-standard","hentry","category-okategoriserade"],"_links":{"self":[{"href":"https:\/\/blogg.nykoping.se\/toleransprojektet\/wp-json\/wp\/v2\/posts\/1256","targetHints":{"allow":["GET"]}}],"collection":[{"href":"https:\/\/blogg.nykoping.se\/toleransprojektet\/wp-json\/wp\/v2\/posts"}],"about":[{"href":"https:\/\/blogg.nykoping.se\/toleransprojektet\/wp-json\/wp\/v2\/types\/post"}],"author":[{"embeddable":true,"href":"https:\/\/blogg.nykoping.se\/toleransprojektet\/wp-json\/wp\/v2\/users\/203"}],"replies":[{"embeddable":true,"href":"https:\/\/blogg.nykoping.se\/toleransprojektet\/wp-json\/wp\/v2\/comments?post=1256"}],"version-history":[{"count":7,"href":"https:\/\/blogg.nykoping.se\/toleransprojektet\/wp-json\/wp\/v2\/posts\/1256\/revisions"}],"predecessor-version":[{"id":1278,"href":"https:\/\/blogg.nykoping.se\/toleransprojektet\/wp-json\/wp\/v2\/posts\/1256\/revisions\/1278"}],"wp:attachment":[{"href":"https:\/\/blogg.nykoping.se\/toleransprojektet\/wp-json\/wp\/v2\/media?parent=1256"}],"wp:term":[{"taxonomy":"category","embeddable":true,"href":"https:\/\/blogg.nykoping.se\/toleransprojektet\/wp-json\/wp\/v2\/categories?post=1256"},{"taxonomy":"post_tag","embeddable":true,"href":"https:\/\/blogg.nykoping.se\/toleransprojektet\/wp-json\/wp\/v2\/tags?post=1256"}],"curies":[{"name":"wp","href":"https:\/\/api.w.org\/{rel}","templated":true}]}}