{"id":1235,"date":"2018-03-05T22:12:30","date_gmt":"2018-03-05T21:12:30","guid":{"rendered":"http:\/\/blogg.nykoping.se\/toleransprojektet\/?p=1235"},"modified":"2018-03-05T22:12:30","modified_gmt":"2018-03-05T21:12:30","slug":"resa-1-i-forintelsens-spar-i-izbica-och-belzec","status":"publish","type":"post","link":"https:\/\/blogg.nykoping.se\/toleransprojektet\/2018\/03\/05\/resa-1-i-forintelsens-spar-i-izbica-och-belzec\/","title":{"rendered":"Resa 1: I F\u00f6rintelsens sp\u00e5r i Izbica och Belzec"},"content":{"rendered":"<p><img loading=\"lazy\" decoding=\"async\" class=\"alignnone size-full wp-image-1251\" src=\"http:\/\/blogg.nykoping.se\/toleransprojektet\/wp-content\/uploads\/sites\/51\/2018\/03\/DSCF6116.jpg\" alt=\"\" width=\"4608\" height=\"3456\" srcset=\"https:\/\/blogg.nykoping.se\/toleransprojektet\/wp-content\/uploads\/sites\/51\/2018\/03\/DSCF6116.jpg 4608w, https:\/\/blogg.nykoping.se\/toleransprojektet\/wp-content\/uploads\/sites\/51\/2018\/03\/DSCF6116-1024x768.jpg 1024w, https:\/\/blogg.nykoping.se\/toleransprojektet\/wp-content\/uploads\/sites\/51\/2018\/03\/DSCF6116-768x576.jpg 768w\" sizes=\"auto, (max-width: 4608px) 100vw, 4608px\" \/><\/p>\n<p>Idag begav vi oss fr\u00e5n Lublin mot det lilla samh\u00e4llet Izbica. Izbica var f\u00f6re F\u00f6rintelsen en s\u00e5 kallad stetl, en judisk by \u2013 utan en enda kyrka. D\u00e4r f\u00f6ljde vi sp\u00e5ren efter det judiska liv som f\u00f6rsvann och h\u00f6rde ber\u00e4ttelsen om en man vars livs\u00f6de fick oss att fundera \u00f6ver fr\u00e5gan: Vem \u00e4r jag? Vem vill jag vara? Hur ska jag v\u00e4lja r\u00e4tt i livet? Innan vi l\u00e4mnade Izbica skrev eleverna en text med rubriken: Minnet av mig. Hur vill jag bli ih\u00e5gkommen n\u00e4r jag inte l\u00e4ngre finns? S\u00e5 h\u00e4r skrev Freja, Mariam och Elisabeth:<\/p>\n<p><em>Jag vill bli ih\u00e5gkommen som en person som gjort skillnad. Kanske inte med n\u00e5got v\u00e4rldsrevolutionerande men som n\u00e5gon som hj\u00e4lpt dig som individ eller som mindre grupp. Jag vill att folk ska se mig som den jag var och aldrig som n\u00e5got annat. Jag hoppas att de kommer att s\u00e4ga: Hon stod upp f\u00f6r sig sj\u00e4lv och andra.<\/em><\/p>\n<p><em>Jag vill inte att m\u00e4nniskor ska s\u00e4ga falska saker om mig n\u00e4r jag \u00e4r borta. Jag vill bara att de ska s\u00e4ga sanningen, att jag var en m\u00e4nniska och att jag dog som alla andra m\u00e4nniskor som n\u00e5gonsin d\u00f6tt. Jag vill inte att de ska s\u00e4ga att jag var s\u00e4rskilt sn\u00e4ll eller omt\u00e4nksam eller modig. F\u00f6r det finns j\u00e4ttem\u00e5nga d\u00f6da m\u00e4nniskor som har varit extremt mycket sn\u00e4llare eller modigare \u00e4n jag. Det som de kommer att s\u00e4ga om mig kommer besluten som jag g\u00f6r i mitt liv att avg\u00f6ra.<\/em><\/p>\n<p><em>Jag vill att man minns mig som en glad och positiv tjej som alltid bryr sig mer om andra \u00e4n om sig sj\u00e4lv. En bra v\u00e4n som inte avsl\u00f6jar n\u00e5got som man inte f\u00e5r, att man ska s\u00e4ga att jag var en v\u00e4ldigt p\u00e5litlig person. Att jag brydde mig om mina medm\u00e4nniskor och \u00e4lskade dem av hela mitt hj\u00e4rta.\u00a0<\/em><\/p>\n<p>Alla fick ocks\u00e5 rita en symbol f\u00f6r sig sj\u00e4lva &#8211; en symbol som de k\u00e4nde beskriver vem man \u00e4r. Alex ritade en flagga som inneh\u00f6ll b\u00e5de den samiska och romska flaggan och symbolerna, f\u00f6r han k\u00e4nner att han har allt detta med sig i sin identitet. Miguel ritade en flagga med delar av den svenska och portugisiska flaggan och lade till en fotboll och ett kors &#8211; det som \u00e4r hans intresse och hans tro. Bland alla symboler som ritades fanns solar, hj\u00e4rtan, tr\u00e4d, evighetstecken, trianglar, vattenv\u00e5gor, djur och h\u00e4nder.<\/p>\n<div id='gallery-1' class='gallery galleryid-1235 gallery-columns-3 gallery-size-thumbnail'><figure class='gallery-item'>\n\t\t\t<div class='gallery-icon landscape'>\n\t\t\t\t<a href='https:\/\/blogg.nykoping.se\/toleransprojektet\/dscf6106\/'><img loading=\"lazy\" decoding=\"async\" width=\"150\" height=\"150\" src=\"https:\/\/blogg.nykoping.se\/toleransprojektet\/wp-content\/uploads\/sites\/51\/2018\/03\/DSCF6106-150x150.jpg\" class=\"attachment-thumbnail size-thumbnail\" alt=\"\" \/><\/a>\n\t\t\t<\/div><\/figure><figure class='gallery-item'>\n\t\t\t<div class='gallery-icon landscape'>\n\t\t\t\t<a href='https:\/\/blogg.nykoping.se\/toleransprojektet\/dscf6077\/'><img loading=\"lazy\" decoding=\"async\" width=\"150\" height=\"150\" src=\"https:\/\/blogg.nykoping.se\/toleransprojektet\/wp-content\/uploads\/sites\/51\/2018\/03\/DSCF6077-150x150.jpg\" class=\"attachment-thumbnail size-thumbnail\" alt=\"\" \/><\/a>\n\t\t\t<\/div><\/figure><figure class='gallery-item'>\n\t\t\t<div class='gallery-icon landscape'>\n\t\t\t\t<a href='https:\/\/blogg.nykoping.se\/toleransprojektet\/dscf6145\/'><img loading=\"lazy\" decoding=\"async\" width=\"150\" height=\"150\" src=\"https:\/\/blogg.nykoping.se\/toleransprojektet\/wp-content\/uploads\/sites\/51\/2018\/03\/DSCF6145-150x150.jpg\" class=\"attachment-thumbnail size-thumbnail\" alt=\"\" \/><\/a>\n\t\t\t<\/div><\/figure>\n\t\t<\/div>\n\n<p><img loading=\"lazy\" decoding=\"async\" class=\"alignnone size-full wp-image-1242\" src=\"http:\/\/blogg.nykoping.se\/toleransprojektet\/wp-content\/uploads\/sites\/51\/2018\/03\/DSCF6117.jpg\" alt=\"\" width=\"4608\" height=\"3456\" srcset=\"https:\/\/blogg.nykoping.se\/toleransprojektet\/wp-content\/uploads\/sites\/51\/2018\/03\/DSCF6117.jpg 4608w, https:\/\/blogg.nykoping.se\/toleransprojektet\/wp-content\/uploads\/sites\/51\/2018\/03\/DSCF6117-1024x768.jpg 1024w, https:\/\/blogg.nykoping.se\/toleransprojektet\/wp-content\/uploads\/sites\/51\/2018\/03\/DSCF6117-768x576.jpg 768w\" sizes=\"auto, (max-width: 4608px) 100vw, 4608px\" \/><\/p>\n<p>Efter en rej\u00e4l lunch rullade v\u00e5r buss in mot Belzec \u2013 det av Operation Reinharts f\u00f6rintelsel\u00e4ger som byggdes f\u00f6rst och som blev en prototyp f\u00f6r de andra tv\u00e5 f\u00f6rintelsel\u00e4gren, Treblinka och Sobibor. H\u00e4r m\u00f6tte eleverna \u00e5terigen SS-mannen Kurt Gerstein. Den f\u00f6rsta g\u00e5ngen de fick lyssna till hans ber\u00e4ttelse befann vi oss p\u00e5 S\u00f6ra. Nu st\u00e5r han i Belzec den 18 augusti 1942 och f\u00f6ljer en transport judar fr\u00e5n staden Lvov som rullar in p\u00e5 perrongen.<\/p>\n<p><img loading=\"lazy\" decoding=\"async\" class=\"alignnone size-full wp-image-1245\" src=\"http:\/\/blogg.nykoping.se\/toleransprojektet\/wp-content\/uploads\/sites\/51\/2018\/03\/DSCF6302.jpg\" alt=\"\" width=\"3456\" height=\"4608\" srcset=\"https:\/\/blogg.nykoping.se\/toleransprojektet\/wp-content\/uploads\/sites\/51\/2018\/03\/DSCF6302.jpg 3456w, https:\/\/blogg.nykoping.se\/toleransprojektet\/wp-content\/uploads\/sites\/51\/2018\/03\/DSCF6302-768x1024.jpg 768w\" sizes=\"auto, (max-width: 3456px) 100vw, 3456px\" \/><\/p>\n<div id='gallery-2' class='gallery galleryid-1235 gallery-columns-3 gallery-size-thumbnail'><figure class='gallery-item'>\n\t\t\t<div class='gallery-icon landscape'>\n\t\t\t\t<a href='https:\/\/blogg.nykoping.se\/toleransprojektet\/dscf6426\/'><img loading=\"lazy\" decoding=\"async\" width=\"150\" height=\"150\" src=\"https:\/\/blogg.nykoping.se\/toleransprojektet\/wp-content\/uploads\/sites\/51\/2018\/03\/DSCF6426-150x150.jpg\" class=\"attachment-thumbnail size-thumbnail\" alt=\"\" \/><\/a>\n\t\t\t<\/div><\/figure><figure class='gallery-item'>\n\t\t\t<div class='gallery-icon landscape'>\n\t\t\t\t<a href='https:\/\/blogg.nykoping.se\/toleransprojektet\/dscf6219\/'><img loading=\"lazy\" decoding=\"async\" width=\"150\" height=\"150\" src=\"https:\/\/blogg.nykoping.se\/toleransprojektet\/wp-content\/uploads\/sites\/51\/2018\/03\/DSCF6219-150x150.jpg\" class=\"attachment-thumbnail size-thumbnail\" alt=\"\" \/><\/a>\n\t\t\t<\/div><\/figure><figure class='gallery-item'>\n\t\t\t<div class='gallery-icon landscape'>\n\t\t\t\t<a href='https:\/\/blogg.nykoping.se\/toleransprojektet\/dscf6389\/'><img loading=\"lazy\" decoding=\"async\" width=\"150\" height=\"150\" src=\"https:\/\/blogg.nykoping.se\/toleransprojektet\/wp-content\/uploads\/sites\/51\/2018\/03\/DSCF6389-150x150.jpg\" class=\"attachment-thumbnail size-thumbnail\" alt=\"\" \/><\/a>\n\t\t\t<\/div><\/figure>\n\t\t<\/div>\n\n<p>I Belzec m\u00f6rdades en halv miljon judar. Tv\u00e5 \u00f6verlevde. Ovanf\u00f6r den f\u00f6re detta gaskammaren skrev eleverna under rubriken: Vad \u00e4r ondska och var kommer den ifr\u00e5n? S\u00e5 h\u00e4r skriver Pontus och Emma:<\/p>\n<p><em>Ondskan kommer fr\u00e5n m\u00e4nniskor f\u00f6r alla har n\u00e5got ont inom sig.<\/em><\/p>\n<p><em>Ondska f\u00f6r mig \u00e4r n\u00e4r man inte kan s\u00e4tta sig in i andras situation. N\u00e4r man g\u00f6r h\u00e4nsynsl\u00f6sa saker mot andra m\u00e4nniskor och inte ens t\u00e4nker p\u00e5 hur det skulle vara om man sj\u00e4lv var d\u00e4r. Ondska \u00e4r ocks\u00e5 n\u00e4r man v\u00e4grar inse att man gjort fel.<\/em><\/p>\n<p>Vid kv\u00e4llens samling fick eleverna bland annat uppgiften att skriva om denna plats f\u00f6r det barn de alla har klistrat in ett foto av i sin skrivbok. Hur ber\u00e4ttar man f\u00f6r ett barn om en plats som Belzec? S\u00e5 h\u00e4r valde Wania att skriva:<\/p>\n<p><em>Mitt barn. Belzec \u00e4r en plats d\u00e4r m\u00e5nga m\u00e4nniskor f\u00f6rsvann fr\u00e5n denna jord. De f\u00f6rsvann med hj\u00e4lp av andra &#8230; Ingen av dem ville f\u00f6rsvinna p\u00e5 det h\u00e4r hemska s\u00e4ttet. De f\u00f6rsvann och kom aldrig tillbaka. De f\u00f6rsvann p\u00e5 ett s\u00e4tt som ingen ska beh\u00f6va uppleva. Mitt barn &#8230; Belzec var en hemsk plats.<\/em><\/p>\n<p><img loading=\"lazy\" decoding=\"async\" class=\"alignnone size-full wp-image-1247\" src=\"http:\/\/blogg.nykoping.se\/toleransprojektet\/wp-content\/uploads\/sites\/51\/2018\/03\/DSCF6366.jpg\" alt=\"\" width=\"4608\" height=\"3456\" srcset=\"https:\/\/blogg.nykoping.se\/toleransprojektet\/wp-content\/uploads\/sites\/51\/2018\/03\/DSCF6366.jpg 4608w, https:\/\/blogg.nykoping.se\/toleransprojektet\/wp-content\/uploads\/sites\/51\/2018\/03\/DSCF6366-1024x768.jpg 1024w, https:\/\/blogg.nykoping.se\/toleransprojektet\/wp-content\/uploads\/sites\/51\/2018\/03\/DSCF6366-768x576.jpg 768w\" sizes=\"auto, (max-width: 4608px) 100vw, 4608px\" \/><\/p>\n<p>Imorgon ger vi oss av tidigt mot skogen i Josefow d\u00e4r polisbataljon 101 fick utf\u00f6ra sin f\u00f6rsta order. D\u00e4r forts\u00e4tter ber\u00e4ttelsen och v\u00e5r resa i F\u00f6rintelsens sp\u00e5r.<\/p>\n<p><img loading=\"lazy\" decoding=\"async\" class=\"alignnone size-full wp-image-1246\" src=\"http:\/\/blogg.nykoping.se\/toleransprojektet\/wp-content\/uploads\/sites\/51\/2018\/03\/DSCF6321.jpg\" alt=\"\" width=\"4608\" height=\"3456\" srcset=\"https:\/\/blogg.nykoping.se\/toleransprojektet\/wp-content\/uploads\/sites\/51\/2018\/03\/DSCF6321.jpg 4608w, https:\/\/blogg.nykoping.se\/toleransprojektet\/wp-content\/uploads\/sites\/51\/2018\/03\/DSCF6321-1024x768.jpg 1024w, https:\/\/blogg.nykoping.se\/toleransprojektet\/wp-content\/uploads\/sites\/51\/2018\/03\/DSCF6321-768x576.jpg 768w\" sizes=\"auto, (max-width: 4608px) 100vw, 4608px\" \/><\/p>\n","protected":false},"excerpt":{"rendered":"<p>Idag begav vi oss fr\u00e5n Lublin mot det lilla samh\u00e4llet Izbica. Izbica var f\u00f6re F\u00f6rintelsen en s\u00e5 kallad stetl, en judisk by \u2013 utan en enda kyrka. D\u00e4r f\u00f6ljde vi sp\u00e5ren efter det judiska liv som f\u00f6rsvann och h\u00f6rde ber\u00e4ttelsen om en man vars livs\u00f6de fick oss att fundera \u00f6ver fr\u00e5gan: Vem \u00e4r jag? Vem &hellip; <a href=\"https:\/\/blogg.nykoping.se\/toleransprojektet\/2018\/03\/05\/resa-1-i-forintelsens-spar-i-izbica-och-belzec\/\" class=\"more-link\">Forts\u00e4tt l\u00e4sa <span class=\"screen-reader-text\">Resa 1: I F\u00f6rintelsens sp\u00e5r i Izbica och Belzec<\/span><\/a><\/p>\n","protected":false},"author":203,"featured_media":0,"comment_status":"open","ping_status":"open","sticky":false,"template":"","format":"standard","meta":{"footnotes":""},"categories":[1],"tags":[],"class_list":["post-1235","post","type-post","status-publish","format-standard","hentry","category-okategoriserade"],"_links":{"self":[{"href":"https:\/\/blogg.nykoping.se\/toleransprojektet\/wp-json\/wp\/v2\/posts\/1235","targetHints":{"allow":["GET"]}}],"collection":[{"href":"https:\/\/blogg.nykoping.se\/toleransprojektet\/wp-json\/wp\/v2\/posts"}],"about":[{"href":"https:\/\/blogg.nykoping.se\/toleransprojektet\/wp-json\/wp\/v2\/types\/post"}],"author":[{"embeddable":true,"href":"https:\/\/blogg.nykoping.se\/toleransprojektet\/wp-json\/wp\/v2\/users\/203"}],"replies":[{"embeddable":true,"href":"https:\/\/blogg.nykoping.se\/toleransprojektet\/wp-json\/wp\/v2\/comments?post=1235"}],"version-history":[{"count":6,"href":"https:\/\/blogg.nykoping.se\/toleransprojektet\/wp-json\/wp\/v2\/posts\/1235\/revisions"}],"predecessor-version":[{"id":1255,"href":"https:\/\/blogg.nykoping.se\/toleransprojektet\/wp-json\/wp\/v2\/posts\/1235\/revisions\/1255"}],"wp:attachment":[{"href":"https:\/\/blogg.nykoping.se\/toleransprojektet\/wp-json\/wp\/v2\/media?parent=1235"}],"wp:term":[{"taxonomy":"category","embeddable":true,"href":"https:\/\/blogg.nykoping.se\/toleransprojektet\/wp-json\/wp\/v2\/categories?post=1235"},{"taxonomy":"post_tag","embeddable":true,"href":"https:\/\/blogg.nykoping.se\/toleransprojektet\/wp-json\/wp\/v2\/tags?post=1235"}],"curies":[{"name":"wp","href":"https:\/\/api.w.org\/{rel}","templated":true}]}}