{"id":1226,"date":"2018-03-04T21:59:17","date_gmt":"2018-03-04T20:59:17","guid":{"rendered":"http:\/\/blogg.nykoping.se\/toleransprojektet\/?p=1226"},"modified":"2018-03-04T22:02:09","modified_gmt":"2018-03-04T21:02:09","slug":"resa-1-i-forintelsens-spar-i-lublin","status":"publish","type":"post","link":"https:\/\/blogg.nykoping.se\/toleransprojektet\/2018\/03\/04\/resa-1-i-forintelsens-spar-i-lublin\/","title":{"rendered":"Resa 1: I F\u00f6rintelsens sp\u00e5r i Lublin"},"content":{"rendered":"<p><img loading=\"lazy\" decoding=\"async\" class=\"alignnone size-full wp-image-1216\" src=\"http:\/\/blogg.nykoping.se\/toleransprojektet\/wp-content\/uploads\/sites\/51\/2018\/03\/DSCF5775.jpg\" alt=\"\" width=\"4608\" height=\"3456\" srcset=\"https:\/\/blogg.nykoping.se\/toleransprojektet\/wp-content\/uploads\/sites\/51\/2018\/03\/DSCF5775.jpg 4608w, https:\/\/blogg.nykoping.se\/toleransprojektet\/wp-content\/uploads\/sites\/51\/2018\/03\/DSCF5775-1024x768.jpg 1024w, https:\/\/blogg.nykoping.se\/toleransprojektet\/wp-content\/uploads\/sites\/51\/2018\/03\/DSCF5775-768x576.jpg 768w\" sizes=\"auto, (max-width: 4608px) 100vw, 4608px\" \/><\/p>\n<p>Nu befinner sig Toleransprojektets f\u00f6rsta grupp i Polen. Ig\u00e5r eftermiddag landade vi i Lublin, en stad i \u00f6stra Polen som kom att bli centrum f\u00f6r F\u00f6rintelsens administration.<\/p>\n<p>P\u00e5 f\u00f6rmiddagen idag kom vi till koncentrationsl\u00e4gret Majdanek i Lublin. Som mest fanns h\u00e4r 25 000 m\u00e4nniskor. Vi m\u00f6tte \u00e5terigen ber\u00e4ttelsen om Polisbataljon 101 i diken d\u00e4r masskjutningar \u00e4gde rum och d\u00e4r vi satte oss i l\u00e4 f\u00f6r den bitande vinden.<\/p>\n<p><img loading=\"lazy\" decoding=\"async\" class=\"alignnone size-full wp-image-1212\" src=\"http:\/\/blogg.nykoping.se\/toleransprojektet\/wp-content\/uploads\/sites\/51\/2018\/03\/DSCF5694.jpg\" alt=\"\" width=\"4608\" height=\"3456\" srcset=\"https:\/\/blogg.nykoping.se\/toleransprojektet\/wp-content\/uploads\/sites\/51\/2018\/03\/DSCF5694.jpg 4608w, https:\/\/blogg.nykoping.se\/toleransprojektet\/wp-content\/uploads\/sites\/51\/2018\/03\/DSCF5694-1024x768.jpg 1024w, https:\/\/blogg.nykoping.se\/toleransprojektet\/wp-content\/uploads\/sites\/51\/2018\/03\/DSCF5694-768x576.jpg 768w\" sizes=\"auto, (max-width: 4608px) 100vw, 4608px\" \/><\/p>\n<p>Ola ber\u00e4ttade om den s\u00e5 kallade Sk\u00f6rdefesten &#8211; ett massmord som \u00e4gde rum just i det dike d\u00e4r vi satt. Vi gick vidare till krematoriet och fick veta hur man hantera de d\u00f6da kropparna och d\u00e4rifr\u00e5n vidare till ett antal tr\u00e4baracker som visade de levnadsf\u00f6rh\u00e5llanden f\u00e5ngarna tvingades leva under. I en barack fanns massor av skor. D\u00e4r blev uppgiften att v\u00e4lja en sko och ge den en historia. Vem kan t\u00e4nkas ha burit denna sko? H\u00e4r skriver Kellie:<\/p>\n<p><em>Den h\u00e4r skon har suttit p\u00e5 en m\u00e4nniska som inte vet vad som h\u00e4nder , som inte vet var hen ska. M\u00e4nniskan har valt ut det h\u00e4r paret skor, kanske i tanken om: Vart jag \u00e4n ska s\u00e5 kommer de att vara bra. M\u00e4nniskan kom till Majdanek och har fortfarande ingen aning om vad som p\u00e5g\u00e5r. Skon har suttit p\u00e5 en r\u00e4dd m\u00e4nniska som ser andra m\u00f6rdas &#8211; tills det blir skon \u00e4gares tur.<\/em><\/p>\n<p><img loading=\"lazy\" decoding=\"async\" class=\"alignnone size-full wp-image-1217\" src=\"http:\/\/blogg.nykoping.se\/toleransprojektet\/wp-content\/uploads\/sites\/51\/2018\/03\/DSCF5781.jpg\" alt=\"\" width=\"4608\" height=\"3456\" srcset=\"https:\/\/blogg.nykoping.se\/toleransprojektet\/wp-content\/uploads\/sites\/51\/2018\/03\/DSCF5781.jpg 4608w, https:\/\/blogg.nykoping.se\/toleransprojektet\/wp-content\/uploads\/sites\/51\/2018\/03\/DSCF5781-1024x768.jpg 1024w, https:\/\/blogg.nykoping.se\/toleransprojektet\/wp-content\/uploads\/sites\/51\/2018\/03\/DSCF5781-768x576.jpg 768w\" sizes=\"auto, (max-width: 4608px) 100vw, 4608px\" \/><\/p>\n<p>P\u00e5 baksidan av gaskammaren avslutade vi Majdanekbes\u00f6ket med en beskrivning av hur det gick till n\u00e4r m\u00e4nniskorna st\u00e4ngdes in d\u00e4r och man f\u00f6rs\u00f6kte dr\u00e4nka deras skrik med hj\u00e4lp av lastbilsmotorer.<\/p>\n<div id='gallery-1' class='gallery galleryid-1226 gallery-columns-3 gallery-size-thumbnail'><figure class='gallery-item'>\n\t\t\t<div class='gallery-icon landscape'>\n\t\t\t\t<a href='https:\/\/blogg.nykoping.se\/toleransprojektet\/dscf5666\/'><img loading=\"lazy\" decoding=\"async\" width=\"150\" height=\"150\" src=\"https:\/\/blogg.nykoping.se\/toleransprojektet\/wp-content\/uploads\/sites\/51\/2018\/03\/DSCF5666-150x150.jpg\" class=\"attachment-thumbnail size-thumbnail\" alt=\"\" \/><\/a>\n\t\t\t<\/div><\/figure><figure class='gallery-item'>\n\t\t\t<div class='gallery-icon landscape'>\n\t\t\t\t<a href='https:\/\/blogg.nykoping.se\/toleransprojektet\/dscf5741\/'><img loading=\"lazy\" decoding=\"async\" width=\"150\" height=\"150\" src=\"https:\/\/blogg.nykoping.se\/toleransprojektet\/wp-content\/uploads\/sites\/51\/2018\/03\/DSCF5741-150x150.jpg\" class=\"attachment-thumbnail size-thumbnail\" alt=\"\" \/><\/a>\n\t\t\t<\/div><\/figure><figure class='gallery-item'>\n\t\t\t<div class='gallery-icon landscape'>\n\t\t\t\t<a href='https:\/\/blogg.nykoping.se\/toleransprojektet\/dscf5762\/'><img loading=\"lazy\" decoding=\"async\" width=\"150\" height=\"150\" src=\"https:\/\/blogg.nykoping.se\/toleransprojektet\/wp-content\/uploads\/sites\/51\/2018\/03\/DSCF5762-150x150.jpg\" class=\"attachment-thumbnail size-thumbnail\" alt=\"\" \/><\/a>\n\t\t\t<\/div><\/figure>\n\t\t<\/div>\n\n<p>Efter lunch l\u00e5g fokus p\u00e5 f\u00f6r\u00f6varna &#8211; hela den administration som l\u00e5g bakom mordet p\u00e5 de judar som bodde i det s\u00e5 kallade Generalguvernementet. Vi gick till det gamla h\u00f6gkvarteret f\u00f6r Operation Reinhart. D\u00e4r finns idag en juridisk institution som h\u00f6r till Lublins universitet. I detta hus h\u00f6ll man f\u00f6rel\u00e4sningar, planerade och tog viktiga beslut om F\u00f6rintelsen. I detta h\u00f6gkvarter skrev Gustav en text om vad makt kan g\u00f6ra med en m\u00e4nniska:<\/p>\n<p><em>Makt kan g\u00f6ra en m\u00e4nniska maktgalen och man kan till och med offra sina n\u00e4rmaste f\u00f6r att f\u00e5 makten. Den som f\u00e5r makt blir som n\u00e5gon slags ledare eller f\u00f6rebild f\u00f6r andra. Det g\u00e4ller att f\u00f6rdela r\u00e4ttvisa och ge bort lite av sin makt till andra s\u00e5 att man dels \u00e4r en bra f\u00f6rebild men ocks\u00e5 \u00e4r r\u00e4ttvis.<\/em><\/p>\n<p><img loading=\"lazy\" decoding=\"async\" class=\"alignnone size-full wp-image-1219\" src=\"http:\/\/blogg.nykoping.se\/toleransprojektet\/wp-content\/uploads\/sites\/51\/2018\/03\/DSCF5908.jpg\" alt=\"\" width=\"4608\" height=\"3456\" srcset=\"https:\/\/blogg.nykoping.se\/toleransprojektet\/wp-content\/uploads\/sites\/51\/2018\/03\/DSCF5908.jpg 4608w, https:\/\/blogg.nykoping.se\/toleransprojektet\/wp-content\/uploads\/sites\/51\/2018\/03\/DSCF5908-1024x768.jpg 1024w, https:\/\/blogg.nykoping.se\/toleransprojektet\/wp-content\/uploads\/sites\/51\/2018\/03\/DSCF5908-768x576.jpg 768w\" sizes=\"auto, (max-width: 4608px) 100vw, 4608px\" \/><\/p>\n<p>En av dem som blev en viktig kugge i F\u00f6rintelsens maskineri var Franz Stangl. Ber\u00e4ttelsen om honom och de val han gjorde f\u00f6ljde oss under eftermiddagen. Han blev bland annat kommendant \u00f6ver f\u00f6rintelsel\u00e4gret Sobibor.<\/p>\n<p><img loading=\"lazy\" decoding=\"async\" class=\"alignnone size-full wp-image-1220\" src=\"http:\/\/blogg.nykoping.se\/toleransprojektet\/wp-content\/uploads\/sites\/51\/2018\/03\/DSCF5935.jpg\" alt=\"\" width=\"4608\" height=\"3456\" srcset=\"https:\/\/blogg.nykoping.se\/toleransprojektet\/wp-content\/uploads\/sites\/51\/2018\/03\/DSCF5935.jpg 4608w, https:\/\/blogg.nykoping.se\/toleransprojektet\/wp-content\/uploads\/sites\/51\/2018\/03\/DSCF5935-1024x768.jpg 1024w, https:\/\/blogg.nykoping.se\/toleransprojektet\/wp-content\/uploads\/sites\/51\/2018\/03\/DSCF5935-768x576.jpg 768w\" sizes=\"auto, (max-width: 4608px) 100vw, 4608px\" \/><\/p>\n<p>Hela dagen har olika skrivuppgifter delas ut och under kv\u00e4llssamlingen l\u00e4ste alla basgrupper f\u00f6r varandra av sina texter i b\u00e5de den lilla och stora gruppen. S\u00e5 h\u00e4r sammanfattar Elsa och Rojin dagens mest minnesv\u00e4rda h\u00e4ndelser:<\/p>\n<p><em>Jag kommer att minnas det stora monumentet i Majdanek d\u00e4r det stod: L\u00e5t v\u00e5rt \u00f6de vara en varning f\u00f6r er. Jag k\u00e4nde ocks\u00e5 den h\u00e4r k\u00e4nslan, en dyster, sorgsen k\u00e4nsla. Jag kommer ocks\u00e5 att minnas skorna. N\u00e4r jag var p\u00e5 v\u00e4g in\u00a0 s\u00e5 jag inte var som var d\u00e4r inne. N\u00e4r jag tog f\u00f6rsta steget in i baracken blev det genast tungt i br\u00f6stet. N\u00e4r jag v\u00e4l s\u00e5g var det var sj\u00f6nk hj\u00e4rtat ner i magen.<\/em><\/p>\n<p><em>Idag var vi i Majdanek. Det var en av m\u00e5nga saker som slog mig h\u00e5rt idag och det var hur grymma och k\u00e4nslokalla m\u00e4nniskor kan vara. Jag har inga ord. N\u00e4r vi bes\u00f6kte l\u00e4gret var det enda jag kunde t\u00e4nka: &#8221;Hur kunde man g\u00f6ra s\u00e5 h\u00e4r mot en m\u00e4nniska?&#8221; Vi f\u00f6rs\u00f6ker f\u00f6rst\u00e5 hur nazisterna t\u00e4nkte. Jag skulle s\u00e4ga att jag l\u00e4r mig hur de t\u00e4nkte, f\u00f6r jag f\u00f6rst\u00e5r mig inte alls p\u00e5 dem. Det h\u00e4r \u00e4r n\u00e5got jag aldrig kommer att gl\u00f6mma.<\/em><\/p>\n<p><img loading=\"lazy\" decoding=\"async\" class=\"alignnone size-full wp-image-1221\" src=\"http:\/\/blogg.nykoping.se\/toleransprojektet\/wp-content\/uploads\/sites\/51\/2018\/03\/DSCF5992.jpg\" alt=\"\" width=\"4608\" height=\"3456\" srcset=\"https:\/\/blogg.nykoping.se\/toleransprojektet\/wp-content\/uploads\/sites\/51\/2018\/03\/DSCF5992.jpg 4608w, https:\/\/blogg.nykoping.se\/toleransprojektet\/wp-content\/uploads\/sites\/51\/2018\/03\/DSCF5992-1024x768.jpg 1024w, https:\/\/blogg.nykoping.se\/toleransprojektet\/wp-content\/uploads\/sites\/51\/2018\/03\/DSCF5992-768x576.jpg 768w\" sizes=\"auto, (max-width: 4608px) 100vw, 4608px\" \/><\/p>\n<p>En tapper och tr\u00f6tt skara g\u00e5r nu till s\u00e4ngs f\u00f6r att samla kraft och energi till dagen imorgon. D\u00e5 v\u00e4ntar den lilla byn Izbica och f\u00f6rintelsel\u00e4gret Belzec, d\u00e4r SS-officeren Kurt Gersteins ber\u00e4ttelse forts\u00e4tter.<\/p>\n<p><img loading=\"lazy\" decoding=\"async\" class=\"alignnone size-full wp-image-1218\" src=\"http:\/\/blogg.nykoping.se\/toleransprojektet\/wp-content\/uploads\/sites\/51\/2018\/03\/DSCF5866.jpg\" alt=\"\" width=\"4608\" height=\"3456\" srcset=\"https:\/\/blogg.nykoping.se\/toleransprojektet\/wp-content\/uploads\/sites\/51\/2018\/03\/DSCF5866.jpg 4608w, https:\/\/blogg.nykoping.se\/toleransprojektet\/wp-content\/uploads\/sites\/51\/2018\/03\/DSCF5866-1024x768.jpg 1024w, https:\/\/blogg.nykoping.se\/toleransprojektet\/wp-content\/uploads\/sites\/51\/2018\/03\/DSCF5866-768x576.jpg 768w\" sizes=\"auto, (max-width: 4608px) 100vw, 4608px\" \/><\/p>\n","protected":false},"excerpt":{"rendered":"<p>Nu befinner sig Toleransprojektets f\u00f6rsta grupp i Polen. Ig\u00e5r eftermiddag landade vi i Lublin, en stad i \u00f6stra Polen som kom att bli centrum f\u00f6r F\u00f6rintelsens administration. P\u00e5 f\u00f6rmiddagen idag kom vi till koncentrationsl\u00e4gret Majdanek i Lublin. Som mest fanns h\u00e4r 25 000 m\u00e4nniskor. Vi m\u00f6tte \u00e5terigen ber\u00e4ttelsen om Polisbataljon 101 i diken d\u00e4r masskjutningar &hellip; <a href=\"https:\/\/blogg.nykoping.se\/toleransprojektet\/2018\/03\/04\/resa-1-i-forintelsens-spar-i-lublin\/\" class=\"more-link\">Forts\u00e4tt l\u00e4sa <span class=\"screen-reader-text\">Resa 1: I F\u00f6rintelsens sp\u00e5r i Lublin<\/span><\/a><\/p>\n","protected":false},"author":203,"featured_media":0,"comment_status":"open","ping_status":"open","sticky":false,"template":"","format":"standard","meta":{"footnotes":""},"categories":[1],"tags":[],"class_list":["post-1226","post","type-post","status-publish","format-standard","hentry","category-okategoriserade"],"_links":{"self":[{"href":"https:\/\/blogg.nykoping.se\/toleransprojektet\/wp-json\/wp\/v2\/posts\/1226","targetHints":{"allow":["GET"]}}],"collection":[{"href":"https:\/\/blogg.nykoping.se\/toleransprojektet\/wp-json\/wp\/v2\/posts"}],"about":[{"href":"https:\/\/blogg.nykoping.se\/toleransprojektet\/wp-json\/wp\/v2\/types\/post"}],"author":[{"embeddable":true,"href":"https:\/\/blogg.nykoping.se\/toleransprojektet\/wp-json\/wp\/v2\/users\/203"}],"replies":[{"embeddable":true,"href":"https:\/\/blogg.nykoping.se\/toleransprojektet\/wp-json\/wp\/v2\/comments?post=1226"}],"version-history":[{"count":7,"href":"https:\/\/blogg.nykoping.se\/toleransprojektet\/wp-json\/wp\/v2\/posts\/1226\/revisions"}],"predecessor-version":[{"id":1234,"href":"https:\/\/blogg.nykoping.se\/toleransprojektet\/wp-json\/wp\/v2\/posts\/1226\/revisions\/1234"}],"wp:attachment":[{"href":"https:\/\/blogg.nykoping.se\/toleransprojektet\/wp-json\/wp\/v2\/media?parent=1226"}],"wp:term":[{"taxonomy":"category","embeddable":true,"href":"https:\/\/blogg.nykoping.se\/toleransprojektet\/wp-json\/wp\/v2\/categories?post=1226"},{"taxonomy":"post_tag","embeddable":true,"href":"https:\/\/blogg.nykoping.se\/toleransprojektet\/wp-json\/wp\/v2\/tags?post=1226"}],"curies":[{"name":"wp","href":"https:\/\/api.w.org\/{rel}","templated":true}]}}