{"id":118,"date":"2016-12-01T07:41:26","date_gmt":"2016-12-01T06:41:26","guid":{"rendered":"http:\/\/blogg.nykoping.se\/toleransprojektet\/?p=118"},"modified":"2016-12-01T07:41:26","modified_gmt":"2016-12-01T06:41:26","slug":"fjarde-traffen-att-stanga-andra-ute","status":"publish","type":"post","link":"https:\/\/blogg.nykoping.se\/toleransprojektet\/2016\/12\/01\/fjarde-traffen-att-stanga-andra-ute\/","title":{"rendered":"Fj\u00e4rde tr\u00e4ffen: Att st\u00e4nga andra ute"},"content":{"rendered":"<p><img loading=\"lazy\" decoding=\"async\" class=\"alignnone size-full wp-image-138\" src=\"http:\/\/blogg.nykoping.se\/toleransprojektet\/wp-content\/uploads\/sites\/51\/2016\/12\/Reflektionsskrivande.jpg\" alt=\"reflektionsskrivande\" width=\"4032\" height=\"3024\" srcset=\"https:\/\/blogg.nykoping.se\/toleransprojektet\/wp-content\/uploads\/sites\/51\/2016\/12\/Reflektionsskrivande.jpg 4032w, https:\/\/blogg.nykoping.se\/toleransprojektet\/wp-content\/uploads\/sites\/51\/2016\/12\/Reflektionsskrivande-300x225.jpg 300w, https:\/\/blogg.nykoping.se\/toleransprojektet\/wp-content\/uploads\/sites\/51\/2016\/12\/Reflektionsskrivande-768x576.jpg 768w, https:\/\/blogg.nykoping.se\/toleransprojektet\/wp-content\/uploads\/sites\/51\/2016\/12\/Reflektionsskrivande-1024x768.jpg 1024w\" sizes=\"auto, (max-width: 4032px) 100vw, 4032px\" \/><\/p>\n<p>I kyliga adventstider klev vi in i den gemensamma v\u00e4rmen i v\u00e5r mysiga lokal. Dagen inleddes med uppf\u00f6ljning av guldkorn ur tidigare l\u00e4xuppgifter och med att alla fick skriva ner namnet p\u00e5 en f\u00f6rebild i fr\u00e5ga om mod att l\u00e4gga i glasburken. Malala, Nelson Mandela, Fadime och &#8221;min pappa&#8221; var bara n\u00e5gra av personerna som n\u00e4mndes och skrevs ner. Sedan \u00e4gnade vi oss \u00e5t dagens nya tema: ATT ST\u00c4NGA ANDRA UTE.<\/p>\n<p>Vi b\u00f6rjade med att v\u00e4nda fr\u00e5gan in mot oss sj\u00e4lva. Hur g\u00f6r vi n\u00e4r vi st\u00e4nger andra ute &#8211; med tonfall, kroppsspr\u00e5k, ord och handlingar? Utifr\u00e5n detta gav vi oss in i det f\u00f6rsta stora faktamomentet kring F\u00f6rintelsen som idag handlade om hur nazisterna lade upp planen f\u00f6r och inledde den process som innebar att framf\u00f6rallt judar, men ocks\u00e5 romer och andra grupper, undan f\u00f6r undan st\u00e4ngdes ute och diskriminerades genom s\u00e4rskilda lagar som gjorde livet sv\u00e5rare och sv\u00e5rare.\u00a0Vi analyserade bilder och gick fr\u00e5n \u00e5r 1933 till 1938 &#8211; under flitigt antecknande i skrivb\u00f6ckerna.<\/p>\n<div id='gallery-1' class='gallery galleryid-118 gallery-columns-3 gallery-size-thumbnail'><figure class='gallery-item'>\n\t\t\t<div class='gallery-icon landscape'>\n\t\t\t\t<a href='https:\/\/blogg.nykoping.se\/toleransprojektet\/forelasning-forintelsen\/'><img loading=\"lazy\" decoding=\"async\" width=\"150\" height=\"150\" src=\"https:\/\/blogg.nykoping.se\/toleransprojektet\/wp-content\/uploads\/sites\/51\/2016\/12\/F\u00f6rel\u00e4sning-F\u00f6rintelsen-150x150.jpg\" class=\"attachment-thumbnail size-thumbnail\" alt=\"\" \/><\/a>\n\t\t\t<\/div><\/figure><figure class='gallery-item'>\n\t\t\t<div class='gallery-icon landscape'>\n\t\t\t\t<a href='https:\/\/blogg.nykoping.se\/toleransprojektet\/anteckningar-23-november\/'><img loading=\"lazy\" decoding=\"async\" width=\"150\" height=\"150\" src=\"https:\/\/blogg.nykoping.se\/toleransprojektet\/wp-content\/uploads\/sites\/51\/2016\/11\/Anteckningar-23-november-150x150.jpg\" class=\"attachment-thumbnail size-thumbnail\" alt=\"\" \/><\/a>\n\t\t\t<\/div><\/figure><figure class='gallery-item'>\n\t\t\t<div class='gallery-icon landscape'>\n\t\t\t\t<a href='https:\/\/blogg.nykoping.se\/toleransprojektet\/laxlasning-med-putte\/'><img loading=\"lazy\" decoding=\"async\" width=\"150\" height=\"150\" src=\"https:\/\/blogg.nykoping.se\/toleransprojektet\/wp-content\/uploads\/sites\/51\/2016\/11\/L\u00e4xl\u00e4sning-med-Putte-150x150.jpg\" class=\"attachment-thumbnail size-thumbnail\" alt=\"\" \/><\/a>\n\t\t\t<\/div><\/figure>\n\t\t<\/div>\n\n<p>Dagens ber\u00e4ttelse h\u00e4mtades ur sk\u00f6nlitteraturen, men kunde lika g\u00e4rna ha handlat om verkliga m\u00e4nniskor. Vi f\u00f6ljde den judiska familjen Steiner, bosatta i Wien, fr\u00e5n att Hitlers lagar b\u00f6rjar begr\u00e4nsa och f\u00f6rst\u00f6ra deras liv fram till att deras tv\u00e5 flickor Steffi och Nellie s\u00e4tts med sina resv\u00e4skor p\u00e5 ett t\u00e5g med destination G\u00f6teborg. Eleverna fick uppgiften att i rollen som Steffi skriva en text om de k\u00e4nslor och tankar som finns i hennes inre d\u00e4r hon nu sitter med sin lillasyster p\u00e5 t\u00e5get mot Sverige. Texterna blev fantastiska:<\/p>\n<p>&#8221;Jag \u00e4r Steffi. Jag saknar min mamma och pappa \u00e4ven om det bara g\u00e5tt tv\u00e5 dagar. Nellie sover; alla sover utom jag. Jag \u00e4r s\u00e5 r\u00e4dd f\u00f6r vad som kommer att h\u00e4nda. Jag vill vara med mamma och pappa. \u00c4r Sverige ett b\u00e4ttre land \u00e4n \u00d6sterrike? Kommer nazisterna att invadera Sverige ocks\u00e5? Om det sker, vad kommer att h\u00e4nda d\u00e5? Jag har tusen fr\u00e5gor, men jag m\u00e5ste sova. Imorgon \u00e4r det en ny dag.&#8221;<\/p>\n<p><img loading=\"lazy\" decoding=\"async\" class=\"alignnone size-full wp-image-123\" src=\"http:\/\/blogg.nykoping.se\/toleransprojektet\/wp-content\/uploads\/sites\/51\/2016\/11\/H\u00f6gl\u00e4sning.jpg\" alt=\"hoglasning\" width=\"4032\" height=\"3024\" srcset=\"https:\/\/blogg.nykoping.se\/toleransprojektet\/wp-content\/uploads\/sites\/51\/2016\/11\/H\u00f6gl\u00e4sning.jpg 4032w, https:\/\/blogg.nykoping.se\/toleransprojektet\/wp-content\/uploads\/sites\/51\/2016\/11\/H\u00f6gl\u00e4sning-300x225.jpg 300w, https:\/\/blogg.nykoping.se\/toleransprojektet\/wp-content\/uploads\/sites\/51\/2016\/11\/H\u00f6gl\u00e4sning-768x576.jpg 768w, https:\/\/blogg.nykoping.se\/toleransprojektet\/wp-content\/uploads\/sites\/51\/2016\/11\/H\u00f6gl\u00e4sning-1024x768.jpg 1024w\" sizes=\"auto, (max-width: 4032px) 100vw, 4032px\" \/><\/p>\n<p>Malin h\u00f6gl\u00e4ste ur det f\u00f6rsta kapitlet i boken &#8221;En \u00f6 i havet&#8221; (av Annika Thor) som handlar om Steffi och Nellies nya liv i Sverige och sedan inleddes samarbetslunchen med gruppuppgiften att fylla en resv\u00e4ska &#8211; konkret och symboliskt &#8211; med det inneh\u00e5ll gruppen t\u00e4nkte m\u00e4nniskor k\u00e4nner \u00e4r viktigast n\u00e4r man ska starta ett nytt liv i ett nytt land.<\/p>\n<div id='gallery-2' class='gallery galleryid-118 gallery-columns-3 gallery-size-thumbnail'><figure class='gallery-item'>\n\t\t\t<div class='gallery-icon landscape'>\n\t\t\t\t<a href='https:\/\/blogg.nykoping.se\/toleransprojektet\/samarbete-pa-golvet\/'><img loading=\"lazy\" decoding=\"async\" width=\"150\" height=\"150\" src=\"https:\/\/blogg.nykoping.se\/toleransprojektet\/wp-content\/uploads\/sites\/51\/2016\/12\/Samarbete-p\u00e5-golvet-150x150.jpg\" class=\"attachment-thumbnail size-thumbnail\" alt=\"\" \/><\/a>\n\t\t\t<\/div><\/figure><figure class='gallery-item'>\n\t\t\t<div class='gallery-icon portrait'>\n\t\t\t\t<a href='https:\/\/blogg.nykoping.se\/toleransprojektet\/resvaska-1\/'><img loading=\"lazy\" decoding=\"async\" width=\"150\" height=\"150\" src=\"https:\/\/blogg.nykoping.se\/toleransprojektet\/wp-content\/uploads\/sites\/51\/2016\/11\/Resv\u00e4ska-1-150x150.jpg\" class=\"attachment-thumbnail size-thumbnail\" alt=\"\" \/><\/a>\n\t\t\t<\/div><\/figure><figure class='gallery-item'>\n\t\t\t<div class='gallery-icon landscape'>\n\t\t\t\t<a href='https:\/\/blogg.nykoping.se\/toleransprojektet\/redovisning-resvaska-5\/'><img loading=\"lazy\" decoding=\"async\" width=\"150\" height=\"150\" src=\"https:\/\/blogg.nykoping.se\/toleransprojektet\/wp-content\/uploads\/sites\/51\/2016\/11\/Redovisning-resv\u00e4ska-5-150x150.jpg\" class=\"attachment-thumbnail size-thumbnail\" alt=\"\" \/><\/a>\n\t\t\t<\/div><\/figure>\n\t\t<\/div>\n\n<p>Efter pasta- respektive sopplunch redovisades resv\u00e4skeuppgiften och innan l\u00e4xl\u00e4sningen tog vid r\u00e4ddade vi varandra i samarbets\u00f6vningen Zombien.<\/p>\n<div id='gallery-3' class='gallery galleryid-118 gallery-columns-3 gallery-size-thumbnail'><figure class='gallery-item'>\n\t\t\t<div class='gallery-icon landscape'>\n\t\t\t\t<a href='https:\/\/blogg.nykoping.se\/toleransprojektet\/zombien-1\/'><img loading=\"lazy\" decoding=\"async\" width=\"150\" height=\"150\" src=\"https:\/\/blogg.nykoping.se\/toleransprojektet\/wp-content\/uploads\/sites\/51\/2016\/11\/Zombien-1-150x150.jpg\" class=\"attachment-thumbnail size-thumbnail\" alt=\"\" \/><\/a>\n\t\t\t<\/div><\/figure><figure class='gallery-item'>\n\t\t\t<div class='gallery-icon landscape'>\n\t\t\t\t<a href='https:\/\/blogg.nykoping.se\/toleransprojektet\/zombien\/'><img loading=\"lazy\" decoding=\"async\" width=\"150\" height=\"150\" src=\"https:\/\/blogg.nykoping.se\/toleransprojektet\/wp-content\/uploads\/sites\/51\/2016\/12\/Zombien-150x150.jpg\" class=\"attachment-thumbnail size-thumbnail\" alt=\"\" \/><\/a>\n\t\t\t<\/div><\/figure><figure class='gallery-item'>\n\t\t\t<div class='gallery-icon landscape'>\n\t\t\t\t<a href='https:\/\/blogg.nykoping.se\/toleransprojektet\/laxlasning\/'><img loading=\"lazy\" decoding=\"async\" width=\"150\" height=\"150\" src=\"https:\/\/blogg.nykoping.se\/toleransprojektet\/wp-content\/uploads\/sites\/51\/2016\/11\/L\u00e4xl\u00e4sning-150x150.jpg\" class=\"attachment-thumbnail size-thumbnail\" alt=\"\" \/><\/a>\n\t\t\t<\/div><\/figure>\n\t\t<\/div>\n\n<p>N\u00e4sta g\u00e5ng blir temat k\u00e4rlek och d\u00e4rf\u00f6r blir det kring detta ord eleverna f\u00e5r reflektera och skriva till n\u00e4sta tr\u00e4ff, som blir den sista f\u00f6re jullovet.<\/p>\n<p>H\u00e4r kommer som avslutning n\u00e5gra rader ur en elevtext om att vara modig trots tryck fr\u00e5n en kompisgrupp som g\u00f6r saker man inte tycker k\u00e4nns bra:<\/p>\n<p>&#8221;En g\u00e5ng best\u00e4mde jag mig f\u00f6r att s\u00e4ga det. NEJ. De tre bokst\u00e4verna f\u00f6r\u00e4ndrade mitt liv. Jag b\u00f6rjade s\u00e4ga det allt fler g\u00e5nger och fick mer och mer avst\u00e5nd fr\u00e5n dem. Jag b\u00f6rjade skaffa fler v\u00e4nner som accepterade mig f\u00f6r den jag var och som jag kunde vara mig sj\u00e4lv med. Efter denna h\u00e4ndelse har jag inte l\u00e5tit n\u00e5gon behandla mig p\u00e5 ett s\u00e4tt jag inte gillar. Andra kanske tycker annorlunda men jag tycker att jag \u00e4r MODIG.&#8221;<\/p>\n<p><img loading=\"lazy\" decoding=\"async\" class=\"alignnone size-full wp-image-122\" src=\"http:\/\/blogg.nykoping.se\/toleransprojektet\/wp-content\/uploads\/sites\/51\/2016\/11\/Glada-i-ring.jpg\" alt=\"glada-i-ring\" width=\"4032\" height=\"3024\" srcset=\"https:\/\/blogg.nykoping.se\/toleransprojektet\/wp-content\/uploads\/sites\/51\/2016\/11\/Glada-i-ring.jpg 4032w, https:\/\/blogg.nykoping.se\/toleransprojektet\/wp-content\/uploads\/sites\/51\/2016\/11\/Glada-i-ring-300x225.jpg 300w, https:\/\/blogg.nykoping.se\/toleransprojektet\/wp-content\/uploads\/sites\/51\/2016\/11\/Glada-i-ring-768x576.jpg 768w, https:\/\/blogg.nykoping.se\/toleransprojektet\/wp-content\/uploads\/sites\/51\/2016\/11\/Glada-i-ring-1024x768.jpg 1024w\" sizes=\"auto, (max-width: 4032px) 100vw, 4032px\" \/><\/p>\n<p>&nbsp;<\/p>\n","protected":false},"excerpt":{"rendered":"<p>I kyliga adventstider klev vi in i den gemensamma v\u00e4rmen i v\u00e5r mysiga lokal. Dagen inleddes med uppf\u00f6ljning av guldkorn ur tidigare l\u00e4xuppgifter och med att alla fick skriva ner namnet p\u00e5 en f\u00f6rebild i fr\u00e5ga om mod att l\u00e4gga i glasburken. Malala, Nelson Mandela, Fadime och &#8221;min pappa&#8221; var bara n\u00e5gra av personerna som &hellip; <a href=\"https:\/\/blogg.nykoping.se\/toleransprojektet\/2016\/12\/01\/fjarde-traffen-att-stanga-andra-ute\/\" class=\"more-link\">Forts\u00e4tt l\u00e4sa <span class=\"screen-reader-text\">Fj\u00e4rde tr\u00e4ffen: Att st\u00e4nga andra ute<\/span><\/a><\/p>\n","protected":false},"author":203,"featured_media":0,"comment_status":"open","ping_status":"open","sticky":false,"template":"","format":"standard","meta":{"footnotes":""},"categories":[1],"tags":[],"class_list":["post-118","post","type-post","status-publish","format-standard","hentry","category-okategoriserade"],"_links":{"self":[{"href":"https:\/\/blogg.nykoping.se\/toleransprojektet\/wp-json\/wp\/v2\/posts\/118","targetHints":{"allow":["GET"]}}],"collection":[{"href":"https:\/\/blogg.nykoping.se\/toleransprojektet\/wp-json\/wp\/v2\/posts"}],"about":[{"href":"https:\/\/blogg.nykoping.se\/toleransprojektet\/wp-json\/wp\/v2\/types\/post"}],"author":[{"embeddable":true,"href":"https:\/\/blogg.nykoping.se\/toleransprojektet\/wp-json\/wp\/v2\/users\/203"}],"replies":[{"embeddable":true,"href":"https:\/\/blogg.nykoping.se\/toleransprojektet\/wp-json\/wp\/v2\/comments?post=118"}],"version-history":[{"count":4,"href":"https:\/\/blogg.nykoping.se\/toleransprojektet\/wp-json\/wp\/v2\/posts\/118\/revisions"}],"predecessor-version":[{"id":143,"href":"https:\/\/blogg.nykoping.se\/toleransprojektet\/wp-json\/wp\/v2\/posts\/118\/revisions\/143"}],"wp:attachment":[{"href":"https:\/\/blogg.nykoping.se\/toleransprojektet\/wp-json\/wp\/v2\/media?parent=118"}],"wp:term":[{"taxonomy":"category","embeddable":true,"href":"https:\/\/blogg.nykoping.se\/toleransprojektet\/wp-json\/wp\/v2\/categories?post=118"},{"taxonomy":"post_tag","embeddable":true,"href":"https:\/\/blogg.nykoping.se\/toleransprojektet\/wp-json\/wp\/v2\/tags?post=118"}],"curies":[{"name":"wp","href":"https:\/\/api.w.org\/{rel}","templated":true}]}}