{"id":1170,"date":"2018-03-01T10:45:37","date_gmt":"2018-03-01T09:45:37","guid":{"rendered":"http:\/\/blogg.nykoping.se\/toleransprojektet\/?p=1170"},"modified":"2018-03-01T10:45:37","modified_gmt":"2018-03-01T09:45:37","slug":"nionde-traffen-snart-reser-vi-till-polen","status":"publish","type":"post","link":"https:\/\/blogg.nykoping.se\/toleransprojektet\/2018\/03\/01\/nionde-traffen-snart-reser-vi-till-polen\/","title":{"rendered":"Nionde tr\u00e4ffen: Snart reser vi till Polen"},"content":{"rendered":"<p><img loading=\"lazy\" decoding=\"async\" class=\"alignnone size-full wp-image-1191\" src=\"http:\/\/blogg.nykoping.se\/toleransprojektet\/wp-content\/uploads\/sites\/51\/2018\/03\/IMG_6889.jpg\" alt=\"\" width=\"4032\" height=\"3024\" srcset=\"https:\/\/blogg.nykoping.se\/toleransprojektet\/wp-content\/uploads\/sites\/51\/2018\/03\/IMG_6889.jpg 4032w, https:\/\/blogg.nykoping.se\/toleransprojektet\/wp-content\/uploads\/sites\/51\/2018\/03\/IMG_6889-1024x768.jpg 1024w, https:\/\/blogg.nykoping.se\/toleransprojektet\/wp-content\/uploads\/sites\/51\/2018\/03\/IMG_6889-768x576.jpg 768w\" sizes=\"auto, (max-width: 4032px) 100vw, 4032px\" \/><\/p>\n<p>Nu \u00e4r det snart mars och resorna till Polen n\u00e4rmar sig med stormsteg. Grupp 1 g\u00f6r sin resa 3-11 mars och grupp 2 \u00e5ker 17-25 mars. Ni kommer sj\u00e4lvklart att kunna f\u00f6lja b\u00e5da dessa resor h\u00e4r p\u00e5 bloggen. Eleverna kommer att bidra med reflektioner och \u00f6gonblicksbilder fr\u00e5n de olika platser vi bes\u00f6ker.<\/p>\n<div id='gallery-1' class='gallery galleryid-1170 gallery-columns-3 gallery-size-thumbnail'><figure class='gallery-item'>\n\t\t\t<div class='gallery-icon landscape'>\n\t\t\t\t<a href='https:\/\/blogg.nykoping.se\/toleransprojektet\/img_6764\/'><img loading=\"lazy\" decoding=\"async\" width=\"150\" height=\"150\" src=\"https:\/\/blogg.nykoping.se\/toleransprojektet\/wp-content\/uploads\/sites\/51\/2018\/03\/IMG_6764-150x150.jpg\" class=\"attachment-thumbnail size-thumbnail\" alt=\"\" \/><\/a>\n\t\t\t<\/div><\/figure><figure class='gallery-item'>\n\t\t\t<div class='gallery-icon landscape'>\n\t\t\t\t<a href='https:\/\/blogg.nykoping.se\/toleransprojektet\/img_7018\/'><img loading=\"lazy\" decoding=\"async\" width=\"150\" height=\"150\" src=\"https:\/\/blogg.nykoping.se\/toleransprojektet\/wp-content\/uploads\/sites\/51\/2018\/03\/IMG_7018-150x150.jpg\" class=\"attachment-thumbnail size-thumbnail\" alt=\"\" \/><\/a>\n\t\t\t<\/div><\/figure><figure class='gallery-item'>\n\t\t\t<div class='gallery-icon landscape'>\n\t\t\t\t<a href='https:\/\/blogg.nykoping.se\/toleransprojektet\/img_6777\/'><img loading=\"lazy\" decoding=\"async\" width=\"150\" height=\"150\" src=\"https:\/\/blogg.nykoping.se\/toleransprojektet\/wp-content\/uploads\/sites\/51\/2018\/03\/IMG_6777-150x150.jpg\" class=\"attachment-thumbnail size-thumbnail\" alt=\"\" \/><\/a>\n\t\t\t<\/div><\/figure>\n\t\t<\/div>\n\n<p>Det var f\u00f6rv\u00e4ntansfulla elever som kom till S\u00f6ra f\u00f6r den sista tr\u00e4ffen inf\u00f6r resan. Eftersom flera l\u00e4rare och en skolledare fr\u00e5n Nyk\u00f6pings h\u00f6gstadium, en l\u00e4rare fr\u00e5n Mikaeliskolan, en l\u00e4rare fr\u00e5n Vittra och en chef f\u00f6r ungdomsst\u00f6djarna inom socialf\u00f6rvaltningen kommer att f\u00f6lja med p\u00e5 resan &#8211; b\u00e5de i egenskap av extra vuxna och i fortbildningssyfte &#8211; var dessa med under v\u00e5r dag. Vi hade massor av viktiga f\u00f6rberedelser att g\u00e5 igenom.<\/p>\n<p><img loading=\"lazy\" decoding=\"async\" class=\"alignnone size-full wp-image-1195\" src=\"http:\/\/blogg.nykoping.se\/toleransprojektet\/wp-content\/uploads\/sites\/51\/2018\/03\/IMG_7022.jpg\" alt=\"\" width=\"4032\" height=\"3024\" srcset=\"https:\/\/blogg.nykoping.se\/toleransprojektet\/wp-content\/uploads\/sites\/51\/2018\/03\/IMG_7022.jpg 4032w, https:\/\/blogg.nykoping.se\/toleransprojektet\/wp-content\/uploads\/sites\/51\/2018\/03\/IMG_7022-1024x768.jpg 1024w, https:\/\/blogg.nykoping.se\/toleransprojektet\/wp-content\/uploads\/sites\/51\/2018\/03\/IMG_7022-768x576.jpg 768w\" sizes=\"auto, (max-width: 4032px) 100vw, 4032px\" \/><\/p>\n<p>Dagen s\u00e5g lite annorlunda ut eftersom det var viktigt att eleverna fick med sig vissa grundl\u00e4ggande kunskaper f\u00f6r att resans inneh\u00e5ll ska kunna &#8221;landa&#8221; p\u00e5 ett bra s\u00e4tt. D\u00e4rf\u00f6r stod inte n\u00e5gon ber\u00e4ttelse i centrum utan ist\u00e4llet hade vi en lektion om judendomens grunder, symboler, begravningsritualer och vad man b\u00f6r veta om judiska begravningsplatser. Vi kommer att m\u00f6ta det judiska p\u00e5 olika platser i Polen och d\u00e4rf\u00f6r \u00e4r det viktigt att eleverna kan k\u00e4nna igen och f\u00f6rst\u00e5 det vi ser. Alla antecknade i sina b\u00f6cker f\u00f6r att kunna ta fram anteckningarna och repetera under resan.<\/p>\n<p><img loading=\"lazy\" decoding=\"async\" class=\"alignnone size-full wp-image-1180\" src=\"http:\/\/blogg.nykoping.se\/toleransprojektet\/wp-content\/uploads\/sites\/51\/2018\/03\/IMG_6791.jpg\" alt=\"\" width=\"4032\" height=\"3024\" srcset=\"https:\/\/blogg.nykoping.se\/toleransprojektet\/wp-content\/uploads\/sites\/51\/2018\/03\/IMG_6791.jpg 4032w, https:\/\/blogg.nykoping.se\/toleransprojektet\/wp-content\/uploads\/sites\/51\/2018\/03\/IMG_6791-1024x768.jpg 1024w, https:\/\/blogg.nykoping.se\/toleransprojektet\/wp-content\/uploads\/sites\/51\/2018\/03\/IMG_6791-768x576.jpg 768w\" sizes=\"auto, (max-width: 4032px) 100vw, 4032px\" \/><\/p>\n<div id='gallery-2' class='gallery galleryid-1170 gallery-columns-3 gallery-size-thumbnail'><figure class='gallery-item'>\n\t\t\t<div class='gallery-icon landscape'>\n\t\t\t\t<a href='https:\/\/blogg.nykoping.se\/toleransprojektet\/img_6804\/'><img loading=\"lazy\" decoding=\"async\" width=\"150\" height=\"150\" src=\"https:\/\/blogg.nykoping.se\/toleransprojektet\/wp-content\/uploads\/sites\/51\/2018\/03\/IMG_6804-150x150.jpg\" class=\"attachment-thumbnail size-thumbnail\" alt=\"\" \/><\/a>\n\t\t\t<\/div><\/figure><figure class='gallery-item'>\n\t\t\t<div class='gallery-icon landscape'>\n\t\t\t\t<a href='https:\/\/blogg.nykoping.se\/toleransprojektet\/img_7048\/'><img loading=\"lazy\" decoding=\"async\" width=\"150\" height=\"150\" src=\"https:\/\/blogg.nykoping.se\/toleransprojektet\/wp-content\/uploads\/sites\/51\/2018\/03\/IMG_7048-150x150.jpg\" class=\"attachment-thumbnail size-thumbnail\" alt=\"\" \/><\/a>\n\t\t\t<\/div><\/figure><figure class='gallery-item'>\n\t\t\t<div class='gallery-icon landscape'>\n\t\t\t\t<a href='https:\/\/blogg.nykoping.se\/toleransprojektet\/img_7031\/'><img loading=\"lazy\" decoding=\"async\" width=\"150\" height=\"150\" src=\"https:\/\/blogg.nykoping.se\/toleransprojektet\/wp-content\/uploads\/sites\/51\/2018\/03\/IMG_7031-150x150.jpg\" class=\"attachment-thumbnail size-thumbnail\" alt=\"\" \/><\/a>\n\t\t\t<\/div><\/figure>\n\t\t<\/div>\n\n<p>Efter att vi &#8221;skakat loss&#8221; i en omg\u00e5ng danceoki fortsatte vi med en genomg\u00e5ng av historiska fakta kring antisemitismen, F\u00f6rintelsens viktigaste \u00e5rtal, Generalguvernementet (den del av det ockuperade Polen som nazisterna gjorde till &#8221;avstj\u00e4lpningsplats&#8221; f\u00f6r judarna och d\u00e4r d\u00f6dsl\u00e4gren Treblinka, Sobibor och Belzec byggdes f\u00f6r att m\u00f6rda Polens judar) och folkmordet p\u00e5 romer under F\u00f6rintelsen. Vi kommer bland annat att bes\u00f6ka f\u00f6rintelsel\u00e4gret Belzec (d\u00e4r 500 000 judar m\u00f6rdades, tv\u00e5 \u00f6verlevde) och Auschwitz Birkenau (som hade en s\u00e4rskild avdelning f\u00f6r romer och d\u00e4r ca 21 000 romer m\u00f6rdades).<\/p>\n<p><img loading=\"lazy\" decoding=\"async\" class=\"alignnone size-full wp-image-1197\" src=\"http:\/\/blogg.nykoping.se\/toleransprojektet\/wp-content\/uploads\/sites\/51\/2018\/03\/IMG_7054.jpg\" alt=\"\" width=\"4032\" height=\"3024\" srcset=\"https:\/\/blogg.nykoping.se\/toleransprojektet\/wp-content\/uploads\/sites\/51\/2018\/03\/IMG_7054.jpg 4032w, https:\/\/blogg.nykoping.se\/toleransprojektet\/wp-content\/uploads\/sites\/51\/2018\/03\/IMG_7054-1024x768.jpg 1024w, https:\/\/blogg.nykoping.se\/toleransprojektet\/wp-content\/uploads\/sites\/51\/2018\/03\/IMG_7054-768x576.jpg 768w\" sizes=\"auto, (max-width: 4032px) 100vw, 4032px\" \/><\/p>\n<p>Dagens burkuppgift blev att skriva f\u00f6rv\u00e4ntningar inf\u00f6r resan och vi fortsatte p\u00e5 samma tema i dagens samarbetslunch och gruppuppgift. Alla, b\u00e5de elever och ledare, skrev och ber\u00e4ttade om sina f\u00f6rv\u00e4ntningar inf\u00f6r Polenresan.\u00a0Eleverna fick ocks\u00e5 fundera \u00f6ver viktiga saker att t\u00e4nka p\u00e5 f\u00f6r att alla i gruppen ska trivas och m\u00e5 bra tillsammans under resan. &#8221;Vi m\u00e5ste respektera varandra och se till att ingen hamnar utanf\u00f6r&#8221;, &#8221;Sprida positiv energi&#8221; och &#8221;Vi ska t\u00e4nka p\u00e5 hur viktigt det \u00e4r att h\u00e5lla tider och inte bara utg\u00e5 ifr\u00e5n egna behov utan allas&#8221;, var n\u00e5gra av de kloka f\u00f6rslag eleverna enades om.<\/p>\n<p><img loading=\"lazy\" decoding=\"async\" class=\"alignnone size-full wp-image-1187\" src=\"http:\/\/blogg.nykoping.se\/toleransprojektet\/wp-content\/uploads\/sites\/51\/2018\/03\/IMG_6862.jpg\" alt=\"\" width=\"4032\" height=\"3024\" srcset=\"https:\/\/blogg.nykoping.se\/toleransprojektet\/wp-content\/uploads\/sites\/51\/2018\/03\/IMG_6862.jpg 4032w, https:\/\/blogg.nykoping.se\/toleransprojektet\/wp-content\/uploads\/sites\/51\/2018\/03\/IMG_6862-1024x768.jpg 1024w, https:\/\/blogg.nykoping.se\/toleransprojektet\/wp-content\/uploads\/sites\/51\/2018\/03\/IMG_6862-768x576.jpg 768w\" sizes=\"auto, (max-width: 4032px) 100vw, 4032px\" \/><\/p>\n<p>&nbsp;<\/p>\n<div id='gallery-3' class='gallery galleryid-1170 gallery-columns-3 gallery-size-thumbnail'><figure class='gallery-item'>\n\t\t\t<div class='gallery-icon landscape'>\n\t\t\t\t<a href='https:\/\/blogg.nykoping.se\/toleransprojektet\/img_7066\/'><img loading=\"lazy\" decoding=\"async\" width=\"150\" height=\"150\" src=\"https:\/\/blogg.nykoping.se\/toleransprojektet\/wp-content\/uploads\/sites\/51\/2018\/03\/IMG_7066-150x150.jpg\" class=\"attachment-thumbnail size-thumbnail\" alt=\"\" \/><\/a>\n\t\t\t<\/div><\/figure><figure class='gallery-item'>\n\t\t\t<div class='gallery-icon landscape'>\n\t\t\t\t<a href='https:\/\/blogg.nykoping.se\/toleransprojektet\/img_6848\/'><img loading=\"lazy\" decoding=\"async\" width=\"150\" height=\"150\" src=\"https:\/\/blogg.nykoping.se\/toleransprojektet\/wp-content\/uploads\/sites\/51\/2018\/03\/IMG_6848-150x150.jpg\" class=\"attachment-thumbnail size-thumbnail\" alt=\"\" \/><\/a>\n\t\t\t<\/div><\/figure><figure class='gallery-item'>\n\t\t\t<div class='gallery-icon landscape'>\n\t\t\t\t<a href='https:\/\/blogg.nykoping.se\/toleransprojektet\/img_6838\/'><img loading=\"lazy\" decoding=\"async\" width=\"150\" height=\"150\" src=\"https:\/\/blogg.nykoping.se\/toleransprojektet\/wp-content\/uploads\/sites\/51\/2018\/03\/IMG_6838-150x150.jpg\" class=\"attachment-thumbnail size-thumbnail\" alt=\"\" \/><\/a>\n\t\t\t<\/div><\/figure>\n\t\t<\/div>\n\n<div id='gallery-4' class='gallery galleryid-1170 gallery-columns-3 gallery-size-thumbnail'><figure class='gallery-item'>\n\t\t\t<div class='gallery-icon landscape'>\n\t\t\t\t<a href='https:\/\/blogg.nykoping.se\/toleransprojektet\/img_6865\/'><img loading=\"lazy\" decoding=\"async\" width=\"150\" height=\"150\" src=\"https:\/\/blogg.nykoping.se\/toleransprojektet\/wp-content\/uploads\/sites\/51\/2018\/03\/IMG_6865-150x150.jpg\" class=\"attachment-thumbnail size-thumbnail\" alt=\"\" \/><\/a>\n\t\t\t<\/div><\/figure><figure class='gallery-item'>\n\t\t\t<div class='gallery-icon landscape'>\n\t\t\t\t<a href='https:\/\/blogg.nykoping.se\/toleransprojektet\/img_6880\/'><img loading=\"lazy\" decoding=\"async\" width=\"150\" height=\"150\" src=\"https:\/\/blogg.nykoping.se\/toleransprojektet\/wp-content\/uploads\/sites\/51\/2018\/03\/IMG_6880-150x150.jpg\" class=\"attachment-thumbnail size-thumbnail\" alt=\"\" \/><\/a>\n\t\t\t<\/div><\/figure><figure class='gallery-item'>\n\t\t\t<div class='gallery-icon landscape'>\n\t\t\t\t<a href='https:\/\/blogg.nykoping.se\/toleransprojektet\/img_7086\/'><img loading=\"lazy\" decoding=\"async\" width=\"150\" height=\"150\" src=\"https:\/\/blogg.nykoping.se\/toleransprojektet\/wp-content\/uploads\/sites\/51\/2018\/03\/IMG_7086-150x150.jpg\" class=\"attachment-thumbnail size-thumbnail\" alt=\"\" \/><\/a>\n\t\t\t<\/div><\/figure>\n\t\t<\/div>\n\n<p>Reflektionsskrivandet i skrivb\u00f6ckerna kom ocks\u00e5 att handla om tankar och f\u00f6rv\u00e4ntningar inf\u00f6r resan. S\u00e5 h\u00e4r skrev n\u00e5gra:<\/p>\n<p><em>Jag har m\u00e5nga tankar inf\u00f6r Polenresan men det jag kommer att se fram emot mest \u00e4r alla de olika platser vi ska till och gemenskapen. Den h\u00e4r resan g\u00f6r vi tillsammans.<\/em><\/p>\n<p><em>Jag tycker att det ska bli sp\u00e4nnande och kul att \u00e5ka till Polen. Det ska bli intressant att \u00e5ka runt till olik platser och inte bara en. Dock tror jag att det kommer att k\u00e4nnas v\u00e4ldigt sorgligt och det finns en risk att jag blir n\u00e5got nedst\u00e4md.<\/em><\/p>\n<p><em>Jag tror att denna resa kommer att p\u00e5verka mig v\u00e4ldigt mycket. Jag tror att jag kommer att bli \u00e4nnu mer intresserad av andra v\u00e4rldskriget och jag \u00e4r sp\u00e4nd inf\u00f6r att f\u00e5 k\u00e4nna gemenskapen i gruppen. Samtidigt som jag kommer att v\u00e4rdes\u00e4tta n\u00e4r vi \u00e4r ute och l\u00e4r oss s\u00e5 kommer jag att v\u00e4rdes\u00e4tta n\u00e4r gruppen bara sitter ner tillsammans och har kul. Det jag \u00e4r mest sp\u00e4nd \u00f6ver att se \u00e4r Josefow. Jag tror att jag kommer att k\u00e4nna v\u00e4ldigt mycket d\u00e5.<\/em><\/p>\n<p><img loading=\"lazy\" decoding=\"async\" class=\"alignnone size-full wp-image-1206\" src=\"http:\/\/blogg.nykoping.se\/toleransprojektet\/wp-content\/uploads\/sites\/51\/2018\/03\/IMG_7097.jpg\" alt=\"\" width=\"4032\" height=\"3024\" srcset=\"https:\/\/blogg.nykoping.se\/toleransprojektet\/wp-content\/uploads\/sites\/51\/2018\/03\/IMG_7097.jpg 4032w, https:\/\/blogg.nykoping.se\/toleransprojektet\/wp-content\/uploads\/sites\/51\/2018\/03\/IMG_7097-1024x768.jpg 1024w, https:\/\/blogg.nykoping.se\/toleransprojektet\/wp-content\/uploads\/sites\/51\/2018\/03\/IMG_7097-768x576.jpg 768w\" sizes=\"auto, (max-width: 4032px) 100vw, 4032px\" \/><\/p>\n<p>N\u00e4r alla skrivit klart kom en liten \u00f6verraskning. Alla elever fick varsitt svartvitt fotografi p\u00e5 barn i olika \u00e5ldrar, i olika sammanhang, mitt i livet. Alla dessa barn m\u00f6rdades under F\u00f6rintelsen och p\u00e5 en alldeles speciell plats i Polen kommer eleverna att &#8221;tr\u00e4ffa&#8221; sitt barn. Eleverna klistrade in &#8221;sitt barn&#8221; i anteckningsboken och varje dag kommer alla att f\u00e5 en uppgift kopplad till detta barn.<\/p>\n<div id='gallery-5' class='gallery galleryid-1170 gallery-columns-3 gallery-size-thumbnail'><figure class='gallery-item'>\n\t\t\t<div class='gallery-icon landscape'>\n\t\t\t\t<a href='https:\/\/blogg.nykoping.se\/toleransprojektet\/img_6885\/'><img loading=\"lazy\" decoding=\"async\" width=\"150\" height=\"150\" src=\"https:\/\/blogg.nykoping.se\/toleransprojektet\/wp-content\/uploads\/sites\/51\/2018\/03\/IMG_6885-150x150.jpg\" class=\"attachment-thumbnail size-thumbnail\" alt=\"\" \/><\/a>\n\t\t\t<\/div><\/figure><figure class='gallery-item'>\n\t\t\t<div class='gallery-icon landscape'>\n\t\t\t\t<a href='https:\/\/blogg.nykoping.se\/toleransprojektet\/img_7092\/'><img loading=\"lazy\" decoding=\"async\" width=\"150\" height=\"150\" src=\"https:\/\/blogg.nykoping.se\/toleransprojektet\/wp-content\/uploads\/sites\/51\/2018\/03\/IMG_7092-150x150.jpg\" class=\"attachment-thumbnail size-thumbnail\" alt=\"\" \/><\/a>\n\t\t\t<\/div><\/figure><figure class='gallery-item'>\n\t\t\t<div class='gallery-icon landscape'>\n\t\t\t\t<a href='https:\/\/blogg.nykoping.se\/toleransprojektet\/img_7090\/'><img loading=\"lazy\" decoding=\"async\" width=\"150\" height=\"150\" src=\"https:\/\/blogg.nykoping.se\/toleransprojektet\/wp-content\/uploads\/sites\/51\/2018\/03\/IMG_7090-150x150.jpg\" class=\"attachment-thumbnail size-thumbnail\" alt=\"\" \/><\/a>\n\t\t\t<\/div><\/figure>\n\t\t<\/div>\n\n<p><img loading=\"lazy\" decoding=\"async\" class=\"alignnone size-full wp-image-1208\" src=\"http:\/\/blogg.nykoping.se\/toleransprojektet\/wp-content\/uploads\/sites\/51\/2018\/03\/IMG_7098.jpg\" alt=\"\" width=\"4032\" height=\"3024\" srcset=\"https:\/\/blogg.nykoping.se\/toleransprojektet\/wp-content\/uploads\/sites\/51\/2018\/03\/IMG_7098.jpg 4032w, https:\/\/blogg.nykoping.se\/toleransprojektet\/wp-content\/uploads\/sites\/51\/2018\/03\/IMG_7098-1024x768.jpg 1024w, https:\/\/blogg.nykoping.se\/toleransprojektet\/wp-content\/uploads\/sites\/51\/2018\/03\/IMG_7098-768x576.jpg 768w\" sizes=\"auto, (max-width: 4032px) 100vw, 4032px\" \/><\/p>\n<p>Vi avslutade dagen med packlista, resplan och annan viktig information innan det var dags att samlas f\u00f6r ordfl\u00e4ta d\u00e4r alla fick s\u00e4ga ett ord som de f\u00f6rknippade med v\u00e5r f\u00f6rest\u00e5ende resa och ett gruppfoto. N\u00e4sta g\u00e5ng vi ses st\u00e5r vi redo med v\u00e5ra resv\u00e4skor f\u00f6r en vecka tillsammans d\u00e4r vi ska vandra i F\u00f6rintelsens sp\u00e5r!<\/p>\n<p><img loading=\"lazy\" decoding=\"async\" class=\"alignnone size-full wp-image-1193\" src=\"http:\/\/blogg.nykoping.se\/toleransprojektet\/wp-content\/uploads\/sites\/51\/2018\/03\/IMG_6907.jpg\" alt=\"\" width=\"4032\" height=\"3024\" srcset=\"https:\/\/blogg.nykoping.se\/toleransprojektet\/wp-content\/uploads\/sites\/51\/2018\/03\/IMG_6907.jpg 4032w, https:\/\/blogg.nykoping.se\/toleransprojektet\/wp-content\/uploads\/sites\/51\/2018\/03\/IMG_6907-1024x768.jpg 1024w, https:\/\/blogg.nykoping.se\/toleransprojektet\/wp-content\/uploads\/sites\/51\/2018\/03\/IMG_6907-768x576.jpg 768w\" sizes=\"auto, (max-width: 4032px) 100vw, 4032px\" \/><\/p>\n<p><img loading=\"lazy\" decoding=\"async\" class=\"alignnone size-full wp-image-1207\" src=\"http:\/\/blogg.nykoping.se\/toleransprojektet\/wp-content\/uploads\/sites\/51\/2018\/03\/IMG_7103.jpg\" alt=\"\" width=\"4032\" height=\"3024\" srcset=\"https:\/\/blogg.nykoping.se\/toleransprojektet\/wp-content\/uploads\/sites\/51\/2018\/03\/IMG_7103.jpg 4032w, https:\/\/blogg.nykoping.se\/toleransprojektet\/wp-content\/uploads\/sites\/51\/2018\/03\/IMG_7103-1024x768.jpg 1024w, https:\/\/blogg.nykoping.se\/toleransprojektet\/wp-content\/uploads\/sites\/51\/2018\/03\/IMG_7103-768x576.jpg 768w\" sizes=\"auto, (max-width: 4032px) 100vw, 4032px\" \/><\/p>\n","protected":false},"excerpt":{"rendered":"<p>Nu \u00e4r det snart mars och resorna till Polen n\u00e4rmar sig med stormsteg. Grupp 1 g\u00f6r sin resa 3-11 mars och grupp 2 \u00e5ker 17-25 mars. Ni kommer sj\u00e4lvklart att kunna f\u00f6lja b\u00e5da dessa resor h\u00e4r p\u00e5 bloggen. Eleverna kommer att bidra med reflektioner och \u00f6gonblicksbilder fr\u00e5n de olika platser vi bes\u00f6ker. Det var f\u00f6rv\u00e4ntansfulla &hellip; <a href=\"https:\/\/blogg.nykoping.se\/toleransprojektet\/2018\/03\/01\/nionde-traffen-snart-reser-vi-till-polen\/\" class=\"more-link\">Forts\u00e4tt l\u00e4sa <span class=\"screen-reader-text\">Nionde tr\u00e4ffen: Snart reser vi till Polen<\/span><\/a><\/p>\n","protected":false},"author":203,"featured_media":0,"comment_status":"open","ping_status":"open","sticky":false,"template":"","format":"standard","meta":{"footnotes":""},"categories":[1],"tags":[],"class_list":["post-1170","post","type-post","status-publish","format-standard","hentry","category-okategoriserade"],"_links":{"self":[{"href":"https:\/\/blogg.nykoping.se\/toleransprojektet\/wp-json\/wp\/v2\/posts\/1170","targetHints":{"allow":["GET"]}}],"collection":[{"href":"https:\/\/blogg.nykoping.se\/toleransprojektet\/wp-json\/wp\/v2\/posts"}],"about":[{"href":"https:\/\/blogg.nykoping.se\/toleransprojektet\/wp-json\/wp\/v2\/types\/post"}],"author":[{"embeddable":true,"href":"https:\/\/blogg.nykoping.se\/toleransprojektet\/wp-json\/wp\/v2\/users\/203"}],"replies":[{"embeddable":true,"href":"https:\/\/blogg.nykoping.se\/toleransprojektet\/wp-json\/wp\/v2\/comments?post=1170"}],"version-history":[{"count":6,"href":"https:\/\/blogg.nykoping.se\/toleransprojektet\/wp-json\/wp\/v2\/posts\/1170\/revisions"}],"predecessor-version":[{"id":1210,"href":"https:\/\/blogg.nykoping.se\/toleransprojektet\/wp-json\/wp\/v2\/posts\/1170\/revisions\/1210"}],"wp:attachment":[{"href":"https:\/\/blogg.nykoping.se\/toleransprojektet\/wp-json\/wp\/v2\/media?parent=1170"}],"wp:term":[{"taxonomy":"category","embeddable":true,"href":"https:\/\/blogg.nykoping.se\/toleransprojektet\/wp-json\/wp\/v2\/categories?post=1170"},{"taxonomy":"post_tag","embeddable":true,"href":"https:\/\/blogg.nykoping.se\/toleransprojektet\/wp-json\/wp\/v2\/tags?post=1170"}],"curies":[{"name":"wp","href":"https:\/\/api.w.org\/{rel}","templated":true}]}}