{"id":1122,"date":"2018-02-09T09:34:36","date_gmt":"2018-02-09T08:34:36","guid":{"rendered":"http:\/\/blogg.nykoping.se\/toleransprojektet\/?p=1122"},"modified":"2018-02-09T09:34:36","modified_gmt":"2018-02-09T08:34:36","slug":"attonde-traffen-att-vara-barn-2","status":"publish","type":"post","link":"https:\/\/blogg.nykoping.se\/toleransprojektet\/2018\/02\/09\/attonde-traffen-att-vara-barn-2\/","title":{"rendered":"\u00c5ttonde tr\u00e4ffen: Att vara barn"},"content":{"rendered":"<p><img loading=\"lazy\" decoding=\"async\" class=\"alignnone size-full wp-image-1163\" src=\"http:\/\/blogg.nykoping.se\/toleransprojektet\/wp-content\/uploads\/sites\/51\/2018\/02\/IMG_E6616.jpg\" alt=\"\" width=\"3386\" height=\"1995\" srcset=\"https:\/\/blogg.nykoping.se\/toleransprojektet\/wp-content\/uploads\/sites\/51\/2018\/02\/IMG_E6616.jpg 3386w, https:\/\/blogg.nykoping.se\/toleransprojektet\/wp-content\/uploads\/sites\/51\/2018\/02\/IMG_E6616-1024x603.jpg 1024w, https:\/\/blogg.nykoping.se\/toleransprojektet\/wp-content\/uploads\/sites\/51\/2018\/02\/IMG_E6616-768x452.jpg 768w\" sizes=\"auto, (max-width: 3386px) 100vw, 3386px\" \/><\/p>\n<p>Eftersom det var f\u00f6rsta g\u00e5ngen som Toleransprojektet var med p\u00e5 h\u00f6gtidligh\u00e5llandet av F\u00f6rintelsens minnesdag 27 januari kommer f\u00f6rst n\u00e5gra rader om detta.<\/p>\n<div id='gallery-1' class='gallery galleryid-1122 gallery-columns-3 gallery-size-thumbnail'><figure class='gallery-item'>\n\t\t\t<div class='gallery-icon landscape'>\n\t\t\t\t<a href='https:\/\/blogg.nykoping.se\/toleransprojektet\/img_6112\/'><img loading=\"lazy\" decoding=\"async\" width=\"150\" height=\"150\" src=\"https:\/\/blogg.nykoping.se\/toleransprojektet\/wp-content\/uploads\/sites\/51\/2018\/02\/IMG_6112-150x150.jpg\" class=\"attachment-thumbnail size-thumbnail\" alt=\"\" \/><\/a>\n\t\t\t<\/div><\/figure><figure class='gallery-item'>\n\t\t\t<div class='gallery-icon landscape'>\n\t\t\t\t<a href='https:\/\/blogg.nykoping.se\/toleransprojektet\/img_6110\/'><img loading=\"lazy\" decoding=\"async\" width=\"150\" height=\"150\" src=\"https:\/\/blogg.nykoping.se\/toleransprojektet\/wp-content\/uploads\/sites\/51\/2018\/02\/IMG_6110-150x150.jpg\" class=\"attachment-thumbnail size-thumbnail\" alt=\"\" \/><\/a>\n\t\t\t<\/div><\/figure><figure class='gallery-item'>\n\t\t\t<div class='gallery-icon landscape'>\n\t\t\t\t<a href='https:\/\/blogg.nykoping.se\/toleransprojektet\/img_6124\/'><img loading=\"lazy\" decoding=\"async\" width=\"150\" height=\"150\" src=\"https:\/\/blogg.nykoping.se\/toleransprojektet\/wp-content\/uploads\/sites\/51\/2018\/02\/IMG_6124-150x150.jpg\" class=\"attachment-thumbnail size-thumbnail\" alt=\"\" \/><\/a>\n\t\t\t<\/div><\/figure>\n\t\t<\/div>\n\n<p>Vi samlades vid Teaterparken och gick med facklor till Stora torget. D\u00e4r inledde Toleransprojektet minnesceremonin med textl\u00e4sning. Tova, Pontus, Alice, Alessandro, Wiktoria, Oscar och Emma fr\u00e5n \u00e5rets grupper l\u00e4ste sina brev till Emerich Roth och Ola l\u00e4ste Emerichs svar. Sedan l\u00e4ste Lovisa fr\u00e5n en av f\u00f6rra \u00e5rets Toleransprojektgrupper inledning till Benny Gr\u00fcnfeldts ber\u00e4ttelse om n\u00e4r han och hans familj deporteras till Auschwitz Birkenau. Amanda l\u00e4ste en text skriven i skogen i Josefow d\u00e4r 1500 judar m\u00f6rdas i juli 1942 och Freja sj\u00f6ng p\u00e5 jiddish (det spr\u00e5k m\u00e5nga \u00f6steuropeiska judar talade) en s\u00e5ng fr\u00e5n gettot i Vilnius. Ut\u00f6ver dessa elever stod flera ur b\u00e5de \u00e5rets och f\u00f6rra \u00e5rets grupp med p\u00e5 Stadshustrappan. Det var en fin och minnesv\u00e4rd ceremoni och vi tackar Ungdomsfullm\u00e4ktige som satte ihop arrangemanget och bj\u00f6d in oss.<\/p>\n<p><img loading=\"lazy\" decoding=\"async\" class=\"alignnone size-full wp-image-1132\" src=\"http:\/\/blogg.nykoping.se\/toleransprojektet\/wp-content\/uploads\/sites\/51\/2018\/02\/VDXG0881.jpg\" alt=\"\" width=\"1600\" height=\"1200\" srcset=\"https:\/\/blogg.nykoping.se\/toleransprojektet\/wp-content\/uploads\/sites\/51\/2018\/02\/VDXG0881.jpg 1600w, https:\/\/blogg.nykoping.se\/toleransprojektet\/wp-content\/uploads\/sites\/51\/2018\/02\/VDXG0881-1024x768.jpg 1024w, https:\/\/blogg.nykoping.se\/toleransprojektet\/wp-content\/uploads\/sites\/51\/2018\/02\/VDXG0881-768x576.jpg 768w\" sizes=\"auto, (max-width: 1600px) 100vw, 1600px\" \/><\/p>\n<p>Veckan efter F\u00f6rintelsens minnesdag var det dags f\u00f6r den \u00e5ttonde tr\u00e4ffen p\u00e5 S\u00f6ra. De senaste g\u00e5ngerna vi varit h\u00e4r har vi haft en vacker gnistrande vintertavla utanf\u00f6r f\u00f6nstren.<\/p>\n<p><img loading=\"lazy\" decoding=\"async\" class=\"alignnone size-full wp-image-1151\" src=\"http:\/\/blogg.nykoping.se\/toleransprojektet\/wp-content\/uploads\/sites\/51\/2018\/02\/IMG_6533.jpg\" alt=\"\" width=\"4032\" height=\"3024\" srcset=\"https:\/\/blogg.nykoping.se\/toleransprojektet\/wp-content\/uploads\/sites\/51\/2018\/02\/IMG_6533.jpg 4032w, https:\/\/blogg.nykoping.se\/toleransprojektet\/wp-content\/uploads\/sites\/51\/2018\/02\/IMG_6533-1024x768.jpg 1024w, https:\/\/blogg.nykoping.se\/toleransprojektet\/wp-content\/uploads\/sites\/51\/2018\/02\/IMG_6533-768x576.jpg 768w\" sizes=\"auto, (max-width: 4032px) 100vw, 4032px\" \/><\/p>\n<div id='gallery-2' class='gallery galleryid-1122 gallery-columns-3 gallery-size-thumbnail'><figure class='gallery-item'>\n\t\t\t<div class='gallery-icon landscape'>\n\t\t\t\t<a href='https:\/\/blogg.nykoping.se\/toleransprojektet\/img_6323\/'><img loading=\"lazy\" decoding=\"async\" width=\"150\" height=\"150\" src=\"https:\/\/blogg.nykoping.se\/toleransprojektet\/wp-content\/uploads\/sites\/51\/2018\/02\/IMG_6323-150x150.jpg\" class=\"attachment-thumbnail size-thumbnail\" alt=\"\" \/><\/a>\n\t\t\t<\/div><\/figure><figure class='gallery-item'>\n\t\t\t<div class='gallery-icon landscape'>\n\t\t\t\t<a href='https:\/\/blogg.nykoping.se\/toleransprojektet\/img_6315\/'><img loading=\"lazy\" decoding=\"async\" width=\"150\" height=\"150\" src=\"https:\/\/blogg.nykoping.se\/toleransprojektet\/wp-content\/uploads\/sites\/51\/2018\/02\/IMG_6315-150x150.jpg\" class=\"attachment-thumbnail size-thumbnail\" alt=\"\" \/><\/a>\n\t\t\t<\/div><\/figure><figure class='gallery-item'>\n\t\t\t<div class='gallery-icon landscape'>\n\t\t\t\t<a href='https:\/\/blogg.nykoping.se\/toleransprojektet\/img_6663\/'><img loading=\"lazy\" decoding=\"async\" width=\"150\" height=\"150\" src=\"https:\/\/blogg.nykoping.se\/toleransprojektet\/wp-content\/uploads\/sites\/51\/2018\/02\/IMG_6663-150x150.jpg\" class=\"attachment-thumbnail size-thumbnail\" alt=\"\" \/><\/a>\n\t\t\t<\/div><\/figure>\n\t\t<\/div>\n\n<p>Inf\u00f6r denna tr\u00e4ff, p\u00e5 temat: ATT VARA BARN, hade alla elever f\u00e5tt som l\u00e4xa att skriva om just att vara barn. Vad skiljer barnet fr\u00e5n en vuxen. Vilka viktiga barndomsminnen b\u00e4r jag med mig? Hur m\u00e4rker jag att jag \u00e4r ett barn? Vad beh\u00f6ver ett barn? S\u00e5 h\u00e4r skriver n\u00e5gra av eleverna:<\/p>\n<p><em>Jag har ju blivit mobbad under en l\u00e5ng tid, inte s\u00e5 mycket nu men i l\u00e5gstadiet och i b\u00f6rjan av mellanstadiet var det nog som v\u00e4rst. Jag har blivit upptryckt mot en v\u00e4gg, blivit kallad olika \u00f6knamn, det har spridits d\u00e5liga rykten om mig som inte ens \u00e4r sanna. Men det har \u00e4ven hj\u00e4lpt mig att jag \u00e4r den personen jag \u00e4r idag. S\u00e5 det har varit en v\u00e4ldigt viktig del av min barndom.<\/em><\/p>\n<p><em>Min mamma har alltid spelat en viktig roll i mitt liv och hon har alltid tagit hand om mig. En h\u00e4ndelse jag \u00e4r glad \u00f6ver \u00e4r att jag fick den mamma jag fick och att hon gjort mig till den jag \u00e4r idag.<\/em><\/p>\n<div id='gallery-3' class='gallery galleryid-1122 gallery-columns-3 gallery-size-thumbnail'><figure class='gallery-item'>\n\t\t\t<div class='gallery-icon landscape'>\n\t\t\t\t<a href='https:\/\/blogg.nykoping.se\/toleransprojektet\/img_6241\/'><img loading=\"lazy\" decoding=\"async\" width=\"150\" height=\"150\" src=\"https:\/\/blogg.nykoping.se\/toleransprojektet\/wp-content\/uploads\/sites\/51\/2018\/02\/IMG_6241-150x150.jpg\" class=\"attachment-thumbnail size-thumbnail\" alt=\"\" \/><\/a>\n\t\t\t<\/div><\/figure><figure class='gallery-item'>\n\t\t\t<div class='gallery-icon portrait'>\n\t\t\t\t<a href='https:\/\/blogg.nykoping.se\/toleransprojektet\/img_6272\/'><img loading=\"lazy\" decoding=\"async\" width=\"150\" height=\"150\" src=\"https:\/\/blogg.nykoping.se\/toleransprojektet\/wp-content\/uploads\/sites\/51\/2018\/02\/IMG_6272-150x150.jpg\" class=\"attachment-thumbnail size-thumbnail\" alt=\"\" \/><\/a>\n\t\t\t<\/div><\/figure><figure class='gallery-item'>\n\t\t\t<div class='gallery-icon landscape'>\n\t\t\t\t<a href='https:\/\/blogg.nykoping.se\/toleransprojektet\/img_6564\/'><img loading=\"lazy\" decoding=\"async\" width=\"150\" height=\"150\" src=\"https:\/\/blogg.nykoping.se\/toleransprojektet\/wp-content\/uploads\/sites\/51\/2018\/02\/IMG_6564-150x150.jpg\" class=\"attachment-thumbnail size-thumbnail\" alt=\"\" \/><\/a>\n\t\t\t<\/div><\/figure>\n\t\t<\/div>\n\n<p><img loading=\"lazy\" decoding=\"async\" class=\"alignnone size-full wp-image-276\" src=\"http:\/\/blogg.nykoping.se\/toleransprojektet\/wp-content\/uploads\/sites\/51\/2017\/02\/Korzcak-o-co.jpg\" alt=\"\" width=\"2048\" height=\"2048\" srcset=\"https:\/\/blogg.nykoping.se\/toleransprojektet\/wp-content\/uploads\/sites\/51\/2017\/02\/Korzcak-o-co.jpg 2048w, https:\/\/blogg.nykoping.se\/toleransprojektet\/wp-content\/uploads\/sites\/51\/2017\/02\/Korzcak-o-co-150x150.jpg 150w, https:\/\/blogg.nykoping.se\/toleransprojektet\/wp-content\/uploads\/sites\/51\/2017\/02\/Korzcak-o-co-300x300.jpg 300w, https:\/\/blogg.nykoping.se\/toleransprojektet\/wp-content\/uploads\/sites\/51\/2017\/02\/Korzcak-o-co-768x768.jpg 768w, https:\/\/blogg.nykoping.se\/toleransprojektet\/wp-content\/uploads\/sites\/51\/2017\/02\/Korzcak-o-co-1024x1024.jpg 1024w\" sizes=\"auto, (max-width: 2048px) 100vw, 2048px\" \/><\/p>\n<p>Dagens ber\u00e4ttelse var egentligen tre ber\u00e4ttelser. Genom tre personer, tv\u00e5 autentiska och en gestalt ur sk\u00f6nlitteraturens v\u00e4rld, belyste vi barnens situation i Warszawas getto under andra v\u00e4rldskriget innan vi landade i FN:s konvention om barnets r\u00e4ttigheter.<\/p>\n<div id='gallery-4' class='gallery galleryid-1122 gallery-columns-3 gallery-size-thumbnail'><figure class='gallery-item'>\n\t\t\t<div class='gallery-icon landscape'>\n\t\t\t\t<a href='https:\/\/blogg.nykoping.se\/toleransprojektet\/img_6541\/'><img loading=\"lazy\" decoding=\"async\" width=\"150\" height=\"150\" src=\"https:\/\/blogg.nykoping.se\/toleransprojektet\/wp-content\/uploads\/sites\/51\/2018\/02\/IMG_6541-150x150.jpg\" class=\"attachment-thumbnail size-thumbnail\" alt=\"\" \/><\/a>\n\t\t\t<\/div><\/figure><figure class='gallery-item'>\n\t\t\t<div class='gallery-icon landscape'>\n\t\t\t\t<a href='https:\/\/blogg.nykoping.se\/toleransprojektet\/img_6253\/'><img loading=\"lazy\" decoding=\"async\" width=\"150\" height=\"150\" src=\"https:\/\/blogg.nykoping.se\/toleransprojektet\/wp-content\/uploads\/sites\/51\/2018\/02\/IMG_6253-150x150.jpg\" class=\"attachment-thumbnail size-thumbnail\" alt=\"\" \/><\/a>\n\t\t\t<\/div><\/figure><figure class='gallery-item'>\n\t\t\t<div class='gallery-icon landscape'>\n\t\t\t\t<a href='https:\/\/blogg.nykoping.se\/toleransprojektet\/img_6608\/'><img loading=\"lazy\" decoding=\"async\" width=\"150\" height=\"150\" src=\"https:\/\/blogg.nykoping.se\/toleransprojektet\/wp-content\/uploads\/sites\/51\/2018\/02\/IMG_6608-150x150.jpg\" class=\"attachment-thumbnail size-thumbnail\" alt=\"\" \/><\/a>\n\t\t\t<\/div><\/figure>\n\t\t<\/div>\n\n<p>Eleverna fick m\u00f6ta den judiske l\u00e4karen, pedagogen och barnr\u00e4ttsf\u00f6respr\u00e5karen Janusz Koczaks som grundade ett barnhem i Warszawas getto och som trots att han fick m\u00f6jlighet att r\u00e4dda sitt eget liv ist\u00e4llet valde att f\u00f6ljd sina barnhemsbarn i t\u00e5gvagnarna mot d\u00f6den i Treblinka. Dagens skrivuppgift blev att ta rollen som Korczak och skriva en dagboksanteckning om det moraliska dilemma han hamnar i n\u00e4r kan f\u00e5r m\u00f6jlighet att l\u00e4mna gettot och en s\u00e4ker d\u00f6d. Elevernas texter blev v\u00e4ldigt fina:<\/p>\n<p><em>Kv\u00e4llen 2 augusti 1942<\/em><br \/>\n<em>Jag har f\u00e5tt ett erbjudande. Mina v\u00e4nner utanf\u00f6r gettot har sagt att de kan hj\u00e4lpa mig ut. Om jag g\u00e5r med p\u00e5 detta kommer jag att tvingas l\u00e4mna barnen h\u00e4r att d\u00f6. Barnen kommer att tappa hoppet n\u00e4r de f\u00e5r reda p\u00e5 att jag har svikit dem och l\u00e4mnat dem i sticket. D\u00e4rf\u00f6r har jag beslutat att jag ska stanna med barnen. Vi kommer alla att d\u00f6, oavsett, Vi ska forts\u00e4tta att k\u00e4mpa tillsammans, \u00e4nda in i d\u00f6den.<\/em><\/p>\n<p><em>Jag har f\u00e5tt ett erbjudande. Jag \u00e4r v\u00e4ldigt tacksam f\u00f6r detta erbjudande men jag k\u00e4nner att jag inte kan l\u00e4mna barnhemmet och alla barn som anf\u00f6rtrott sig till mig. Om jag inte \u00e4r h\u00e4r, vem ska d\u00e5 leda barnhemmet? Jag kanske kommer att \u00e5ngra mig i framtiden men jag m\u00e5ste tacka nej. Jag \u00e4r evigt tacksam f\u00f6r detta erbjudande men k\u00e4nner att jag m\u00e5ste s\u00e4tta de andra f\u00f6re mig sj\u00e4lv. Inget kommer att bli b\u00e4ttre bara f\u00f6r att JAG rymmer. Kanske f\u00f6r mig men inte f\u00f6r de andra.<\/em><\/p>\n<p><em><img loading=\"lazy\" decoding=\"async\" class=\"alignnone size-full wp-image-1155\" src=\"http:\/\/blogg.nykoping.se\/toleransprojektet\/wp-content\/uploads\/sites\/51\/2018\/02\/IMG_6595.jpg\" alt=\"\" width=\"4032\" height=\"3024\" srcset=\"https:\/\/blogg.nykoping.se\/toleransprojektet\/wp-content\/uploads\/sites\/51\/2018\/02\/IMG_6595.jpg 4032w, https:\/\/blogg.nykoping.se\/toleransprojektet\/wp-content\/uploads\/sites\/51\/2018\/02\/IMG_6595-1024x768.jpg 1024w, https:\/\/blogg.nykoping.se\/toleransprojektet\/wp-content\/uploads\/sites\/51\/2018\/02\/IMG_6595-768x576.jpg 768w\" sizes=\"auto, (max-width: 4032px) 100vw, 4032px\" \/><\/em><\/p>\n<p>Genom romanen &#8221;Arons bok&#8221; f\u00f6ljde vi den 10-\u00e5rige pojken Aron som levde under miserabla f\u00f6rh\u00e5llanden i gettot och s\u00e5 sm\u00e5ningom hamnade p\u00e5 Kozcaks barnhem. I den tredje ber\u00e4ttelsen m\u00f6tte till sist eleverna socialarbetaren Irena Sendlar som smugglade 2500 judiska barn ut ur Warszawas getto och gav dem nya identiteter och hem. I glasburkar som gr\u00e4vdes ner i tr\u00e4dg\u00e5rden g\u00f6mde hon listor med barnens judiska namn och nya, kristna namn f\u00f6r att kunna \u00e5terf\u00f6rena barn och f\u00f6r\u00e4ldrar efter kriget. N\u00e4stan inga \u00e5terf\u00f6reningar kunde ske. F\u00f6r\u00e4ldrarna m\u00f6rdades i Treblinka.<\/p>\n<p><img loading=\"lazy\" decoding=\"async\" class=\"alignnone size-full wp-image-1143\" src=\"http:\/\/blogg.nykoping.se\/toleransprojektet\/wp-content\/uploads\/sites\/51\/2018\/02\/IMG_6282.jpg\" alt=\"\" width=\"3024\" height=\"4032\" srcset=\"https:\/\/blogg.nykoping.se\/toleransprojektet\/wp-content\/uploads\/sites\/51\/2018\/02\/IMG_6282.jpg 3024w, https:\/\/blogg.nykoping.se\/toleransprojektet\/wp-content\/uploads\/sites\/51\/2018\/02\/IMG_6282-768x1024.jpg 768w\" sizes=\"auto, (max-width: 3024px) 100vw, 3024px\" \/><\/p>\n<p>Ber\u00e4ttelserna kopplades sedan till Barnkonventionens uppkomst och inneh\u00e5ll. Eleverna fick som uppgift att v\u00e4lja en r\u00e4ttighet och sedan skapa en levande tavla samt en dikt av denna r\u00e4ttighet. Det visades prov p\u00e5 b\u00e5de p\u00e5hittighet och engagemang i redovisningarna.<\/p>\n<p><img loading=\"lazy\" decoding=\"async\" class=\"alignnone size-full wp-image-1161\" src=\"http:\/\/blogg.nykoping.se\/toleransprojektet\/wp-content\/uploads\/sites\/51\/2018\/02\/IMG_6666.jpg\" alt=\"\" width=\"4032\" height=\"3024\" srcset=\"https:\/\/blogg.nykoping.se\/toleransprojektet\/wp-content\/uploads\/sites\/51\/2018\/02\/IMG_6666.jpg 4032w, https:\/\/blogg.nykoping.se\/toleransprojektet\/wp-content\/uploads\/sites\/51\/2018\/02\/IMG_6666-1024x768.jpg 1024w, https:\/\/blogg.nykoping.se\/toleransprojektet\/wp-content\/uploads\/sites\/51\/2018\/02\/IMG_6666-768x576.jpg 768w\" sizes=\"auto, (max-width: 4032px) 100vw, 4032px\" \/><\/p>\n<div id='gallery-5' class='gallery galleryid-1122 gallery-columns-3 gallery-size-thumbnail'><figure class='gallery-item'>\n\t\t\t<div class='gallery-icon landscape'>\n\t\t\t\t<a href='https:\/\/blogg.nykoping.se\/toleransprojektet\/img_6356\/'><img loading=\"lazy\" decoding=\"async\" width=\"150\" height=\"150\" src=\"https:\/\/blogg.nykoping.se\/toleransprojektet\/wp-content\/uploads\/sites\/51\/2018\/02\/IMG_6356-150x150.jpg\" class=\"attachment-thumbnail size-thumbnail\" alt=\"\" \/><\/a>\n\t\t\t<\/div><\/figure><figure class='gallery-item'>\n\t\t\t<div class='gallery-icon landscape'>\n\t\t\t\t<a href='https:\/\/blogg.nykoping.se\/toleransprojektet\/img_6695\/'><img loading=\"lazy\" decoding=\"async\" width=\"150\" height=\"150\" src=\"https:\/\/blogg.nykoping.se\/toleransprojektet\/wp-content\/uploads\/sites\/51\/2018\/02\/IMG_6695-150x150.jpg\" class=\"attachment-thumbnail size-thumbnail\" alt=\"\" \/><\/a>\n\t\t\t<\/div><\/figure><figure class='gallery-item'>\n\t\t\t<div class='gallery-icon landscape'>\n\t\t\t\t<a href='https:\/\/blogg.nykoping.se\/toleransprojektet\/img_6344\/'><img loading=\"lazy\" decoding=\"async\" width=\"150\" height=\"150\" src=\"https:\/\/blogg.nykoping.se\/toleransprojektet\/wp-content\/uploads\/sites\/51\/2018\/02\/IMG_6344-150x150.jpg\" class=\"attachment-thumbnail size-thumbnail\" alt=\"\" \/><\/a>\n\t\t\t<\/div><\/figure>\n\t\t<\/div>\n\n<p>S\u00e5 h\u00e4r blev n\u00e5gra av dikterna:<\/p>\n<p><em>Om alla har r\u00e4tt till vila<\/em><br \/>\n<em>om alla har r\u00e4tt till fritid<\/em><br \/>\n<em>om alla har r\u00e4tt till lek<\/em><br \/>\n<em>s\u00e5 m\u00e5ste jag ocks\u00e5 ha r\u00e4tt till det.<\/em><br \/>\n<em>Om alla har r\u00e4tt till att slappna av<\/em><br \/>\n<em>efter en l\u00e5ng dag<\/em><br \/>\n<em>d\u00e5 borde jag ocks\u00e5 ha r\u00e4tt till det.<\/em><br \/>\n(Artikel 31: Alla barn har r\u00e4tt till lek, vila och fritid.)<\/p>\n<p><em>Jag sk\u00e4ms inte \u00f6ver vem jag \u00e4r<\/em><br \/>\n<em>Jag har mitt egna unika namn som passar just mig<\/em><br \/>\n<em>Jag \u00e4r en egen individ<\/em><br \/>\n<em>Jag \u00e4r den jag \u00e4r och jag har r\u00e4tten till att vara den jag vill<\/em><br \/>\n<em>Jag har r\u00e4tt att \u00e4ndra mitt namn<\/em><br \/>\n<em>Jag \u00e4r jag<\/em><br \/>\n(Artikel 7: Varje barn har r\u00e4tt till ett eget namn, ett medborgarskap och att k\u00e4nna till sitt ursprung.)<\/p>\n<p><em>Barn ska inte beh\u00f6va bli slagna hemma<\/em><br \/>\n<em> Ingen ska beh\u00f6va bli diskriminerad<\/em><br \/>\n<em> Ingen ska beh\u00f6va bli kr\u00e4nkt<\/em><br \/>\n<em> Ingen har r\u00e4tt att f\u00f6rst\u00f6ra mitt inre<\/em><br \/>\n<em> Varf\u00f6r ska jag acceptera att bli f\u00f6rst\u00f6rd?<\/em><br \/>\n<em> Mitt liv och mitt minne ligger i dina h\u00e4nder<\/em><br \/>\n<em> s\u00e5 slit inte s\u00f6nder det<\/em><br \/>\n<em> Om du blir slagen, v\u00e5ga s\u00e4g det till n\u00e5gon som kan hj\u00e4lpa dig<\/em><br \/>\n<em> NEJ! Ingen har r\u00e4tt att skada mig<\/em><br \/>\n<em> Ta hand om mig!<\/em><br \/>\n(Artikel 2: Alla barn har samma r\u00e4ttigheter och lika v\u00e4rde. Ingen f\u00e5r diskrimineras.)<\/p>\n<div id='gallery-6' class='gallery galleryid-1122 gallery-columns-3 gallery-size-thumbnail'><figure class='gallery-item'>\n\t\t\t<div class='gallery-icon landscape'>\n\t\t\t\t<a href='https:\/\/blogg.nykoping.se\/toleransprojektet\/img_6613\/'><img loading=\"lazy\" decoding=\"async\" width=\"150\" height=\"150\" src=\"https:\/\/blogg.nykoping.se\/toleransprojektet\/wp-content\/uploads\/sites\/51\/2018\/02\/IMG_6613-150x150.jpg\" class=\"attachment-thumbnail size-thumbnail\" alt=\"\" \/><\/a>\n\t\t\t<\/div><\/figure><figure class='gallery-item'>\n\t\t\t<div class='gallery-icon landscape'>\n\t\t\t\t<a href='https:\/\/blogg.nykoping.se\/toleransprojektet\/img_6292\/'><img loading=\"lazy\" decoding=\"async\" width=\"150\" height=\"150\" src=\"https:\/\/blogg.nykoping.se\/toleransprojektet\/wp-content\/uploads\/sites\/51\/2018\/02\/IMG_6292-150x150.jpg\" class=\"attachment-thumbnail size-thumbnail\" alt=\"\" \/><\/a>\n\t\t\t<\/div><\/figure><figure class='gallery-item'>\n\t\t\t<div class='gallery-icon landscape'>\n\t\t\t\t<a href='https:\/\/blogg.nykoping.se\/toleransprojektet\/img_6331\/'><img loading=\"lazy\" decoding=\"async\" width=\"150\" height=\"150\" src=\"https:\/\/blogg.nykoping.se\/toleransprojektet\/wp-content\/uploads\/sites\/51\/2018\/02\/IMG_6331-150x150.jpg\" class=\"attachment-thumbnail size-thumbnail\" alt=\"\" \/><\/a>\n\t\t\t<\/div><\/figure>\n\t\t<\/div>\n\n<p><img loading=\"lazy\" decoding=\"async\" class=\"alignnone size-full wp-image-1140\" src=\"http:\/\/blogg.nykoping.se\/toleransprojektet\/wp-content\/uploads\/sites\/51\/2018\/02\/IMG_6254.jpg\" alt=\"\" width=\"4032\" height=\"3024\" srcset=\"https:\/\/blogg.nykoping.se\/toleransprojektet\/wp-content\/uploads\/sites\/51\/2018\/02\/IMG_6254.jpg 4032w, https:\/\/blogg.nykoping.se\/toleransprojektet\/wp-content\/uploads\/sites\/51\/2018\/02\/IMG_6254-1024x768.jpg 1024w, https:\/\/blogg.nykoping.se\/toleransprojektet\/wp-content\/uploads\/sites\/51\/2018\/02\/IMG_6254-768x576.jpg 768w\" sizes=\"auto, (max-width: 4032px) 100vw, 4032px\" \/><\/p>\n<p>Dagens glasburksuppgift (och nu hade ber\u00e4ttelsen om Irena Sendler f\u00e5tt eleverna att f\u00f6rst\u00e5 varf\u00f6r vi valt att ge var och en av dem just en glasburk) blev att skriva om en person som varit viktig i deras barndom.<\/p>\n<p>N\u00e4sta g\u00e5ng vi ses \u00e4r det med ett program som helt \u00e4r inriktat p\u00e5 v\u00e5r resa. Vi ska titta p\u00e5 resplanen med hj\u00e4lp av Google Earth och g\u00e5 igenom viktiga fakta kring judendom och F\u00f6rintelsen &#8211; betydelsefulla kunskaper f\u00f6r att f\u00f6rst\u00e5 de platser vi kommer till. N\u00e4sta g\u00e5ng kommer ocks\u00e5 de \u00f6vriga vuxna som ska f\u00f6lja med p\u00e5 resan att vara med f\u00f6r att bekanta sig med eleverna. Polenresan n\u00e4rmar sig med stormsteg!<\/p>\n<div id='gallery-7' class='gallery galleryid-1122 gallery-columns-3 gallery-size-thumbnail'><figure class='gallery-item'>\n\t\t\t<div class='gallery-icon portrait'>\n\t\t\t\t<a href='https:\/\/blogg.nykoping.se\/toleransprojektet\/img_6274\/'><img loading=\"lazy\" decoding=\"async\" width=\"150\" height=\"150\" src=\"https:\/\/blogg.nykoping.se\/toleransprojektet\/wp-content\/uploads\/sites\/51\/2018\/02\/IMG_6274-150x150.jpg\" class=\"attachment-thumbnail size-thumbnail\" alt=\"\" \/><\/a>\n\t\t\t<\/div><\/figure><figure class='gallery-item'>\n\t\t\t<div class='gallery-icon landscape'>\n\t\t\t\t<a href='https:\/\/blogg.nykoping.se\/toleransprojektet\/img_6639\/'><img loading=\"lazy\" decoding=\"async\" width=\"150\" height=\"150\" src=\"https:\/\/blogg.nykoping.se\/toleransprojektet\/wp-content\/uploads\/sites\/51\/2018\/02\/IMG_6639-150x150.jpg\" class=\"attachment-thumbnail size-thumbnail\" alt=\"\" \/><\/a>\n\t\t\t<\/div><\/figure><figure class='gallery-item'>\n\t\t\t<div class='gallery-icon landscape'>\n\t\t\t\t<a href='https:\/\/blogg.nykoping.se\/toleransprojektet\/img_6288\/'><img loading=\"lazy\" decoding=\"async\" width=\"150\" height=\"150\" src=\"https:\/\/blogg.nykoping.se\/toleransprojektet\/wp-content\/uploads\/sites\/51\/2018\/02\/IMG_6288-150x150.jpg\" class=\"attachment-thumbnail size-thumbnail\" alt=\"\" \/><\/a>\n\t\t\t<\/div><\/figure>\n\t\t<\/div>\n\n<p>&nbsp;<\/p>\n","protected":false},"excerpt":{"rendered":"<p>Eftersom det var f\u00f6rsta g\u00e5ngen som Toleransprojektet var med p\u00e5 h\u00f6gtidligh\u00e5llandet av F\u00f6rintelsens minnesdag 27 januari kommer f\u00f6rst n\u00e5gra rader om detta. Vi samlades vid Teaterparken och gick med facklor till Stora torget. D\u00e4r inledde Toleransprojektet minnesceremonin med textl\u00e4sning. Tova, Pontus, Alice, Alessandro, Wiktoria, Oscar och Emma fr\u00e5n \u00e5rets grupper l\u00e4ste sina brev till Emerich &hellip; <a href=\"https:\/\/blogg.nykoping.se\/toleransprojektet\/2018\/02\/09\/attonde-traffen-att-vara-barn-2\/\" class=\"more-link\">Forts\u00e4tt l\u00e4sa <span class=\"screen-reader-text\">\u00c5ttonde tr\u00e4ffen: Att vara barn<\/span><\/a><\/p>\n","protected":false},"author":203,"featured_media":0,"comment_status":"open","ping_status":"open","sticky":false,"template":"","format":"standard","meta":{"footnotes":""},"categories":[1],"tags":[],"class_list":["post-1122","post","type-post","status-publish","format-standard","hentry","category-okategoriserade"],"_links":{"self":[{"href":"https:\/\/blogg.nykoping.se\/toleransprojektet\/wp-json\/wp\/v2\/posts\/1122","targetHints":{"allow":["GET"]}}],"collection":[{"href":"https:\/\/blogg.nykoping.se\/toleransprojektet\/wp-json\/wp\/v2\/posts"}],"about":[{"href":"https:\/\/blogg.nykoping.se\/toleransprojektet\/wp-json\/wp\/v2\/types\/post"}],"author":[{"embeddable":true,"href":"https:\/\/blogg.nykoping.se\/toleransprojektet\/wp-json\/wp\/v2\/users\/203"}],"replies":[{"embeddable":true,"href":"https:\/\/blogg.nykoping.se\/toleransprojektet\/wp-json\/wp\/v2\/comments?post=1122"}],"version-history":[{"count":14,"href":"https:\/\/blogg.nykoping.se\/toleransprojektet\/wp-json\/wp\/v2\/posts\/1122\/revisions"}],"predecessor-version":[{"id":1169,"href":"https:\/\/blogg.nykoping.se\/toleransprojektet\/wp-json\/wp\/v2\/posts\/1122\/revisions\/1169"}],"wp:attachment":[{"href":"https:\/\/blogg.nykoping.se\/toleransprojektet\/wp-json\/wp\/v2\/media?parent=1122"}],"wp:term":[{"taxonomy":"category","embeddable":true,"href":"https:\/\/blogg.nykoping.se\/toleransprojektet\/wp-json\/wp\/v2\/categories?post=1122"},{"taxonomy":"post_tag","embeddable":true,"href":"https:\/\/blogg.nykoping.se\/toleransprojektet\/wp-json\/wp\/v2\/tags?post=1122"}],"curies":[{"name":"wp","href":"https:\/\/api.w.org\/{rel}","templated":true}]}}