{"id":1072,"date":"2018-01-26T13:05:24","date_gmt":"2018-01-26T12:05:24","guid":{"rendered":"http:\/\/blogg.nykoping.se\/toleransprojektet\/?p=1072"},"modified":"2018-01-26T13:05:24","modified_gmt":"2018-01-26T12:05:24","slug":"forintelsens-minnesdag-och-hedi-frieds-lararpris","status":"publish","type":"post","link":"https:\/\/blogg.nykoping.se\/toleransprojektet\/2018\/01\/26\/forintelsens-minnesdag-och-hedi-frieds-lararpris\/","title":{"rendered":"F\u00f6rintelsens minnesdag och H\u00e9di Frieds l\u00e4rarpris"},"content":{"rendered":"<div id='gallery-1' class='gallery galleryid-1072 gallery-columns-3 gallery-size-thumbnail'><figure class='gallery-item'>\n\t\t\t<div class='gallery-icon landscape'>\n\t\t\t\t<a href='https:\/\/blogg.nykoping.se\/toleransprojektet\/dscf1241\/'><img loading=\"lazy\" decoding=\"async\" width=\"150\" height=\"150\" src=\"https:\/\/blogg.nykoping.se\/toleransprojektet\/wp-content\/uploads\/sites\/51\/2017\/03\/DSCF1241-150x150.jpg\" class=\"attachment-thumbnail size-thumbnail\" alt=\"\" \/><\/a>\n\t\t\t<\/div><\/figure><figure class='gallery-item'>\n\t\t\t<div class='gallery-icon landscape'>\n\t\t\t\t<a href='https:\/\/blogg.nykoping.se\/toleransprojektet\/2018\/01\/26\/forintelsens-minnesdag-och-hedi-frieds-lararpris\/malin-2\/'><img loading=\"lazy\" decoding=\"async\" width=\"150\" height=\"150\" src=\"https:\/\/blogg.nykoping.se\/toleransprojektet\/wp-content\/uploads\/sites\/51\/2018\/01\/Malin-2-150x150.jpg\" class=\"attachment-thumbnail size-thumbnail\" alt=\"\" srcset=\"https:\/\/blogg.nykoping.se\/toleransprojektet\/wp-content\/uploads\/sites\/51\/2018\/01\/Malin-2-150x150.jpg 150w, https:\/\/blogg.nykoping.se\/toleransprojektet\/wp-content\/uploads\/sites\/51\/2018\/01\/Malin-2-1024x1024.jpg 1024w, https:\/\/blogg.nykoping.se\/toleransprojektet\/wp-content\/uploads\/sites\/51\/2018\/01\/Malin-2-768x768.jpg 768w\" sizes=\"auto, (max-width: 150px) 100vw, 150px\" \/><\/a>\n\t\t\t<\/div><\/figure><figure class='gallery-item'>\n\t\t\t<div class='gallery-icon landscape'>\n\t\t\t\t<a href='https:\/\/blogg.nykoping.se\/toleransprojektet\/dscf1837\/'><img loading=\"lazy\" decoding=\"async\" width=\"150\" height=\"150\" src=\"https:\/\/blogg.nykoping.se\/toleransprojektet\/wp-content\/uploads\/sites\/51\/2017\/03\/DSCF1837-150x150.jpg\" class=\"attachment-thumbnail size-thumbnail\" alt=\"\" \/><\/a>\n\t\t\t<\/div><\/figure>\n\t\t<\/div>\n\n<p>Imorgon l\u00f6rdag 27 januari \u00e4r det F\u00f6rintelsens minnesdag. Med olika ceremonier v\u00e4rlden \u00f6ver h\u00f6gtidligh\u00e5lls minnet av de m\u00e4nniskor som m\u00f6rdades under F\u00f6rintelsen. H\u00e4r i Nyk\u00f6ping arrangerar Ungdomsfullm\u00e4ktige en manifestation med fackelt\u00e5g fr\u00e5n Teaterparken till Stora torget och olika framf\u00f6randen fr\u00e5n Stadshustrappan. Fr\u00e5n Toleransprojektet medverkar b\u00e5de n\u00e5gra av f\u00f6rra \u00e5rets elever, de som nu \u00e4r toleransambassad\u00f6rer, och n\u00e5gra av \u00e5rets elever. \u00a0Alla som vill komma och visa sitt st\u00f6d f\u00f6r demokrati och allas lika v\u00e4rde samt minnas det brott mot m\u00e4nskligheten som begicks under F\u00f6rintelsen \u00e4r varmt v\u00e4lkomna. Fackelt\u00e5get startar i Teaterparken kl 15.30. Samling kl 15.15.<\/p>\n<figure id=\"attachment_1111\" aria-describedby=\"caption-attachment-1111\" style=\"width: 2145px\" class=\"wp-caption alignnone\"><img loading=\"lazy\" decoding=\"async\" class=\"wp-image-1111 size-full\" src=\"http:\/\/blogg.nykoping.se\/toleransprojektet\/wp-content\/uploads\/sites\/51\/2018\/01\/Malin-3.jpg\" alt=\"\" width=\"2145\" height=\"2145\" srcset=\"https:\/\/blogg.nykoping.se\/toleransprojektet\/wp-content\/uploads\/sites\/51\/2018\/01\/Malin-3.jpg 2145w, https:\/\/blogg.nykoping.se\/toleransprojektet\/wp-content\/uploads\/sites\/51\/2018\/01\/Malin-3-150x150.jpg 150w, https:\/\/blogg.nykoping.se\/toleransprojektet\/wp-content\/uploads\/sites\/51\/2018\/01\/Malin-3-1024x1024.jpg 1024w, https:\/\/blogg.nykoping.se\/toleransprojektet\/wp-content\/uploads\/sites\/51\/2018\/01\/Malin-3-768x768.jpg 768w\" sizes=\"auto, (max-width: 2145px) 100vw, 2145px\" \/><figcaption id=\"caption-attachment-1111\" class=\"wp-caption-text\">Malin l\u00e4ser ur elevernas egna texter under f\u00f6rra \u00e5rets resa med eleverna i Toleransprojekt till F\u00f6rintelsens minnesplatser. H\u00e4r i Auschwitz Birkenau.<\/figcaption><\/figure>\n<p>En av de fyra l\u00e4rare som tilldelas 2018 \u00e5rs H\u00e9di Frieds l\u00e4rarpris \u00e4r Toleransprojektets l\u00e4rare Malin Mattsson Flenneg\u00e5rd. Hon f\u00e5r det f\u00f6r sitt arbete med att under m\u00e5nga \u00e5r undervisa om F\u00f6rintelsen, demokrati och m\u00e4nskliga r\u00e4ttigheter b\u00e5de p\u00e5 Nyk\u00f6pings gymnasium och inom Toleransprojektet. H\u00e9di Fried \u00f6verlevde F\u00f6rintelsen och \u00e4r fortfarande verksam &#8211; hon skriver b\u00f6cker om sina erfarenheter fr\u00e5n bland annat Auschwitz Birkenau och f\u00f6rel\u00e4ser f\u00f6r skolelever. H\u00e9di har instiftat priset f\u00f6r att uppm\u00e4rksamma l\u00e4rare som s\u00e4rskilt verkar f\u00f6r att f\u00f6ra ber\u00e4ttelser och l\u00e4rdomar fr\u00e5n F\u00f6rintelsen vidare. <a href=\"https:\/\/nykoping.se\/Kommun--politik\/Nyhetsarkiv\/2018\/Malin-Mattsson-Flennegard-far-Hedi-Frieds-lararpris-2018\/\">H\u00e4r<\/a> kan man l\u00e4sa mer om Malin och priset.<\/p>\n<p>F\u00f6r tv\u00e5 \u00e5r sedan fick Toleransprojektets andra l\u00e4rare, Ola Flenneg\u00e5rd, samma pris. <a href=\"https:\/\/nykoping.se\/Nykopings-gymnasium\/Om-skolan\/Nyheter-\/2015\/Ola-Flennegard-har-fatt-utmarkelsen-Lararpriset-av-Michael-A-Frieds-stiftelse-\/\">H\u00e4r<\/a> kan man l\u00e4sa mer om det.<\/p>\n<figure id=\"attachment_1114\" aria-describedby=\"caption-attachment-1114\" style=\"width: 523px\" class=\"wp-caption alignnone\"><img loading=\"lazy\" decoding=\"async\" class=\"wp-image-1114 size-full\" src=\"http:\/\/blogg.nykoping.se\/toleransprojektet\/wp-content\/uploads\/sites\/51\/2018\/01\/Ola-o-Hedi.jpg\" alt=\"\" width=\"523\" height=\"523\" srcset=\"https:\/\/blogg.nykoping.se\/toleransprojektet\/wp-content\/uploads\/sites\/51\/2018\/01\/Ola-o-Hedi.jpg 523w, https:\/\/blogg.nykoping.se\/toleransprojektet\/wp-content\/uploads\/sites\/51\/2018\/01\/Ola-o-Hedi-150x150.jpg 150w\" sizes=\"auto, (max-width: 523px) 100vw, 523px\" \/><figcaption id=\"caption-attachment-1114\" class=\"wp-caption-text\">Ola Flenneg\u00e5rd och H\u00e9di Fried i riksdagen p\u00e5 F\u00f6rintelsens minnesdag 2016, n\u00e4r Ola tilldelades l\u00e4rarpriset.<\/figcaption><\/figure>\n<p>Toleransprojektet \u00e4r och vill forts\u00e4tta vara en plattform f\u00f6r unga m\u00e4nniskors f\u00f6rst\u00e5else f\u00f6r och kunskaper om demokratins f\u00f6ruts\u00e4ttningar och vad som kan h\u00e4nda om vi inte tillsammans v\u00e4rnar om alla m\u00e4nniskors lika v\u00e4rde och r\u00e4tt att sj\u00e4lva f\u00e5 definiera vilka de \u00e4r och vill vara.<\/p>\n<p>&nbsp;<\/p>\n","protected":false},"excerpt":{"rendered":"<p>Imorgon l\u00f6rdag 27 januari \u00e4r det F\u00f6rintelsens minnesdag. Med olika ceremonier v\u00e4rlden \u00f6ver h\u00f6gtidligh\u00e5lls minnet av de m\u00e4nniskor som m\u00f6rdades under F\u00f6rintelsen. H\u00e4r i Nyk\u00f6ping arrangerar Ungdomsfullm\u00e4ktige en manifestation med fackelt\u00e5g fr\u00e5n Teaterparken till Stora torget och olika framf\u00f6randen fr\u00e5n Stadshustrappan. Fr\u00e5n Toleransprojektet medverkar b\u00e5de n\u00e5gra av f\u00f6rra \u00e5rets elever, de som nu \u00e4r toleransambassad\u00f6rer, &hellip; <a href=\"https:\/\/blogg.nykoping.se\/toleransprojektet\/2018\/01\/26\/forintelsens-minnesdag-och-hedi-frieds-lararpris\/\" class=\"more-link\">Forts\u00e4tt l\u00e4sa <span class=\"screen-reader-text\">F\u00f6rintelsens minnesdag och H\u00e9di Frieds l\u00e4rarpris<\/span><\/a><\/p>\n","protected":false},"author":203,"featured_media":0,"comment_status":"open","ping_status":"open","sticky":false,"template":"","format":"standard","meta":{"footnotes":""},"categories":[1],"tags":[],"class_list":["post-1072","post","type-post","status-publish","format-standard","hentry","category-okategoriserade"],"_links":{"self":[{"href":"https:\/\/blogg.nykoping.se\/toleransprojektet\/wp-json\/wp\/v2\/posts\/1072","targetHints":{"allow":["GET"]}}],"collection":[{"href":"https:\/\/blogg.nykoping.se\/toleransprojektet\/wp-json\/wp\/v2\/posts"}],"about":[{"href":"https:\/\/blogg.nykoping.se\/toleransprojektet\/wp-json\/wp\/v2\/types\/post"}],"author":[{"embeddable":true,"href":"https:\/\/blogg.nykoping.se\/toleransprojektet\/wp-json\/wp\/v2\/users\/203"}],"replies":[{"embeddable":true,"href":"https:\/\/blogg.nykoping.se\/toleransprojektet\/wp-json\/wp\/v2\/comments?post=1072"}],"version-history":[{"count":10,"href":"https:\/\/blogg.nykoping.se\/toleransprojektet\/wp-json\/wp\/v2\/posts\/1072\/revisions"}],"predecessor-version":[{"id":1120,"href":"https:\/\/blogg.nykoping.se\/toleransprojektet\/wp-json\/wp\/v2\/posts\/1072\/revisions\/1120"}],"wp:attachment":[{"href":"https:\/\/blogg.nykoping.se\/toleransprojektet\/wp-json\/wp\/v2\/media?parent=1072"}],"wp:term":[{"taxonomy":"category","embeddable":true,"href":"https:\/\/blogg.nykoping.se\/toleransprojektet\/wp-json\/wp\/v2\/categories?post=1072"},{"taxonomy":"post_tag","embeddable":true,"href":"https:\/\/blogg.nykoping.se\/toleransprojektet\/wp-json\/wp\/v2\/tags?post=1072"}],"curies":[{"name":"wp","href":"https:\/\/api.w.org\/{rel}","templated":true}]}}