{"id":1024,"date":"2018-01-12T09:34:43","date_gmt":"2018-01-12T08:34:43","guid":{"rendered":"http:\/\/blogg.nykoping.se\/toleransprojektet\/?p=1024"},"modified":"2018-01-12T09:34:43","modified_gmt":"2018-01-12T08:34:43","slug":"sjatte-traffen-vi-och-dom","status":"publish","type":"post","link":"https:\/\/blogg.nykoping.se\/toleransprojektet\/2018\/01\/12\/sjatte-traffen-vi-och-dom\/","title":{"rendered":"Sj\u00e4tte tr\u00e4ffen: &#8221;Vi och dom&#8221;"},"content":{"rendered":"<p><img loading=\"lazy\" decoding=\"async\" class=\"alignnone size-full wp-image-1049\" src=\"http:\/\/blogg.nykoping.se\/toleransprojektet\/wp-content\/uploads\/sites\/51\/2018\/01\/IMG_5628.jpg\" alt=\"\" width=\"4032\" height=\"3024\" srcset=\"https:\/\/blogg.nykoping.se\/toleransprojektet\/wp-content\/uploads\/sites\/51\/2018\/01\/IMG_5628.jpg 4032w, https:\/\/blogg.nykoping.se\/toleransprojektet\/wp-content\/uploads\/sites\/51\/2018\/01\/IMG_5628-1024x768.jpg 1024w, https:\/\/blogg.nykoping.se\/toleransprojektet\/wp-content\/uploads\/sites\/51\/2018\/01\/IMG_5628-768x576.jpg 768w\" sizes=\"auto, (max-width: 4032px) 100vw, 4032px\" \/><\/p>\n<p>God forts\u00e4ttning och v\u00e4lkomna till det nya \u00e5ret med Toleransprojektet. Om tv\u00e5 m\u00e5nader befinner sig redan grupp 1 p\u00e5 resa i Polen. Vi n\u00e4rmar oss mer och mer den del av projektet d\u00e4r fokus ligger p\u00e5 att f\u00f6rst\u00e5 de m\u00e4nskliga mekanismer som g\u00f6r att vi misstror varandra, sorterar in varandra i &#8221;b\u00e4ttre&#8221; och &#8221;s\u00e4mre&#8221; och till och med hatar varandra.<\/p>\n<p>Temat f\u00f6r v\u00e5r sj\u00e4tte tr\u00e4ff var: &#8221;VI OCH DOM&#8221;. Vi definierade och talade om f\u00f6rdomar och provade att stoppa in olika ord mellan &#8221;Vi&#8221; och &#8221;Dom&#8221;. D\u00e5 kunde det bli &#8221;vi eller dom&#8221;, &#8221;vi med dom&#8221;, &#8221;vi mot dom&#8221;, &#8221;vi \u00e4lskar dom&#8221; eller &#8221;vi \u00e4r dom&#8221;. Beroende p\u00e5 vilket ord som stoppades in s\u00e5 f\u00f6r\u00e4ndrades betydelsen.<\/p>\n<div id='gallery-1' class='gallery galleryid-1024 gallery-columns-3 gallery-size-thumbnail'><figure class='gallery-item'>\n\t\t\t<div class='gallery-icon landscape'>\n\t\t\t\t<a href='https:\/\/blogg.nykoping.se\/toleransprojektet\/img_5212\/'><img loading=\"lazy\" decoding=\"async\" width=\"150\" height=\"150\" src=\"https:\/\/blogg.nykoping.se\/toleransprojektet\/wp-content\/uploads\/sites\/51\/2018\/01\/IMG_5212-150x150.jpg\" class=\"attachment-thumbnail size-thumbnail\" alt=\"\" \/><\/a>\n\t\t\t<\/div><\/figure><figure class='gallery-item'>\n\t\t\t<div class='gallery-icon landscape'>\n\t\t\t\t<a href='https:\/\/blogg.nykoping.se\/toleransprojektet\/img_5595\/'><img loading=\"lazy\" decoding=\"async\" width=\"150\" height=\"150\" src=\"https:\/\/blogg.nykoping.se\/toleransprojektet\/wp-content\/uploads\/sites\/51\/2018\/01\/IMG_5595-150x150.jpg\" class=\"attachment-thumbnail size-thumbnail\" alt=\"\" \/><\/a>\n\t\t\t<\/div><\/figure><figure class='gallery-item'>\n\t\t\t<div class='gallery-icon landscape'>\n\t\t\t\t<a href='https:\/\/blogg.nykoping.se\/toleransprojektet\/img_5210\/'><img loading=\"lazy\" decoding=\"async\" width=\"150\" height=\"150\" src=\"https:\/\/blogg.nykoping.se\/toleransprojektet\/wp-content\/uploads\/sites\/51\/2018\/01\/IMG_5210-150x150.jpg\" class=\"attachment-thumbnail size-thumbnail\" alt=\"\" \/><\/a>\n\t\t\t<\/div><\/figure>\n\t\t<\/div>\n\n<p>F\u00f6r att f\u00e5 ig\u00e5ng \u00a0tankarna kring hur vi t\u00e4nker om andra m\u00e4nniskor lyssnade vi till ber\u00e4ttelsen om ett v\u00e4lk\u00e4nt fotografi. P\u00e5 fotografiet, som ocks\u00e5 \u00e4r omslag till Forum f\u00f6r levande historias bok &#8221;Om detta m\u00e5 ni ber\u00e4tta&#8221;, ser man en grupp ungerska judar som den 27 maj 1944 anl\u00e4nde med en t\u00e5gtransport till koncentrationsl\u00e4gret Auschwitz Birkenau. Varf\u00f6r har de kommit dit? Hur ser vi att de \u00e4r judar? Vilka personer f\u00e5ngar s\u00e4rskilt din blick?<\/p>\n<p><img loading=\"lazy\" decoding=\"async\" class=\"alignnone size-full wp-image-183\" src=\"http:\/\/blogg.nykoping.se\/toleransprojektet\/wp-content\/uploads\/sites\/51\/2017\/01\/Gertifotot.jpg\" alt=\"\" width=\"640\" height=\"356\" srcset=\"https:\/\/blogg.nykoping.se\/toleransprojektet\/wp-content\/uploads\/sites\/51\/2017\/01\/Gertifotot.jpg 640w, https:\/\/blogg.nykoping.se\/toleransprojektet\/wp-content\/uploads\/sites\/51\/2017\/01\/Gertifotot-300x167.jpg 300w\" sizes=\"auto, (max-width: 640px) 100vw, 640px\" \/><\/p>\n<p>F\u00f6r dessa m\u00e4nniskor, lilla Gerti, hennes syster, mamma, kusinen Ruben, farmor och de andra sl\u00e4ktingarna och grannarna, blev F\u00f6rintelsen bokstavlig. Deras identiteter reducerades till en enda sak &#8211; de var judar och judar skulle m\u00f6rdas. 24 timmar efter att fotot togs var de inte bara m\u00f6rdade utan f\u00f6rintade. Hur ska vi f\u00f6rst\u00e5 detta? Vad h\u00e4nder n\u00e4r vi kategoriserar varandra och best\u00e4mmer vilka delar av en m\u00e4nniskas identitet som \u00e4r fel eller r\u00e4tt?<\/p>\n<p><img loading=\"lazy\" decoding=\"async\" class=\"alignnone size-full wp-image-1063\" src=\"http:\/\/blogg.nykoping.se\/toleransprojektet\/wp-content\/uploads\/sites\/51\/2018\/01\/IMG_5209.jpg\" alt=\"\" width=\"4032\" height=\"3024\" srcset=\"https:\/\/blogg.nykoping.se\/toleransprojektet\/wp-content\/uploads\/sites\/51\/2018\/01\/IMG_5209.jpg 4032w, https:\/\/blogg.nykoping.se\/toleransprojektet\/wp-content\/uploads\/sites\/51\/2018\/01\/IMG_5209-1024x768.jpg 1024w, https:\/\/blogg.nykoping.se\/toleransprojektet\/wp-content\/uploads\/sites\/51\/2018\/01\/IMG_5209-768x576.jpg 768w\" sizes=\"auto, (max-width: 4032px) 100vw, 4032px\" \/><\/p>\n<p>Detta ledde oss in p\u00e5 dagens l\u00e5nga och utmanande progressiva v\u00e4rderings\u00f6vning. Steg f\u00f6r steg tog sig eleverna igenom fr\u00e5gor som alla handlade om exempelvis begrepp som identitet, etnicitet och sexuell l\u00e4ggning. Vad kan man v\u00e4lja och inte v\u00e4lja i sin identitet? G\u00e5r det att vara 100% somalisk eller kurd och 100 % svensk? M\u00e5let var att alla i diskussionsgruppen skulle yttra sig och att gruppen skulle vara s\u00e5 \u00f6verens det gick om sina svar. F\u00f6r varje steg knuffades nya och ofta provocerande tankar in f\u00f6r att grupperna skulle komma vidare och pr\u00f6va sig fram bland alla sv\u00e5ra och komplexa begrepp. Eleverna tyckte att fr\u00e5gorna var jobbiga och f\u00f6rvirrande men sp\u00e4nnande.<\/p>\n<p><img loading=\"lazy\" decoding=\"async\" class=\"alignnone size-full wp-image-1057\" src=\"http:\/\/blogg.nykoping.se\/toleransprojektet\/wp-content\/uploads\/sites\/51\/2018\/01\/IMG_5586.jpg\" alt=\"\" width=\"4032\" height=\"3024\" srcset=\"https:\/\/blogg.nykoping.se\/toleransprojektet\/wp-content\/uploads\/sites\/51\/2018\/01\/IMG_5586.jpg 4032w, https:\/\/blogg.nykoping.se\/toleransprojektet\/wp-content\/uploads\/sites\/51\/2018\/01\/IMG_5586-1024x768.jpg 1024w, https:\/\/blogg.nykoping.se\/toleransprojektet\/wp-content\/uploads\/sites\/51\/2018\/01\/IMG_5586-768x576.jpg 768w\" sizes=\"auto, (max-width: 4032px) 100vw, 4032px\" \/><\/p>\n<p>Hur det kan k\u00e4nnas att bli bed\u00f6md och misst\u00e4nkliggjord p\u00e5 grund av hur man ser ut, ens bakgrund och namn fick Jonas Hassen Khemiris text &#8221;Jag ringer mina br\u00f6der&#8221; beskriva. Efter h\u00f6gl\u00e4sningen samtalade eleverna om n\u00e4r \u00a0de sj\u00e4lva t\u00e4nker p\u00e5 och bed\u00f6mer andra negativt och hur texten h\u00e4ngde ihop med v\u00e4rderings\u00f6vningens diskussioner.<\/p>\n<div id='gallery-2' class='gallery galleryid-1024 gallery-columns-3 gallery-size-thumbnail'><figure class='gallery-item'>\n\t\t\t<div class='gallery-icon landscape'>\n\t\t\t\t<a href='https:\/\/blogg.nykoping.se\/toleransprojektet\/2018\/01\/12\/sjatte-traffen-vi-och-dom\/img_5230\/'><img loading=\"lazy\" decoding=\"async\" width=\"150\" height=\"150\" src=\"https:\/\/blogg.nykoping.se\/toleransprojektet\/wp-content\/uploads\/sites\/51\/2018\/01\/IMG_5230-150x150.jpg\" class=\"attachment-thumbnail size-thumbnail\" alt=\"\" \/><\/a>\n\t\t\t<\/div><\/figure><figure class='gallery-item'>\n\t\t\t<div class='gallery-icon landscape'>\n\t\t\t\t<a href='https:\/\/blogg.nykoping.se\/toleransprojektet\/2018\/01\/12\/sjatte-traffen-vi-och-dom\/img_5575\/'><img loading=\"lazy\" decoding=\"async\" width=\"150\" height=\"150\" src=\"https:\/\/blogg.nykoping.se\/toleransprojektet\/wp-content\/uploads\/sites\/51\/2018\/01\/IMG_5575-150x150.jpg\" class=\"attachment-thumbnail size-thumbnail\" alt=\"\" \/><\/a>\n\t\t\t<\/div><\/figure><figure class='gallery-item'>\n\t\t\t<div class='gallery-icon landscape'>\n\t\t\t\t<a href='https:\/\/blogg.nykoping.se\/toleransprojektet\/img_5670\/'><img loading=\"lazy\" decoding=\"async\" width=\"150\" height=\"150\" src=\"https:\/\/blogg.nykoping.se\/toleransprojektet\/wp-content\/uploads\/sites\/51\/2018\/01\/IMG_5670-150x150.jpg\" class=\"attachment-thumbnail size-thumbnail\" alt=\"\" \/><\/a>\n\t\t\t<\/div><\/figure>\n\t\t<\/div>\n\n<p>F\u00f6re l\u00e4xl\u00e4sningen f\u00f6rvandlade vi golvet till ett pirayahav som det kr\u00e4vdes samarbete och flytstenar f\u00f6r att ta sig \u00f6ver. Minsta felkliv resulterade i att stenar f\u00f6rsvann och att sv\u00e5righetsgraden \u00f6kade, men grupperna klarade det bra och efter\u00e5t fick de fundera kring hur samarbetet gick och varf\u00f6r.<\/p>\n<p><img loading=\"lazy\" decoding=\"async\" class=\"alignnone size-full wp-image-1037\" src=\"http:\/\/blogg.nykoping.se\/toleransprojektet\/wp-content\/uploads\/sites\/51\/2018\/01\/IMG_5259.jpg\" alt=\"\" width=\"4032\" height=\"3024\" srcset=\"https:\/\/blogg.nykoping.se\/toleransprojektet\/wp-content\/uploads\/sites\/51\/2018\/01\/IMG_5259.jpg 4032w, https:\/\/blogg.nykoping.se\/toleransprojektet\/wp-content\/uploads\/sites\/51\/2018\/01\/IMG_5259-1024x768.jpg 1024w, https:\/\/blogg.nykoping.se\/toleransprojektet\/wp-content\/uploads\/sites\/51\/2018\/01\/IMG_5259-768x576.jpg 768w\" sizes=\"auto, (max-width: 4032px) 100vw, 4032px\" \/><\/p>\n<div id='gallery-3' class='gallery galleryid-1024 gallery-columns-3 gallery-size-thumbnail'><figure class='gallery-item'>\n\t\t\t<div class='gallery-icon landscape'>\n\t\t\t\t<a href='https:\/\/blogg.nykoping.se\/toleransprojektet\/img_5612\/'><img loading=\"lazy\" decoding=\"async\" width=\"150\" height=\"150\" src=\"https:\/\/blogg.nykoping.se\/toleransprojektet\/wp-content\/uploads\/sites\/51\/2018\/01\/IMG_5612-150x150.jpg\" class=\"attachment-thumbnail size-thumbnail\" alt=\"\" \/><\/a>\n\t\t\t<\/div><\/figure><figure class='gallery-item'>\n\t\t\t<div class='gallery-icon landscape'>\n\t\t\t\t<a href='https:\/\/blogg.nykoping.se\/toleransprojektet\/2018\/01\/12\/sjatte-traffen-vi-och-dom\/img_5266\/'><img loading=\"lazy\" decoding=\"async\" width=\"150\" height=\"150\" src=\"https:\/\/blogg.nykoping.se\/toleransprojektet\/wp-content\/uploads\/sites\/51\/2018\/01\/IMG_5266-150x150.jpg\" class=\"attachment-thumbnail size-thumbnail\" alt=\"\" \/><\/a>\n\t\t\t<\/div><\/figure><figure class='gallery-item'>\n\t\t\t<div class='gallery-icon landscape'>\n\t\t\t\t<a href='https:\/\/blogg.nykoping.se\/toleransprojektet\/img_5615\/'><img loading=\"lazy\" decoding=\"async\" width=\"150\" height=\"150\" src=\"https:\/\/blogg.nykoping.se\/toleransprojektet\/wp-content\/uploads\/sites\/51\/2018\/01\/IMG_5615-150x150.jpg\" class=\"attachment-thumbnail size-thumbnail\" alt=\"\" \/><\/a>\n\t\t\t<\/div><\/figure>\n\t\t<\/div>\n\n<p><img loading=\"lazy\" decoding=\"async\" class=\"alignnone size-full wp-image-1050\" src=\"http:\/\/blogg.nykoping.se\/toleransprojektet\/wp-content\/uploads\/sites\/51\/2018\/01\/IMG_5646.jpg\" alt=\"\" width=\"4032\" height=\"3024\" srcset=\"https:\/\/blogg.nykoping.se\/toleransprojektet\/wp-content\/uploads\/sites\/51\/2018\/01\/IMG_5646.jpg 4032w, https:\/\/blogg.nykoping.se\/toleransprojektet\/wp-content\/uploads\/sites\/51\/2018\/01\/IMG_5646-1024x768.jpg 1024w, https:\/\/blogg.nykoping.se\/toleransprojektet\/wp-content\/uploads\/sites\/51\/2018\/01\/IMG_5646-768x576.jpg 768w\" sizes=\"auto, (max-width: 4032px) 100vw, 4032px\" \/><\/p>\n<p>Som sammanfattning av dagens tema och inneh\u00e5ll skrev eleverna reflektioner i sina anteckningsb\u00f6cker under rubriken. &#8221;Mina tankar efter dagen om &#8221;Vi och dom&#8221;. S\u00e5 h\u00e4r formulerade sig n\u00e5gra av dem:<\/p>\n<p><em>Det klurigaste p\u00e5 dagen var det d\u00e4r med identiteten och om man kan byta identitet. Man fick t\u00e4nka ordentligt och man blev tr\u00f6tt i huvudet, Jag hade nog inte fixat det om jag inte var i en grupp. Ber\u00e4ttelsen &#8221;Jag ringer mina br\u00f6der&#8221; hade ett avslut som jag kommer att komma ih\u00e5g. N\u00e4r han ser sig sj\u00e4lv i f\u00f6nsterbilden. Bilden p\u00e5 Rubens familj och deras ber\u00e4ttelse kommer jag ocks\u00e5 att ta med mig f\u00f6r att l\u00e4ra mina brorsor. Vi har en s\u00e5dan bok hemma, s\u00e5 jag ska l\u00e4ra dem vad det egentligen betyder.<\/em><\/p>\n<p><em>Alla diskussioner fick mig att ifr\u00e5gas\u00e4tta mig sj\u00e4lv. Jag ins\u00e5g \u00e4ven att jag har definierat mig som kurd hela mitt liv. \u00c4ven om min farmor och gammelmormor \u00e4r syrianer. F\u00f6r jag kan inte spr\u00e5ket och k\u00e4nner ingen koppling som jag sj\u00e4lv g\u00f6r med Kurdistan. Jag kommer att ta med mig att man f\u00e5r definiera som man sj\u00e4lv vill. Jag b\u00f6rjade dagen med andra \u00e5sikter \u00e4n n\u00e4r vi slutade.<\/em><\/p>\n<p><img loading=\"lazy\" decoding=\"async\" class=\"alignnone size-full wp-image-1052\" src=\"http:\/\/blogg.nykoping.se\/toleransprojektet\/wp-content\/uploads\/sites\/51\/2018\/01\/IMG_5680.jpg\" alt=\"\" width=\"4032\" height=\"3024\" srcset=\"https:\/\/blogg.nykoping.se\/toleransprojektet\/wp-content\/uploads\/sites\/51\/2018\/01\/IMG_5680.jpg 4032w, https:\/\/blogg.nykoping.se\/toleransprojektet\/wp-content\/uploads\/sites\/51\/2018\/01\/IMG_5680-1024x768.jpg 1024w, https:\/\/blogg.nykoping.se\/toleransprojektet\/wp-content\/uploads\/sites\/51\/2018\/01\/IMG_5680-768x576.jpg 768w\" sizes=\"auto, (max-width: 4032px) 100vw, 4032px\" \/><\/p>\n<p>Denna sj\u00e4tte tr\u00e4ff avslutades i en ring p\u00e5 golvet. Eleverna fick h\u00f6ra oss ledare l\u00e4sa h\u00f6gt alla de fina och viktiga ny\u00e5rs\u00f6nskningar de sj\u00e4lva f\u00e5tt skriva p\u00e5 pappersstj\u00e4rnor. Uppgiften var att skriva en \u00f6nskan inf\u00f6r 2018 &#8211; f\u00f6r mig sj\u00e4lv, f\u00f6r gruppen eller f\u00f6r v\u00e4rlden. \u00d6nskningarna handlade om allt ifr\u00e5n fred p\u00e5 jorden och stopp f\u00f6r milj\u00f6f\u00f6rst\u00f6ring till mer personliga saker som ett b\u00e4ttre sj\u00e4lvf\u00f6rtroende, en mer harmonisk familjesituation och ett bra \u00e5r i skolan.<\/p>\n<p>Eftersom Polenresan n\u00e4rmar sig samlar vi p\u00e5 tisdag 16 januari f\u00f6r\u00e4ldrar och v\u00e5rdnadshavare till informationstr\u00e4ff i miniaula 1 p\u00e5 Alpha. Tiderna som g\u00e4ller \u00e4r kl 18.00 g\u00f6r grupp 1 och 19.30 f\u00f6r grupp 2. Det ska bli roligt att f\u00e5 ber\u00e4tta om allt sp\u00e4nnande som v\u00e4ntar eleverna!<\/p>\n<p><img loading=\"lazy\" decoding=\"async\" class=\"alignnone size-full wp-image-1062\" src=\"http:\/\/blogg.nykoping.se\/toleransprojektet\/wp-content\/uploads\/sites\/51\/2018\/01\/IMG_5218.jpg\" alt=\"\" width=\"4032\" height=\"3024\" srcset=\"https:\/\/blogg.nykoping.se\/toleransprojektet\/wp-content\/uploads\/sites\/51\/2018\/01\/IMG_5218.jpg 4032w, https:\/\/blogg.nykoping.se\/toleransprojektet\/wp-content\/uploads\/sites\/51\/2018\/01\/IMG_5218-1024x768.jpg 1024w, https:\/\/blogg.nykoping.se\/toleransprojektet\/wp-content\/uploads\/sites\/51\/2018\/01\/IMG_5218-768x576.jpg 768w\" sizes=\"auto, (max-width: 4032px) 100vw, 4032px\" \/><\/p>\n<p>&nbsp;<\/p>\n","protected":false},"excerpt":{"rendered":"<p>God forts\u00e4ttning och v\u00e4lkomna till det nya \u00e5ret med Toleransprojektet. Om tv\u00e5 m\u00e5nader befinner sig redan grupp 1 p\u00e5 resa i Polen. Vi n\u00e4rmar oss mer och mer den del av projektet d\u00e4r fokus ligger p\u00e5 att f\u00f6rst\u00e5 de m\u00e4nskliga mekanismer som g\u00f6r att vi misstror varandra, sorterar in varandra i &#8221;b\u00e4ttre&#8221; och &#8221;s\u00e4mre&#8221; och &hellip; <a href=\"https:\/\/blogg.nykoping.se\/toleransprojektet\/2018\/01\/12\/sjatte-traffen-vi-och-dom\/\" class=\"more-link\">Forts\u00e4tt l\u00e4sa <span class=\"screen-reader-text\">Sj\u00e4tte tr\u00e4ffen: &#8221;Vi och dom&#8221;<\/span><\/a><\/p>\n","protected":false},"author":203,"featured_media":0,"comment_status":"open","ping_status":"open","sticky":false,"template":"","format":"standard","meta":{"footnotes":""},"categories":[1],"tags":[],"class_list":["post-1024","post","type-post","status-publish","format-standard","hentry","category-okategoriserade"],"_links":{"self":[{"href":"https:\/\/blogg.nykoping.se\/toleransprojektet\/wp-json\/wp\/v2\/posts\/1024","targetHints":{"allow":["GET"]}}],"collection":[{"href":"https:\/\/blogg.nykoping.se\/toleransprojektet\/wp-json\/wp\/v2\/posts"}],"about":[{"href":"https:\/\/blogg.nykoping.se\/toleransprojektet\/wp-json\/wp\/v2\/types\/post"}],"author":[{"embeddable":true,"href":"https:\/\/blogg.nykoping.se\/toleransprojektet\/wp-json\/wp\/v2\/users\/203"}],"replies":[{"embeddable":true,"href":"https:\/\/blogg.nykoping.se\/toleransprojektet\/wp-json\/wp\/v2\/comments?post=1024"}],"version-history":[{"count":14,"href":"https:\/\/blogg.nykoping.se\/toleransprojektet\/wp-json\/wp\/v2\/posts\/1024\/revisions"}],"predecessor-version":[{"id":2057,"href":"https:\/\/blogg.nykoping.se\/toleransprojektet\/wp-json\/wp\/v2\/posts\/1024\/revisions\/2057"}],"wp:attachment":[{"href":"https:\/\/blogg.nykoping.se\/toleransprojektet\/wp-json\/wp\/v2\/media?parent=1024"}],"wp:term":[{"taxonomy":"category","embeddable":true,"href":"https:\/\/blogg.nykoping.se\/toleransprojektet\/wp-json\/wp\/v2\/categories?post=1024"},{"taxonomy":"post_tag","embeddable":true,"href":"https:\/\/blogg.nykoping.se\/toleransprojektet\/wp-json\/wp\/v2\/tags?post=1024"}],"curies":[{"name":"wp","href":"https:\/\/api.w.org\/{rel}","templated":true}]}}