{"id":1011,"date":"2017-12-19T08:11:25","date_gmt":"2017-12-19T07:11:25","guid":{"rendered":"http:\/\/blogg.nykoping.se\/toleransprojektet\/?p=1011"},"modified":"2017-12-19T08:11:25","modified_gmt":"2017-12-19T07:11:25","slug":"brev-till-och-fran-emerich","status":"publish","type":"post","link":"https:\/\/blogg.nykoping.se\/toleransprojektet\/2017\/12\/19\/brev-till-och-fran-emerich\/","title":{"rendered":"Brev till och fr\u00e5n Emerich"},"content":{"rendered":"<p><img loading=\"lazy\" decoding=\"async\" class=\"alignnone size-full wp-image-1016\" src=\"http:\/\/blogg.nykoping.se\/toleransprojektet\/wp-content\/uploads\/sites\/51\/2017\/12\/IMG_5172.jpg\" alt=\"\" width=\"4032\" height=\"3024\" srcset=\"https:\/\/blogg.nykoping.se\/toleransprojektet\/wp-content\/uploads\/sites\/51\/2017\/12\/IMG_5172.jpg 4032w, https:\/\/blogg.nykoping.se\/toleransprojektet\/wp-content\/uploads\/sites\/51\/2017\/12\/IMG_5172-1024x768.jpg 1024w, https:\/\/blogg.nykoping.se\/toleransprojektet\/wp-content\/uploads\/sites\/51\/2017\/12\/IMG_5172-768x576.jpg 768w\" sizes=\"auto, (max-width: 4032px) 100vw, 4032px\" \/><\/p>\n<p>Under \u00f6vernattningen h\u00e4rom veckan fick eleverna i b\u00e5da grupperna se filmen om nu 93-\u00e5riga Emerich Roth och hans ber\u00e4ttelse om sina upplevelser under F\u00f6rintelsen. S\u00e5 h\u00e4r skrev n\u00e5gra av eleverna n\u00e4r de vid 22-tiden p\u00e5 kv\u00e4llen under tystnad satte sig och skrev sina brev till Emerich.<\/p>\n<p><em>Till dig Emerich<\/em><br \/>\n<em> Nu har jag sett filmen om dig. Jag kan inte fatta att du upplevt detta och \u00f6verlevt. Det \u00e4r helt sjukt att nazisterna kunde g\u00f6ra s\u00e5 mot alla er judar. Du \u00e4r v\u00e4rldens b\u00e4sta f\u00f6rebild. Jag b\u00f6rjar gr\u00e5ta av allt det hemska nazisterna har gjort mot dig. Jag kan knappt tro att det \u00e4r sant. Du \u00e4r en s\u00e5 bra m\u00e4nniska och du visade SS-m\u00e4nnen att du \u00e4r en s\u00e5 mycket b\u00e4ttre m\u00e4nniska \u00e4n dem genom att inte h\u00e4mnas. Det var s\u00e5 starkt gjort. Ha det s\u00e5 bra!<\/em><\/p>\n<p><em>Nu har jag sett filmen om dig. Jag \u00e4r helt m\u00e5ll\u00f6s. Inga ord \u00e4r tillr\u00e4ckliga f\u00f6r att beskriva detta, hur fantastisk du \u00e4r. Att du g\u00e5tt igenom allt detta men idag jobbar f\u00f6r att ingen annan ska f\u00e5 uppleva detta. Din historia \u00e4r s\u00e5 otroligt viktig. Det \u00e4r om\u00f6jligt f\u00f6r oss som inte upplevt n\u00e5got liknande att f\u00f6rst\u00e5 och s\u00e4tta oss in i din situation. Jag lovar att jag kommer att k\u00e4mpa f\u00f6r att f\u00f6ra din historia vidare, k\u00e4mpa f\u00f6r att s\u00e5 l\u00e4nge jag lever, aldrig l\u00e5ta n\u00e5got s\u00e5 fruktansv\u00e4rt ske igen. Jag ska f\u00f6ra din historia vidare och f\u00f6r alltid se upp till dig, som den starka m\u00e4nniska du \u00e4r. Jag \u00e4r otroligt \u00e4rad och priviligerad att f\u00e5 leva som jag g\u00f6r och f\u00e5 vara del av detta och att f\u00e5 skriva detta till dig. Tack f\u00f6r allt, tack f\u00f6r allt du gjort, tack f\u00f6r att du k\u00e4mpar. Du \u00e4r otrolig! Tack.<\/em><\/p>\n<p><em>Nu har jag sett filmen om dig. Det kommer m\u00e5nga tankar i mitt huvud. Hur kunde man bli s\u00e5 illa behandlad som m\u00e4nniska p\u00e5 grund av sin religion? Jag tycker om dig Emerich f\u00f6r att du har k\u00e4mpat s\u00e5 h\u00e5rt f\u00f6r att \u00f6verleva det som du har varit med om och idag lever ett bra liv och hj\u00e4lper ungdomar som har det jobbigt. Tack f\u00f6r att du finns och tack f\u00f6r din inspiration.<\/em><\/p>\n<p><em><img loading=\"lazy\" decoding=\"async\" class=\"alignnone size-full wp-image-956\" src=\"http:\/\/blogg.nykoping.se\/toleransprojektet\/wp-content\/uploads\/sites\/51\/2017\/12\/IMG_4754.jpg\" alt=\"\" width=\"4032\" height=\"3024\" srcset=\"https:\/\/blogg.nykoping.se\/toleransprojektet\/wp-content\/uploads\/sites\/51\/2017\/12\/IMG_4754.jpg 4032w, https:\/\/blogg.nykoping.se\/toleransprojektet\/wp-content\/uploads\/sites\/51\/2017\/12\/IMG_4754-1024x768.jpg 1024w, https:\/\/blogg.nykoping.se\/toleransprojektet\/wp-content\/uploads\/sites\/51\/2017\/12\/IMG_4754-768x576.jpg 768w\" sizes=\"auto, (max-width: 4032px) 100vw, 4032px\" \/><\/em><\/p>\n<p>Ett tjockt kuvert med n\u00e4stan femtio brev postades och efter bara tv\u00e5 dagar l\u00e5g ett svar och v\u00e4ntade i brevl\u00e5dan. S\u00e5 h\u00e4r skriver Emerich till eleverna i Toleransprojektet.<\/p>\n<p><em>K\u00e4ra Ungdomar!<\/em><br \/>\n<em> Jag har nu l\u00e4st era fina brev till mig. Det gl\u00e4der mig att ni tog emot\u00a0 budskapet i filmen p\u00e5 ett s\u00e5 fint s\u00e4tt. Ni inger hopp om framtiden och har verkligen \u00f6vertygat mig, att ni kommer att f\u00f6ra budskapet vidare. Jag s\u00e4ger alltid i mina f\u00f6rel\u00e4sningar, att i Sverige har vi en hel arm\u00e9 av fina ungdomar, som brinner f\u00f6r att g\u00f6ra insatser i skolan och i samh\u00e4llet. Era brev \u00e4r verkligen det b\u00e4sta beviset p\u00e5 detta.\u00a0Vi som \u00f6verlevt f\u00f6rintelsen och \u00e4nnu kan ber\u00e4tta om det vi varit med om \u00e4r bra n\u00e5gra f\u00e5 som \u00e4r kvar i livet. Vi \u00e4r i stort sett j\u00e4mngamla &#8211; sj\u00e4lv \u00e4r jag 93 &#8211; och n\u00e4r vi slutar ber\u00e4tta, s\u00e5 g\u00f6r vi det n\u00e4stan samtidigt. D\u00e4rf\u00f6r \u00e4r det s\u00e5 viktigt med ungdomar som ni, som f\u00f6rst\u00e5r vikten av att f\u00f6ra budskapet vidare s\u00e5 att kommande generationer kan l\u00e4ra n\u00e5got AV f\u00f6rintelsen och inte bara OM f\u00f6rintelsen. Jag \u00f6nskar er av hela mitt hj\u00e4rta mycket framg\u00e5ng i livet och<\/em><br \/>\n<em> En God Jul och Ett Gott Nytt \u00c5r!<\/em><\/p>\n<p><em>Varma h\u00e4lsningar<\/em><br \/>\n<em> Emerich<\/em><\/p>\n<p>Som av en tillf\u00e4llighet g\u00e5r \u00e5rets Olof Palmepris till Emerich och H\u00e9di Fried. S\u00e5 h\u00e4r s\u00e5g det ut i Dagens Nyheter 14 december.<\/p>\n<p><img loading=\"lazy\" decoding=\"async\" class=\"alignnone size-full wp-image-1014\" src=\"http:\/\/blogg.nykoping.se\/toleransprojektet\/wp-content\/uploads\/sites\/51\/2017\/12\/IMG_4999.jpg\" alt=\"\" width=\"2852\" height=\"4012\" srcset=\"https:\/\/blogg.nykoping.se\/toleransprojektet\/wp-content\/uploads\/sites\/51\/2017\/12\/IMG_4999.jpg 2852w, https:\/\/blogg.nykoping.se\/toleransprojektet\/wp-content\/uploads\/sites\/51\/2017\/12\/IMG_4999-728x1024.jpg 728w, https:\/\/blogg.nykoping.se\/toleransprojektet\/wp-content\/uploads\/sites\/51\/2017\/12\/IMG_4999-768x1080.jpg 768w\" sizes=\"auto, (max-width: 2852px) 100vw, 2852px\" \/><\/p>\n<p>En finare avslutning p\u00e5 2017 kunde eleverna i Toleransprojektet inte f\u00e5tt! Nu v\u00e4ntar ett jullov och den f\u00f6rsta tr\u00e4ffen 2018 g\u00e5r av stapeln torsdag 11 januari n\u00e4r vi tr\u00e4ffar grupp 2 f\u00f6r temat &#8221;Vi Dom&#8221;.<\/p>\n<p>Vi ledare \u00f6nskar er alla fina dagar under julhelgen och ett Gott Nytt \u00c5r! Tack f\u00f6r alla glada och peppande tillrop h\u00e4r p\u00e5 bloggen och i verkligheten. Det betyder mycket f\u00f6r oss! Allt gott!<\/p>\n<p>\/Malin, Ola och Maja<\/p>\n<p><img loading=\"lazy\" decoding=\"async\" class=\"alignnone size-full wp-image-1020\" src=\"http:\/\/blogg.nykoping.se\/toleransprojektet\/wp-content\/uploads\/sites\/51\/2017\/12\/IMG_4929.jpg\" alt=\"\" width=\"4032\" height=\"3024\" srcset=\"https:\/\/blogg.nykoping.se\/toleransprojektet\/wp-content\/uploads\/sites\/51\/2017\/12\/IMG_4929.jpg 4032w, https:\/\/blogg.nykoping.se\/toleransprojektet\/wp-content\/uploads\/sites\/51\/2017\/12\/IMG_4929-1024x768.jpg 1024w, https:\/\/blogg.nykoping.se\/toleransprojektet\/wp-content\/uploads\/sites\/51\/2017\/12\/IMG_4929-768x576.jpg 768w\" sizes=\"auto, (max-width: 4032px) 100vw, 4032px\" \/><\/p>\n<p>&nbsp;<\/p>\n","protected":false},"excerpt":{"rendered":"<p>Under \u00f6vernattningen h\u00e4rom veckan fick eleverna i b\u00e5da grupperna se filmen om nu 93-\u00e5riga Emerich Roth och hans ber\u00e4ttelse om sina upplevelser under F\u00f6rintelsen. S\u00e5 h\u00e4r skrev n\u00e5gra av eleverna n\u00e4r de vid 22-tiden p\u00e5 kv\u00e4llen under tystnad satte sig och skrev sina brev till Emerich. Till dig Emerich Nu har jag sett filmen om &hellip; <a href=\"https:\/\/blogg.nykoping.se\/toleransprojektet\/2017\/12\/19\/brev-till-och-fran-emerich\/\" class=\"more-link\">Forts\u00e4tt l\u00e4sa <span class=\"screen-reader-text\">Brev till och fr\u00e5n Emerich<\/span><\/a><\/p>\n","protected":false},"author":203,"featured_media":0,"comment_status":"open","ping_status":"open","sticky":false,"template":"","format":"standard","meta":{"footnotes":""},"categories":[1],"tags":[],"class_list":["post-1011","post","type-post","status-publish","format-standard","hentry","category-okategoriserade"],"_links":{"self":[{"href":"https:\/\/blogg.nykoping.se\/toleransprojektet\/wp-json\/wp\/v2\/posts\/1011","targetHints":{"allow":["GET"]}}],"collection":[{"href":"https:\/\/blogg.nykoping.se\/toleransprojektet\/wp-json\/wp\/v2\/posts"}],"about":[{"href":"https:\/\/blogg.nykoping.se\/toleransprojektet\/wp-json\/wp\/v2\/types\/post"}],"author":[{"embeddable":true,"href":"https:\/\/blogg.nykoping.se\/toleransprojektet\/wp-json\/wp\/v2\/users\/203"}],"replies":[{"embeddable":true,"href":"https:\/\/blogg.nykoping.se\/toleransprojektet\/wp-json\/wp\/v2\/comments?post=1011"}],"version-history":[{"count":7,"href":"https:\/\/blogg.nykoping.se\/toleransprojektet\/wp-json\/wp\/v2\/posts\/1011\/revisions"}],"predecessor-version":[{"id":1022,"href":"https:\/\/blogg.nykoping.se\/toleransprojektet\/wp-json\/wp\/v2\/posts\/1011\/revisions\/1022"}],"wp:attachment":[{"href":"https:\/\/blogg.nykoping.se\/toleransprojektet\/wp-json\/wp\/v2\/media?parent=1011"}],"wp:term":[{"taxonomy":"category","embeddable":true,"href":"https:\/\/blogg.nykoping.se\/toleransprojektet\/wp-json\/wp\/v2\/categories?post=1011"},{"taxonomy":"post_tag","embeddable":true,"href":"https:\/\/blogg.nykoping.se\/toleransprojektet\/wp-json\/wp\/v2\/tags?post=1011"}],"curies":[{"name":"wp","href":"https:\/\/api.w.org\/{rel}","templated":true}]}}