{"id":956,"date":"2025-04-13T14:56:00","date_gmt":"2025-04-13T12:56:00","guid":{"rendered":"https:\/\/blogg.nykoping.se\/lundagarden\/?p=956"},"modified":"2025-04-13T14:56:01","modified_gmt":"2025-04-13T12:56:01","slug":"forberedelser-infor-paskhelgen","status":"publish","type":"post","link":"https:\/\/blogg.nykoping.se\/lundagarden\/2025\/04\/13\/forberedelser-infor-paskhelgen\/","title":{"rendered":"F\u00f6rberedelser inf\u00f6r p\u00e5skhelgen."},"content":{"rendered":"\n<p>Promenader och fika i f\u00f6rsommar v\u00e4dret som har varit i helgen. Mycket uppskattat.<\/p>\n\n\n\n<figure class=\"wp-block-image size-large\"><img loading=\"lazy\" decoding=\"async\" width=\"768\" height=\"1024\" src=\"https:\/\/blogg.nykoping.se\/lundagarden\/wp-content\/uploads\/sites\/74\/2025\/04\/1000005590-768x1024.jpg\" alt=\"\" class=\"wp-image-957\" srcset=\"https:\/\/blogg.nykoping.se\/lundagarden\/wp-content\/uploads\/sites\/74\/2025\/04\/1000005590-768x1024.jpg 768w, https:\/\/blogg.nykoping.se\/lundagarden\/wp-content\/uploads\/sites\/74\/2025\/04\/1000005590-225x300.jpg 225w, https:\/\/blogg.nykoping.se\/lundagarden\/wp-content\/uploads\/sites\/74\/2025\/04\/1000005590-1152x1536.jpg 1152w, https:\/\/blogg.nykoping.se\/lundagarden\/wp-content\/uploads\/sites\/74\/2025\/04\/1000005590-1536x2048.jpg 1536w, https:\/\/blogg.nykoping.se\/lundagarden\/wp-content\/uploads\/sites\/74\/2025\/04\/1000005590-scaled.jpg 1920w\" sizes=\"auto, (max-width: 768px) 100vw, 768px\" \/><\/figure>\n\n\n\n<figure class=\"wp-block-image size-large\"><img loading=\"lazy\" decoding=\"async\" width=\"768\" height=\"1024\" src=\"https:\/\/blogg.nykoping.se\/lundagarden\/wp-content\/uploads\/sites\/74\/2025\/04\/1000005593-768x1024.jpg\" alt=\"\" class=\"wp-image-958\" srcset=\"https:\/\/blogg.nykoping.se\/lundagarden\/wp-content\/uploads\/sites\/74\/2025\/04\/1000005593-768x1024.jpg 768w, https:\/\/blogg.nykoping.se\/lundagarden\/wp-content\/uploads\/sites\/74\/2025\/04\/1000005593-225x300.jpg 225w, https:\/\/blogg.nykoping.se\/lundagarden\/wp-content\/uploads\/sites\/74\/2025\/04\/1000005593-1152x1536.jpg 1152w, https:\/\/blogg.nykoping.se\/lundagarden\/wp-content\/uploads\/sites\/74\/2025\/04\/1000005593-1536x2048.jpg 1536w, https:\/\/blogg.nykoping.se\/lundagarden\/wp-content\/uploads\/sites\/74\/2025\/04\/1000005593-scaled.jpg 1920w\" sizes=\"auto, (max-width: 768px) 100vw, 768px\" \/><\/figure>\n","protected":false},"excerpt":{"rendered":"<p>Promenader och fika i f\u00f6rsommar v\u00e4dret som har varit i helgen. Mycket uppskattat.<\/p>\n","protected":false},"author":422,"featured_media":0,"comment_status":"open","ping_status":"open","sticky":false,"template":"","format":"standard","meta":{"footnotes":""},"categories":[1,7],"tags":[],"class_list":["post-956","post","type-post","status-publish","format-standard","hentry","category-avdelning","category-hyttan"],"_links":{"self":[{"href":"https:\/\/blogg.nykoping.se\/lundagarden\/wp-json\/wp\/v2\/posts\/956","targetHints":{"allow":["GET"]}}],"collection":[{"href":"https:\/\/blogg.nykoping.se\/lundagarden\/wp-json\/wp\/v2\/posts"}],"about":[{"href":"https:\/\/blogg.nykoping.se\/lundagarden\/wp-json\/wp\/v2\/types\/post"}],"author":[{"embeddable":true,"href":"https:\/\/blogg.nykoping.se\/lundagarden\/wp-json\/wp\/v2\/users\/422"}],"replies":[{"embeddable":true,"href":"https:\/\/blogg.nykoping.se\/lundagarden\/wp-json\/wp\/v2\/comments?post=956"}],"version-history":[{"count":1,"href":"https:\/\/blogg.nykoping.se\/lundagarden\/wp-json\/wp\/v2\/posts\/956\/revisions"}],"predecessor-version":[{"id":959,"href":"https:\/\/blogg.nykoping.se\/lundagarden\/wp-json\/wp\/v2\/posts\/956\/revisions\/959"}],"wp:attachment":[{"href":"https:\/\/blogg.nykoping.se\/lundagarden\/wp-json\/wp\/v2\/media?parent=956"}],"wp:term":[{"taxonomy":"category","embeddable":true,"href":"https:\/\/blogg.nykoping.se\/lundagarden\/wp-json\/wp\/v2\/categories?post=956"},{"taxonomy":"post_tag","embeddable":true,"href":"https:\/\/blogg.nykoping.se\/lundagarden\/wp-json\/wp\/v2\/tags?post=956"}],"curies":[{"name":"wp","href":"https:\/\/api.w.org\/{rel}","templated":true}]}}